{"id":94043,"date":"2025-11-22T19:12:40","date_gmt":"2025-11-22T19:12:40","guid":{"rendered":"https:\/\/www.europesays.com\/no\/94043\/"},"modified":"2025-11-22T19:12:40","modified_gmt":"2025-11-22T19:12:40","slug":"hans-christian-holte-matte-ga-av-som-nav-sjef-jeg-kjenner-pa-en-stor-skuffelse","status":"publish","type":"post","link":"https:\/\/www.europesays.com\/no\/94043\/","title":{"rendered":"Hans Christian Holte m\u00e5tte g\u00e5 av som Nav-sjef. \u2013 Jeg kjenner p\u00e5 en stor skuffelse"},"content":{"rendered":"<p><img decoding=\"async\" class=\"image-asset hyperion-css-zyh6rl\" data-test-tag=\"image-asset\" src=\"https:\/\/www.europesays.com\/no\/wp-content\/uploads\/2025\/11\/cd2445f8-4cf3-45b0-8027-c12487ce2f0f\"  alt=\"\"  fetchpriority=\"auto\" style=\"aspect-ratio:2048 \/ 2048\"\/><\/p>\n<p class=\"intro-lead\">Hans Christian Holte (60) mener han har hatt ansvaret for mer alvorlige feil enn den han fikk sparken for i Nav.ap-feature-arrow<\/p>\n<p>Publisert: 21.11.2025 12:23<\/p>\n<p class=\"paywall hyperion-css-1j42uic\">Det banker p\u00e5 d\u00f8ren. Hans Christian Holte (60) reiser seg og g\u00e5r mot entreen mens han mumler: \u00abHvem kan dette v\u00e6re?\u00bb<\/p>\n<p class=\"paywall hyperion-css-1j42uic\">Det er to dager siden han fikk sparken som Nav-direkt\u00f8r. Den fulle kalenderen er lagt bort. Det er stille dager i enderekkehuset langs Akerselva.<\/p>\n<p class=\"paywall hyperion-css-1j42uic\">\u00abJeg ville bare stikke innom for \u00e5 h\u00f8re om det g\u00e5r bra\u00bb, sier en mannsstemme utenfor.<\/p>\n<p class=\"paywall hyperion-css-1j42uic\">\u00abJa, jo,\u00bb sier Holte. \u00abDet g\u00e5r &#8230; det g\u00e5r bra, alts\u00e5. Men det er noen t\u00f8ffe og intense dager.\u00bb<\/p>\n<p class=\"paywall hyperion-css-1j42uic\">\u00abSi fra n\u00e5r du er ledig, s\u00e5 tar vi en kaffe\u00bb, sier mannen.<\/p>\n<p class=\"paywall hyperion-css-1j42uic\">\u00abGjerne, jeg er jo stort sett ledig, n\u00e5,\u00bb sier Holte, lukker d\u00f8ren og setter seg.<\/p>\n<p class=\"paywall hyperion-css-1j42uic\">\u2013 Var det en nabo?<\/p>\n<p class=\"paywall hyperion-css-1j42uic\">Hans Christian Holte nikker. Svelger.<\/p>\n<p class=\"paywall hyperion-css-1j42uic\">\u2013 Ja. Jeg kjenner at jeg blir r\u00f8rt av s\u00e5nt.<\/p>\n<p class=\"hyperion-css-1qm9e9t\">Les hele saken med abonnement<\/p>\n<p>Allerede abonnent? Logg inn<\/p>\n","protected":false},"excerpt":{"rendered":"Hans Christian Holte (60) mener han har hatt ansvaret for mer alvorlige feil enn den han fikk sparken&hellip;\n","protected":false},"author":2,"featured_media":94044,"comment_status":"","ping_status":"","sticky":false,"template":"","format":"standard","meta":{"footnotes":""},"categories":[5],"tags":[20,21,24,25,15,19,22,23,17,18,13,30,28,29,14,16,26,27],"class_list":{"0":"post-94043","1":"post","2":"type-post","3":"status-publish","4":"format-standard","5":"has-post-thumbnail","7":"category-overskrifter","8":"tag-breaking-news","9":"tag-breakingnews","10":"tag-featured-news","11":"tag-featurednews","12":"tag-headlines","13":"tag-hovedoppslag","14":"tag-latest-news","15":"tag-latestnews","16":"tag-main-news","17":"tag-mainnews","18":"tag-news","19":"tag-no","20":"tag-norge","21":"tag-norway","22":"tag-nyheter","23":"tag-overskrifter","24":"tag-top-stories","25":"tag-topstories"},"share_on_mastodon":{"url":"https:\/\/pubeurope.com\/@no\/115594942561462368","error":""},"_links":{"self":[{"href":"https:\/\/www.europesays.com\/no\/wp-json\/wp\/v2\/posts\/94043","targetHints":{"allow":["GET"]}}],"collection":[{"href":"https:\/\/www.europesays.com\/no\/wp-json\/wp\/v2\/posts"}],"about":[{"href":"https:\/\/www.europesays.com\/no\/wp-json\/wp\/v2\/types\/post"}],"author":[{"embeddable":true,"href":"https:\/\/www.europesays.com\/no\/wp-json\/wp\/v2\/users\/2"}],"replies":[{"embeddable":true,"href":"https:\/\/www.europesays.com\/no\/wp-json\/wp\/v2\/comments?post=94043"}],"version-history":[{"count":0,"href":"https:\/\/www.europesays.com\/no\/wp-json\/wp\/v2\/posts\/94043\/revisions"}],"wp:featuredmedia":[{"embeddable":true,"href":"https:\/\/www.europesays.com\/no\/wp-json\/wp\/v2\/media\/94044"}],"wp:attachment":[{"href":"https:\/\/www.europesays.com\/no\/wp-json\/wp\/v2\/media?parent=94043"}],"wp:term":[{"taxonomy":"category","embeddable":true,"href":"https:\/\/www.europesays.com\/no\/wp-json\/wp\/v2\/categories?post=94043"},{"taxonomy":"post_tag","embeddable":true,"href":"https:\/\/www.europesays.com\/no\/wp-json\/wp\/v2\/tags?post=94043"}],"curies":[{"name":"wp","href":"https:\/\/api.w.org\/{rel}","templated":true}]}}