{"id":94051,"date":"2025-11-22T19:20:22","date_gmt":"2025-11-22T19:20:22","guid":{"rendered":"https:\/\/www.europesays.com\/no\/94051\/"},"modified":"2025-11-22T19:20:22","modified_gmt":"2025-11-22T19:20:22","slug":"rbk-kapteinen-avslorer-min-lille-hemmelighet","status":"publish","type":"post","link":"https:\/\/www.europesays.com\/no\/94051\/","title":{"rendered":"RBK-kapteinen avsl\u00f8rer: &#8211; Min lille hemmelighet"},"content":{"rendered":"<p>        Saken oppsummert<\/p>\n<ul lang=\"nb-NO\">\n<li>Kristine Leine, RBK-kaptein, avsl\u00f8rer at hun er gravid. Det betyr at hun ikke spiller cupfinalen mot V\u00e5lerenga. <\/li>\n<li>Hun har holdt graviditeten hemmelig i tre m\u00e5neder, men n\u00e5 deler hun nyheten med glede. <\/li>\n<li>Leine og samboeren flytter til \u00c5lesund, og hun vurderer fremtiden sin som fotballspiller.<\/li>\n<\/ul>\n<p class=\"italic ai-disclaimer\" data-lab-italic=\"italic\">Oppsummeringen er laget med kunstig intelligens (KI) fra OpenAI. Innholdet er kvalitetssikret av TV 2s journalister. <a target=\"_blank\" href=\"https:\/\/hjelp.tv2.no\/info\/artikkel\/slik-jobber-vi-med-ki-i-tv-2\" title=\"Les om hvordan vi jobber med KI\" rel=\"nofollow noopener\">Les om hvordan vi jobber med KI<\/a><\/p>\n<p>I en \u00e5rrekke har Kristine Leine v\u00e6rt RBKs bauta i midtforsvaret.\u00a0<\/p>\n<p>Det blir hun ikke p\u00e5 s\u00f8ndag.\u00a0<\/p>\n<p>N\u00e5 avsl\u00f8rer hun nemlig at cupfinalen mot V\u00e5lerenga ryker.\u00a0<\/p>\n<p class=\"bold m-bold\" data-lab-font_weight=\"bold\">\u2013 Jeg er gravid. N\u00e5 har jeg n\u00e5dd tre m\u00e5neder, og f\u00f8ler meg komfortabel med \u00e5 dele det. Det er veldig hyggelig, sier Leine til TV 2.\u00a0<\/p>\n<p>For f\u00f8rste gang \u00e5pner 29-\u00e5ringen opp om et tema hun har gruet seg litt til \u00e5 snakke om.\u00a0<\/p>\n<p>I tillegg avsl\u00f8rer Leine at fotballkarrieren kan g\u00e5 mot slutten.\u00a0<\/p>\n<p>\u2013 Min lille hemmelighet\u00a0<\/p>\n<p>B\u00e5de Leine og samboeren har over en lengre periode \u00f8nsket \u00e5 utvide familien.\u00a0<\/p>\n<p>At det skjer n\u00e5 er ikke tilfeldig.\u00a0<\/p>\n<p>\u2013 Det er en god blanding. Jeg begynner \u00e5 bli eldre, selv om jeg fortsatt f\u00f8ler meg ung. Denne sesongen har ikke blitt som jeg hadde \u00f8nsket at den skulle bli, s\u00e5 da ble dette eventuelt en fin grunn til \u00e5 gi seg, innr\u00f8mmer Leine.\u00a0<\/p>\n<p>        <img class=\"image__img lazyload\" itemprop=\"image\" title=\"Foto: Per-Atle \/ TV 2\" alt=\"PLANLAGT: 29-\u00e5ringen kan avsl\u00f8re at graviditeten er planlagt. Det betyr ogs\u00e5 at fotballfremtiden er usikker. Foto: Per-Atle \/ TV 2\" width=\"675\" height=\"453\" bad-src=\"https:\/\/www.europesays.com\/no\/wp-content\/uploads\/2025\/11\/18312054.webp\" fetchpriority=\"auto\" \/><\/p>\n<p>      PLANLAGT: 29-\u00e5ringen kan avsl\u00f8re at graviditeten er planlagt. Det betyr ogs\u00e5 at fotballfremtiden er usikker.<br \/>\n         Foto: Per-Atle \/ TV 2<\/p>\n<p>I flere m\u00e5neder har hun pr\u00f8vd \u00e5 holde graviditeten skjult for sine lagvenninner og holde fokus p\u00e5 fotballen.\u00a0<\/p>\n<p>At hun n\u00e5 sprekker bobla synes hun er litt skummelt.\u00a0<\/p>\n<p class=\"bold m-bold\" data-lab-font_weight=\"bold\">\u2013 Ja, veldig, fordi det f\u00f8les veldig fjernt og voksent ut. Det blir mer og mer ekte, men n\u00e5r man har holdt det skjult i nesten tre m\u00e5neder, s\u00e5 har man ogs\u00e5 blitt vant til at det er min lille hemmelighet, sier hun og utdyper:\u00a0<\/p>\n<p>\u2013 Jeg har oppf\u00f8rt meg som vanlig p\u00e5 trening, men det er veldig hyggelig \u00e5 kunne fortelle det til familie og venner som blir s\u00e5 utrolig glad p\u00e5 v\u00e5re vegne. Det er en veldig stor glede, men ogs\u00e5 veldig rart \u00e5 si det h\u00f8yt.\u00a0<\/p>\n<p class=\"italic m-italic\" data-lab-italic=\"italic\">\u2013 Hvordan ble beskjeden mottatt p\u00e5 Koteng?\u00a0<\/p>\n<p>\u2013 Alle var veldig glade p\u00e5 mine og Henrik sine vegne. Noen har nok tenkt at det var litt ugler i mosen, siden jeg har v\u00e6rt litt syk p\u00e5 trening og litt s\u00e5nt. Men det var utelukkende positive reaksjoner.\u00a0<\/p>\n<p>        <img class=\"image__img lazyload\" itemprop=\"image\" title=\"Foto: Per-Atle Karlsen \/ TV 2\" alt=\"AVSL\u00d8RTE HEMMELIGHETEN: Det ble god stemning p\u00e5 Koteng, da Kristine Leine avsl\u00f8rte at hun var gravid. Foto: Per-Atle Karlsen \/ TV 2\" width=\"675\" height=\"453\" bad-src=\"https:\/\/www.europesays.com\/no\/wp-content\/uploads\/2025\/11\/18312061.webp\" fetchpriority=\"auto\" \/><\/p>\n<p>      AVSL\u00d8RTE HEMMELIGHETEN: Det ble god stemning p\u00e5 Koteng, da Kristine Leine avsl\u00f8rte at hun var gravid.<br \/>\n         Foto: Per-Atle Karlsen \/ TV 2<\/p>\n<p>Forlater Trondheim\u00a0<\/p>\n<p>Leine er fortsatt ikke sikker p\u00e5 om familiefor\u00f8kelsen betyr at hun er ferdig som fotballspiller.\u00a0<\/p>\n<p>Kontrakten med Rosenborg strekker seg ut 2026-sesongen, men allerede n\u00e5 pakker hun og samboeren flyttelasset og flytter til \u00c5lesund.\u00a0<\/p>\n<p>\u2013 Jeg er litt usikker p\u00e5 hva jeg kommer til \u00e5 gj\u00f8re. Man f\u00e5r\u00a0ta det litt som det kommer. Man vet aldri hvordan kroppen reagerer etter en graviditet og en f\u00f8dsel, eller hvordan det blir, sier hun.\u00a0<\/p>\n<p>        <img class=\"image__img lazyload\" itemprop=\"image\" title=\"Foto: Amanda Pedersen Giske \/ NTB\" alt=\"FERDIG? Kristine Leine er usikker p\u00e5 om hun skal fortsette med fotballen eller ikke. Foto: Amanda Pedersen Giske \/ NTB\" width=\"675\" height=\"453\" bad-src=\"https:\/\/www.europesays.com\/no\/wp-content\/uploads\/2025\/11\/18312141.webp\" fetchpriority=\"auto\" \/><\/p>\n<p>      FERDIG? Kristine Leine er usikker p\u00e5 om hun skal fortsette med fotballen eller ikke.<br \/>\n         Foto: Amanda Pedersen Giske \/ NTB<\/p>\n<p class=\"italic m-italic\" data-lab-italic=\"italic\">\u2013 Men du flytter til \u00c5lesund. Vil det si at du er ferdig i RBK uansett?\u00a0<\/p>\n<p>\u2013 Det vil i alle fall si at jeg ikke bor i Trondheim neste \u00e5r, sier Leine.\u00a0<\/p>\n<p>Tanken p\u00e5 at hun, etter en karriere i blant annet England, Rosenborg og p\u00e5 landslaget, kan v\u00e6re ferdig med fotballen setter i gang noen f\u00f8lelser.\u00a0<\/p>\n<p>\u2013 Det er litt vemodig og litt rart \u00e5 tenke p\u00e5. Samtidig har jeg v\u00e6rt litt forberedt p\u00e5 det. Det har v\u00e6rt planlagt og veldig \u00f8nsket \u00e5 f\u00e5 et barn. Jeg f\u00f8ler at jeg har hatt en fin karriere s\u00e5 langt, og om det skulle vise seg \u00e5 v\u00e6re slutten s\u00e5 er det greit, sier 29-\u00e5ringen.\u00a0<\/p>\n<p>Vurderte cupfinalen\u00a0<\/p>\n<p>Det betyr uansett at Leine m\u00e5 overv\u00e6re s\u00f8ndagens cupfinale fra tribuneplass \u2013 som hun ogs\u00e5 gjorde i 2023.\u00a0<\/p>\n<p>        <img class=\"image__img lazyload\" itemprop=\"image\" title=\"Foto: Annika Byrde \/ NTB\" alt=\"CUPMESTER: En korsb\u00e5ndskadet Kristine Leine gikk glipp av RBKs cupfinale i 2023. Foto: Annika Byrde \/ NTB\" width=\"675\" height=\"453\" bad-src=\"https:\/\/www.europesays.com\/no\/wp-content\/uploads\/2025\/11\/18312145.webp\" fetchpriority=\"auto\" \/><\/p>\n<p>      CUPMESTER: En korsb\u00e5ndskadet Kristine Leine gikk glipp av RBKs cupfinale i 2023.<br \/>\n         Foto: Annika Byrde \/ NTB<\/p>\n<p>\u2013 Det er en litt mer hyggelig grunn n\u00e5, s\u00e5 det g\u00e5r veldig fint, smiler hun.\u00a0<\/p>\n<p>Samtidig innr\u00f8mmer stopperen at hun har vurdert \u00e5 melde seg kampklar.\u00a0<\/p>\n<p class=\"bold m-bold\" data-lab-font_weight=\"bold\">\u2013 Jeg har vurdert \u00e5 spille, og jeg kunne ha vurdert og pushet det om jeg var enda mer i kampform. S\u00e5nn som den siste tiden har v\u00e6rt har jeg f\u00f8lt at det har v\u00e6rt like greit \u00e5 gi seg og ta vare p\u00e5 kroppen, sier hun.\u00a0<\/p>\n<p>P\u00e5 cupfinale skal hun imidlertid uansett.\u00a0<\/p>\n<p>        <img class=\"image__img lazyload\" itemprop=\"image\" title=\"Foto: Per-Atle Karlsen \/ TV 2\" alt=\"STOR STAS: Selv om Leine har st\u00e5tt over en cupfinale tidligere, er det langt enklere \u00e5 gj\u00f8re det denne gangen. Foto: Per-Atle Karlsen \/ TV 2\" width=\"675\" height=\"453\" bad-src=\"https:\/\/www.europesays.com\/no\/wp-content\/uploads\/2025\/11\/18312128.webp\" fetchpriority=\"auto\" \/><\/p>\n<p>      STOR STAS: Selv om Leine har st\u00e5tt over en cupfinale tidligere, er det langt enklere \u00e5 gj\u00f8re det denne gangen.<br \/>\n         Foto: Per-Atle Karlsen \/ TV 2<\/p>\n<p>\u2013 Jeg skal v\u00e6re med. Jeg skal sitte p\u00e5 tribunen, bli med p\u00e5 banketten og forh\u00e5pentligvis f\u00e5r vi festet, smiler hun.\u00a0<\/p>\n<p>S\u00e5 vil tiden vise om den tidligere landslagsspilleren f\u00e5r en ny mulighet p\u00e5 Ullevaal \u2013 i Rosenborg \u2013 eller p\u00e5 en helt annen arena.\u00a0<\/p>\n<p>\u2013 Jeg driver og fullf\u00f8rer en bachelor i ledelse og markedsf\u00f8ring n\u00e5, s\u00e5 det kan jo v\u00e6re et yrke jeg vil tre inn i. Det hadde v\u00e6rt kult \u00e5 jobbe i en fotballklubb, for eksempel. Jeg synes faget markedsf\u00f8ring er veldig spennende, s\u00e5 jeg tror det er litt den retningen jeg g\u00e5r for, avslutter RBK-kapteinen.\u00a0<\/p>\n","protected":false},"excerpt":{"rendered":"Saken oppsummert Kristine Leine, RBK-kaptein, avsl\u00f8rer at hun er gravid. Det betyr at hun ikke spiller cupfinalen mot&hellip;\n","protected":false},"author":2,"featured_media":94052,"comment_status":"","ping_status":"","sticky":false,"template":"","format":"standard","meta":{"footnotes":""},"categories":[59],"tags":[30,28,29,83,82],"class_list":{"0":"post-94051","1":"post","2":"type-post","3":"status-publish","4":"format-standard","5":"has-post-thumbnail","7":"category-sport","8":"tag-no","9":"tag-norge","10":"tag-norway","11":"tag-sport","12":"tag-sports"},"share_on_mastodon":{"url":"https:\/\/pubeurope.com\/@no\/115594973886681689","error":""},"_links":{"self":[{"href":"https:\/\/www.europesays.com\/no\/wp-json\/wp\/v2\/posts\/94051","targetHints":{"allow":["GET"]}}],"collection":[{"href":"https:\/\/www.europesays.com\/no\/wp-json\/wp\/v2\/posts"}],"about":[{"href":"https:\/\/www.europesays.com\/no\/wp-json\/wp\/v2\/types\/post"}],"author":[{"embeddable":true,"href":"https:\/\/www.europesays.com\/no\/wp-json\/wp\/v2\/users\/2"}],"replies":[{"embeddable":true,"href":"https:\/\/www.europesays.com\/no\/wp-json\/wp\/v2\/comments?post=94051"}],"version-history":[{"count":0,"href":"https:\/\/www.europesays.com\/no\/wp-json\/wp\/v2\/posts\/94051\/revisions"}],"wp:featuredmedia":[{"embeddable":true,"href":"https:\/\/www.europesays.com\/no\/wp-json\/wp\/v2\/media\/94052"}],"wp:attachment":[{"href":"https:\/\/www.europesays.com\/no\/wp-json\/wp\/v2\/media?parent=94051"}],"wp:term":[{"taxonomy":"category","embeddable":true,"href":"https:\/\/www.europesays.com\/no\/wp-json\/wp\/v2\/categories?post=94051"},{"taxonomy":"post_tag","embeddable":true,"href":"https:\/\/www.europesays.com\/no\/wp-json\/wp\/v2\/tags?post=94051"}],"curies":[{"name":"wp","href":"https:\/\/api.w.org\/{rel}","templated":true}]}}