{"id":94062,"date":"2025-11-22T19:34:13","date_gmt":"2025-11-22T19:34:13","guid":{"rendered":"https:\/\/www.europesays.com\/no\/94062\/"},"modified":"2025-11-22T19:34:13","modified_gmt":"2025-11-22T19:34:13","slug":"brann-tapte-terreng-i-bronsekampen","status":"publish","type":"post","link":"https:\/\/www.europesays.com\/no\/94062\/","title":{"rendered":"Brann tapte terreng i bronsekampen:"},"content":{"rendered":"<p>Saken oppdateres!<\/p>\n<p class=\"bold m-bold\" data-lab-font_weight=\"bold\">\u2013 \u00c5rets verste Brann-kamp og Brann-omgang er et faktum.\u00a0<\/p>\n<p>Det var dommen til ekspertkommentator Jesper Mathisen da Moldes fjerde scoring suste inn i nettet p\u00e5 overtid.<\/p>\n<p>For med et knusende tap mot Molde p\u00e5 Aker Stadion er bergenserne n\u00e5 poenget bak TIL p\u00e5 tabellen.\u00a0<\/p>\n<p>\u2013 Det er pissing. Det er artig \u00e5 f\u00e5 en s\u00e5nn opplevelse, vi er effektive og scorer fire m\u00e5l. Det er utrolig kjekt, sier kampens store spiller Emil Breivik til TV 2 etter kampen.\u00a0<\/p>\n<p>        <img class=\"image__img lazyload\" itemprop=\"image\" title=\"Foto: Svein Ove Ekornesv\u00e5g \/ NTB\" alt=\"TUNGT: Brann-kaptein Japhet Sery Larsen fikk en tung dag p\u00e5 jobben. Foto: Svein Ove Ekornesv\u00e5g \/ NTB\" width=\"675\" height=\"379\" bad-src=\"https:\/\/www.europesays.com\/no\/wp-content\/uploads\/2025\/11\/18315082.webp\" fetchpriority=\"auto\" \/><\/p>\n<p>      TUNGT: Brann-kaptein Japhet Sery Larsen fikk en tung dag p\u00e5 jobben.<br \/>\n         Foto: Svein Ove Ekornesv\u00e5g \/ NTB<\/p>\n<p>Tapet f\u00f8yer seg inn i en skrekkelig rekke for Brann.<\/p>\n<p class=\"bold m-bold\" data-lab-font_weight=\"bold\">Ett poeng p\u00e5 de siste fire seriekampene er fasiten.\u00a0<\/p>\n<p>\u2013 Forbanna<\/p>\n<p data-lab-font_weight=\"\">\u2013 Vi henger ikke sammen. Vi dominerer f\u00f8rsteomgang og skal score hvert fall ett eller to m\u00e5l. Vi starter godt i andreomgang, men etter det f\u00f8rste m\u00e5let, s\u00e5 ser vi ikke ut som et fotballag, sier en sv\u00e6rt skuffet Brann-trener Freyr Alexandersson til TV 2.<\/p>\n<p data-lab-font_weight=\"\">\u2013 Vi ser ut som et amat\u00f8rlag i andre omgang. Jeg er s\u00e5 frustrert og s\u00e5 forbanna over det her.<\/p>\n<p data-lab-font_weight=\"\" class=\"italic m-italic\" data-lab-italic=\"italic\">\u2013 Hva sier du til gutta i garderoben?<\/p>\n<p data-lab-font_weight=\"\">\u2013 Mange ting. Veldig mange ting som ikke egner seg p\u00e5 TV, sier Brann-sjefen.<\/p>\n<p>        <img class=\"image__img lazyload\" itemprop=\"image\" title=\"Foto: Paul S. Amundsen \/ NTB\" alt=\"Freyr Alexandersson. Foto: Paul S. Amundsen \/ NTB\" width=\"675\" height=\"379\" bad-src=\"https:\/\/www.europesays.com\/no\/wp-content\/uploads\/2025\/11\/18315242.webp\" fetchpriority=\"auto\" \/><\/p>\n<p>      Freyr Alexandersson.<br \/>\n         Foto: Paul S. Amundsen \/ NTB<\/p>\n<p data-lab-font_weight=\"\">\u2013 Jeg har v\u00e6rt i Brann i lang tid og tror dette er noe av det verste jeg har v\u00e6rt med p\u00e5, konstaterer Brann-kaptein\u00a0Japhet Sery Larsen.<\/p>\n<p>Vill andreomgang<\/p>\n<p>Etter en m\u00e5ll\u00f8s f\u00f8rsteomgang, med flere gode sjanser til begge lag, skulle moldenserne og Breivik ta ordentlig tak etter hvilen.\u00a0<\/p>\n<p>25-\u00e5ringen fors\u00f8kte \u00e5 spille gjennom forsvarsleddet, men etter en blokkering pr\u00f8vde han like s\u00e5 godt lykken selv.\u00a0<\/p>\n<p>Ballen f\u00f8yk opp i nettaket bak Mathias Dyngeland.<\/p>\n<p>Elleve minutter senere skulle Breivik ta p\u00e5 seg servit\u00f8rrollen i et lekkert Molde-angrep.\u00a0<\/p>\n<p>Oskar Spiten-Nys\u00e6ter fikk muligheten inni 16-meteren og kunne plassere inn Moldes nummer to.<\/p>\n<p class=\"bold m-bold\" data-lab-font_weight=\"bold\">\u2013 Brann blir utspilt, Brann blir rundspilt! Brann er i kjempetr\u00f8bbel med tanke p\u00e5 medalje, utbr\u00f8t ekspertkommentator Mathisen.<\/p>\n<p data-lab-font_weight=\"\">Men hjemmelaget ville ikke stoppe der.\u00a0<\/p>\n<p data-lab-font_weight=\"\">Et hardt flatt innlegg fra Samuele Kabini ble for vanskelig kost for Dyngeland, som m\u00e5tte se ballen glippe i hendene hans.<\/p>\n<p data-lab-font_weight=\"\">\u2013 Det er vondt \u00e5 se keepere gj\u00f8re s\u00e5 store tabber. Mathias Dyngeland har dessverre hatt en del av dem i \u00e5rets sesong, sa ekspertkommentatoren.\u00a0<\/p>\n<p data-lab-font_weight=\"\">Mot Bryne tidligere i november m\u00e5tte keeperen ta mye av skylda for scoringene Brann slapp inn.\u00a0<\/p>\n<p data-lab-font_weight=\"\">Moldes Sondre Granaas satte prikken over i-en med sin overtidsscoring.<\/p>\n<p data-lab-font_weight=\"\">\u2013 Andreomgangen er kanskje \u00e5rsbeste, sier Molde-trener Magne Hoseth.\u00a0<\/p>\n<p data-lab-font_weight=\"\">Igjen reiser sp\u00f8rsm\u00e5let seg om Hoseth kan v\u00e6re riktig mann for \u00e5 bli hovedtrener neste sesong.<\/p>\n<p data-lab-font_weight=\"\">\u2013 Jeg er lojal med tanke p\u00e5 klubben. Det de bestemmer, det gj\u00f8r jeg. Jeg har aldri lagt skjul p\u00e5 at \u00e5 trene Molde er min store dr\u00f8m. Men uansett hva som skjer, s\u00e5 er jeg lojal, fortsetter Hoseth.<\/p>\n<p data-lab-font_weight=\"\">Brann m\u00f8ter HamKam hjemme i siste serierunde, mens Troms\u00f8 vil med seier over Kristiansund v\u00e6re sikret tredjeplassen og kvalifisering til Europa League.<\/p>\n","protected":false},"excerpt":{"rendered":"Saken oppdateres! \u2013 \u00c5rets verste Brann-kamp og Brann-omgang er et faktum.\u00a0 Det var dommen til ekspertkommentator Jesper Mathisen&hellip;\n","protected":false},"author":2,"featured_media":94063,"comment_status":"","ping_status":"","sticky":false,"template":"","format":"standard","meta":{"footnotes":""},"categories":[5],"tags":[20,21,24,25,15,19,22,23,17,18,13,30,28,29,14,16,26,27],"class_list":{"0":"post-94062","1":"post","2":"type-post","3":"status-publish","4":"format-standard","5":"has-post-thumbnail","7":"category-overskrifter","8":"tag-breaking-news","9":"tag-breakingnews","10":"tag-featured-news","11":"tag-featurednews","12":"tag-headlines","13":"tag-hovedoppslag","14":"tag-latest-news","15":"tag-latestnews","16":"tag-main-news","17":"tag-mainnews","18":"tag-news","19":"tag-no","20":"tag-norge","21":"tag-norway","22":"tag-nyheter","23":"tag-overskrifter","24":"tag-top-stories","25":"tag-topstories"},"share_on_mastodon":{"url":"https:\/\/pubeurope.com\/@no\/115595028993756012","error":""},"_links":{"self":[{"href":"https:\/\/www.europesays.com\/no\/wp-json\/wp\/v2\/posts\/94062","targetHints":{"allow":["GET"]}}],"collection":[{"href":"https:\/\/www.europesays.com\/no\/wp-json\/wp\/v2\/posts"}],"about":[{"href":"https:\/\/www.europesays.com\/no\/wp-json\/wp\/v2\/types\/post"}],"author":[{"embeddable":true,"href":"https:\/\/www.europesays.com\/no\/wp-json\/wp\/v2\/users\/2"}],"replies":[{"embeddable":true,"href":"https:\/\/www.europesays.com\/no\/wp-json\/wp\/v2\/comments?post=94062"}],"version-history":[{"count":0,"href":"https:\/\/www.europesays.com\/no\/wp-json\/wp\/v2\/posts\/94062\/revisions"}],"wp:featuredmedia":[{"embeddable":true,"href":"https:\/\/www.europesays.com\/no\/wp-json\/wp\/v2\/media\/94063"}],"wp:attachment":[{"href":"https:\/\/www.europesays.com\/no\/wp-json\/wp\/v2\/media?parent=94062"}],"wp:term":[{"taxonomy":"category","embeddable":true,"href":"https:\/\/www.europesays.com\/no\/wp-json\/wp\/v2\/categories?post=94062"},{"taxonomy":"post_tag","embeddable":true,"href":"https:\/\/www.europesays.com\/no\/wp-json\/wp\/v2\/tags?post=94062"}],"curies":[{"name":"wp","href":"https:\/\/api.w.org\/{rel}","templated":true}]}}