{"id":94074,"date":"2025-11-22T19:50:09","date_gmt":"2025-11-22T19:50:09","guid":{"rendered":"https:\/\/www.europesays.com\/no\/94074\/"},"modified":"2025-11-22T19:50:09","modified_gmt":"2025-11-22T19:50:09","slug":"maskorama-sophie-elise-trekker-seg-fra-maskorama","status":"publish","type":"post","link":"https:\/\/www.europesays.com\/no\/94074\/","title":{"rendered":"Maskorama, Sophie Elise | Trekker seg fra \u00abMaskorama\u00bb"},"content":{"rendered":"\n<p>Kveldens sending av \u00abMaskorama\u00bb tok en helt uventet vending da en av sesongens deltakere m\u00e5tte trekke seg, og dermed kaste masken f\u00f8r tiden.<\/p>\n<p>Etter at det forrige programmet endte uten en utstemming, var spenningen stor foran \u00e5rets tredje runde. NRK hadde i forkant varslet store endringer i sendingen p\u00e5 grunn av uforutsette hendelser, noe som skapte stor mystikk.<\/p>\n<p>Sykdom tvang Orken ut<\/p>\n<p>Det var karakteren Orken som m\u00e5tte si takk for seg i kveld. \u00c5rsaken ble oppgitt \u00e5 v\u00e6re sykdom, noe som gjorde at deltakeren s\u00e5 seg n\u00f8dt til \u00e5 forlate konkurransen umiddelbart.<\/p>\n<p>Da masken falt, kom kveldens st\u00f8rste sjokk. Bak Orken skjulte ingen ringere enn influenser Sophie Elise Isachsen seg.<\/p>\n<p>Avsl\u00f8ringen var f\u00f8lelsesladet, og Sophie Elise selv klarte nesten ikke \u00e5 holde t\u00e5rene tilbake.<\/p>\n<p>\u2013 Jeg har virkelig ikke lyst til \u00e5 begynne \u00e5 gr\u00e5te n\u00e5, sier Sophie Elise under sendingen.<\/p>\n<p>Dermed ble Orkens tid i gjetteleken kortere enn forventet, men avgangen sikret utvilsomt sesongens mest dramatiske start.<\/p>\n<p>De gjenv\u00e6rende maskene<\/p>\n<p>Til tross for dramaet, fortsetter konkurransen med de gjenv\u00e6rende maskene. Seerne skal n\u00e5 gjette hvem som skjuler seg bak:<\/p>\n<p>Skrotnissen<\/p>\n<p>Hundevalpen<\/p>\n<p>Brokkolien<\/p>\n<p>Badeanda<\/p>\n<p>Hybelkaninen<\/p>\n<p>Marionetten<\/p>\n","protected":false},"excerpt":{"rendered":"Kveldens sending av \u00abMaskorama\u00bb tok en helt uventet vending da en av sesongens deltakere m\u00e5tte trekke seg, og&hellip;\n","protected":false},"author":2,"featured_media":94075,"comment_status":"","ping_status":"","sticky":false,"template":"","format":"standard","meta":{"footnotes":""},"categories":[58],"tags":[71,30,28,29,72],"class_list":{"0":"post-94074","1":"post","2":"type-post","3":"status-publish","4":"format-standard","5":"has-post-thumbnail","7":"category-underholdning","8":"tag-entertainment","9":"tag-no","10":"tag-norge","11":"tag-norway","12":"tag-underholdning"},"share_on_mastodon":{"url":"https:\/\/pubeurope.com\/@no\/115595091868300092","error":""},"_links":{"self":[{"href":"https:\/\/www.europesays.com\/no\/wp-json\/wp\/v2\/posts\/94074","targetHints":{"allow":["GET"]}}],"collection":[{"href":"https:\/\/www.europesays.com\/no\/wp-json\/wp\/v2\/posts"}],"about":[{"href":"https:\/\/www.europesays.com\/no\/wp-json\/wp\/v2\/types\/post"}],"author":[{"embeddable":true,"href":"https:\/\/www.europesays.com\/no\/wp-json\/wp\/v2\/users\/2"}],"replies":[{"embeddable":true,"href":"https:\/\/www.europesays.com\/no\/wp-json\/wp\/v2\/comments?post=94074"}],"version-history":[{"count":0,"href":"https:\/\/www.europesays.com\/no\/wp-json\/wp\/v2\/posts\/94074\/revisions"}],"wp:featuredmedia":[{"embeddable":true,"href":"https:\/\/www.europesays.com\/no\/wp-json\/wp\/v2\/media\/94075"}],"wp:attachment":[{"href":"https:\/\/www.europesays.com\/no\/wp-json\/wp\/v2\/media?parent=94074"}],"wp:term":[{"taxonomy":"category","embeddable":true,"href":"https:\/\/www.europesays.com\/no\/wp-json\/wp\/v2\/categories?post=94074"},{"taxonomy":"post_tag","embeddable":true,"href":"https:\/\/www.europesays.com\/no\/wp-json\/wp\/v2\/tags?post=94074"}],"curies":[{"name":"wp","href":"https:\/\/api.w.org\/{rel}","templated":true}]}}