{"id":94077,"date":"2025-11-22T19:53:18","date_gmt":"2025-11-22T19:53:18","guid":{"rendered":"https:\/\/www.europesays.com\/no\/94077\/"},"modified":"2025-11-22T19:53:18","modified_gmt":"2025-11-22T19:53:18","slug":"nyhetsvarsel-ukraina-europeiske-ledere-usas-ukraina-plan-trenger-mer-arbeid","status":"publish","type":"post","link":"https:\/\/www.europesays.com\/no\/94077\/","title":{"rendered":"Nyhetsvarsel, Ukraina | Europeiske ledere: USAs Ukraina-plan trenger mer arbeid"},"content":{"rendered":"\n<p>Europeiske ledere i tillegg til Japan og Canada har har diskutert president Donald Trumps utkast til fredsplan p\u00e5 sidelinjen til G20-toppm\u00f8tet i S\u00f8r-Afrika.<\/p>\n<p>I en fellesuttalelse uttrykker de s\u00e6rlig bekymring for de foresl\u00e5tte begrensninger p\u00e5 Ukrainas v\u00e6pnede styrker.<\/p>\n<p><b>Les ogs\u00e5: <a class=\"simple-relation related-teaser article--c-eRUmMG article--c-eRUmMG-fZoQSp-design-nettavisen article--c-eRUmMG-gwthdJ-cv\" href=\"https:\/\/www.nettavisen.no\/motes-i-sveits-for-a-diskutere-trumps-fredsplan\/s\/5-95-2742329\" rel=\"nofollow noopener\" target=\"_blank\">M\u00f8tes i Sveits for \u00e5 diskutere Trumps fredsplan<\/a><\/b><\/p>\n<p>M\u00e5 avst\u00e5 territorium<\/p>\n<p>President Donald Trump la denne uka fram et 28-punkts forslag til fredsavtale mellom Ukraina og Russland.<\/p>\n<p>Planen inneb\u00e6rer blant annet at ukrainerne m\u00e5 avst\u00e5 rundt 20 prosent av sitt territorium, redusere landets v\u00e6pnede styrker og forplikte seg til aldri \u00e5 s\u00f8ke medlemskap i Nato.<\/p>\n<p>Trump har gitt Zelenskyj frist til torsdag med \u00e5 svare p\u00e5 planen.<\/p>\n<p>            Uttalelse fra G20-land: \u2013 Vil gj\u00f8re Ukraina s\u00e5rbar<\/p>\n<p>Dette er teksten i fellesuttalelsen som ledere fra flere europeiske land, samt Canada og Japan, kom med l\u00f8rdag p\u00e5 G-20-m\u00f8tet:<\/p>\n<p>\u00abVi \u00f8nsker velkommen den fortsatte amerikanske innsatsen for \u00e5 bringe fred til Ukraina.<\/p>\n<p>Det f\u00f8rste utkastet til 28-punktsplanen inneholder viktige elementer som vil v\u00e6re avgj\u00f8rende for en rettferdig og varig fred.<\/p>\n<p>Vi mener derfor at utkastet er et grunnlag som vil kreve ytterligere arbeid. Vi er klare til \u00e5 engasjere oss for \u00e5 sikre at en fremtidig fred er b\u00e6rekraftig. Vi er klare p\u00e5 prinsippet om at grenser ikke m\u00e5 endres med makt. Vi er ogs\u00e5 bekymret over de foresl\u00e5tte begrensningene p\u00e5 Ukrainas v\u00e6pnede styrker, som vil gj\u00f8re Ukraina s\u00e5rbar for fremtidige angrep.<\/p>\n<p>Vi gjentar at implementeringen av elementer knyttet til EU og NATO vil kreve samtykke fra henholdsvis EU- og NATO-medlemmer.<\/p>\n<p>Vi benytter anledningen til \u00e5 understreke styrken i v\u00e5r fortsatte st\u00f8tte til Ukraina. Vi vil fortsette \u00e5 koordinere tett med Ukraina og USA i de kommende dagene.\u00bb<\/p>\n<p>Disse st\u00e5r bak uttalelsene:<\/p>\n<ul>\n<li>Storbritannia<\/li>\n<li>Frankrike<\/li>\n<li>Tyskland<\/li>\n<li>Italia<\/li>\n<li>Japan<\/li>\n<li>Canada<\/li>\n<li>Finland<\/li>\n<li>Spania<\/li>\n<li>Norge<\/li>\n<li>Nederland<\/li>\n<li>Irland<\/li>\n<li>Det europeiske r\u00e5d<\/li>\n<li>Europakommisjonen<\/li>\n<\/ul>\n<p>Teksten er hentet fra det<a href=\"https:\/\/www.presidentti.fi\/\" target=\"_self\" rel=\"Follow nofollow noopener\"> finske presidentkontoret <\/a>og oversatt til norsk.<\/p>\n<p>  Norge med p\u00e5 fellesuttalelse<\/p>\n<p>I en fellesuttalelse l\u00f8rdag fra blant andre Storbritannia, Frankrike, Tyskland, Italia, Japan og Canada, en uttalelse ogs\u00e5 Norge og Finland er med p\u00e5, \u00f8nskes den amerikanske innsatsen for \u00e5 bringe fred til Ukraina velkommen, men det heter at utkastet til fredsplan \u00abvil kreve ytterligere arbeid\u00bb.<\/p>\n<p>Lederne, som har diskutert president Donald Trumps utkast til fredsplan p\u00e5 sidelinjen til G20-toppm\u00f8tet i S\u00f8r-Afrika, er s\u00e6rlig bekymret for foresl\u00e5tte begrensninger p\u00e5 Ukrainas v\u00e6pnede styrker, \u00absom vil gj\u00f8re Ukraina s\u00e5rbar for fremtidige angrep\u00bb.<\/p>\n<p>Uttalelsen er blant annet <a rel=\"noopener nofollow\" href=\"https:\/\/www.presidentti.fi\/statement-by-leaders\/\" target=\"_blank\">gjengitt av finsk UD<\/a>.<\/p>\n<p>If\u00f8lge Trumps plan kan landet ikke ha mer enn 600.000 v\u00e6pnede soldater.<\/p>\n<p>Det understrekes ogs\u00e5 at \u00abimplementeringen av elementer knyttet til EU og Nato vil kreve samtykke fra henholdsvis EU- og Nato-medlemmer.\u00bb<\/p>\n<p>Et av punktene i Trumps plan er at Ukraina skal grunnlovsfeste at de aldri vil s\u00f8ke Nato-medlemskap, og at Nato i sine vedtekter skal understreke at landet heller aldri vil bli en del av forsvarsalliansen.<\/p>\n<p>I planen tas det ogs\u00e5 til orde for at Ukraina er \u00abkvalifisert for EU-medlemskap og vil f\u00e5 adgang til det europeiske markedet mens s\u00f8knaden behandles\u00bb.<\/p>\n<p>Lederne sl\u00e5r fast at Ukrainas grenser ikke kan endres med makt. Trumps plan legger opp til at landet m\u00e5 avst\u00e5 rundt 20 prosent av sitt territorium til Russland.<\/p>\n<p>\u2013 Vi er tydelige p\u00e5 prinsippet om at grenser ikke m\u00e5 endres med makt. Vi er ogs\u00e5 bekymret for de foresl\u00e5tte begrensningene p\u00e5 Ukrainas v\u00e6pnede styrker, som ville gj\u00f8re Ukraina s\u00e5rbar for fremtidige angrep, heter det.<\/p>\n<p><b>Les ogs\u00e5: <a class=\"simple-relation related-teaser article--c-eRUmMG article--c-eRUmMG-fZoQSp-design-nettavisen article--c-eRUmMG-gwthdJ-cv\" href=\"https:\/\/www.nettavisen.no\/ekspert-om-trumps-fredsplan-lukter-gutteklubb-fra-washington-og-moskva\/s\/5-95-2742092\" rel=\"nofollow noopener\" target=\"_blank\">Ekspert om Trumps fredsplan: \u2013 Lukter \u00abgutteklubb\u00bb fra Washington og Moskva<\/a><\/b><\/p>\n<p><b>Les ogs\u00e5: <a class=\"simple-relation related-teaser article--c-eRUmMG article--c-eRUmMG-fZoQSp-design-nettavisen article--c-eRUmMG-gwthdJ-cv\" href=\"https:\/\/www.nettavisen.no\/vance-fantasi-a-tro-at-ukraina-kan-vinne-krigen\/s\/5-95-2741966\" rel=\"nofollow noopener\" target=\"_blank\">Vance: Fantasi \u00e5 tro at Ukraina kan vinne krigen<\/a><\/b><\/p>\n<p>   <img decoding=\"async\" width=\"4889\" height=\"3260\" fetchpriority=\"low\"  loading=\"lazy\"  src=\"https:\/\/www.europesays.com\/no\/wp-content\/uploads\/2025\/11\/NTB_5qLQlY9d0YM.jpg\" alt=\"Ukrainian Head of Presidential Office Andriy Yermak, left, and Ukraine's Defence Minister Rustem Umerov talks to each other during a meeting with French, US, German and UK delegations at the Elysee Palace at the Elysee Palace in Paris, Thursday, April 17, 2025. (Ludovic Marin, Pool Photo via AP)\" class=\"brick-c-cFOWSL\" style=\"--brick-image-ratio: 4889 \/ 3260;\"\/><\/p>\n<p>      OVERTATT: Ukrainas president Volodymyr Zelenskyjs n\u00e6re r\u00e5dgiver Andrij Jermak har n\u00e5 overtatt som ukrainsk forhandlingsleder<br \/>\n      Foto: Ludovic Marin (AP)\n    <\/p>\n<p><b>Les ogs\u00e5: <a class=\"simple-relation related-teaser article--c-eRUmMG article--c-eRUmMG-fZoQSp-design-nettavisen article--c-eRUmMG-gwthdJ-cv\" href=\"https:\/\/www.nettavisen.no\/eu-lederne-holder-ukraina-mote-lordag-store-deltar\/s\/5-95-2741727\" rel=\"nofollow noopener\" target=\"_blank\">EU-lederne holder Ukraina-m\u00f8te l\u00f8rdag \u2013 St\u00f8re deltar<\/a><\/b><\/p>\n<p>St\u00f8re snakket med Zelenskyj<\/p>\n<p>Statsminister Jonas Gahr St\u00f8re hadde l\u00f8rdag et m\u00f8te med Zelenskyj, sammen med de \u00f8vrige statslederne i Norden og Baltikum.<\/p>\n<p>P\u00e5 dette m\u00f8tet var temaet samtalene om en fredsplan.<\/p>\n<p>\u2013 Det p\u00e5g\u00e5r en brutal krig i Ukraina med daglige angrep som ogs\u00e5 rammer sivile. Det er Ukraina som er utsatt for et fullskala angrep, og derfor er det Ukraina selv som m\u00e5 sette premissene for en mulig fred. Det var v\u00e5rt budskap til president Zelenskyj da han m\u00f8tte lederne for de nordiske og baltiske landene i dag, sier St\u00f8re til NTB.<\/p>\n<p>   <img decoding=\"async\" width=\"5157\" height=\"3438\" fetchpriority=\"low\"  loading=\"lazy\"  src=\"https:\/\/www.europesays.com\/no\/wp-content\/uploads\/2025\/11\/NTB_fysRhXvL7KE.jpg\" alt=\"Stockholm, Sverige 20251028. &#10;Statsminister Jonas Gahr St\u00f8re (Ap) under det nordiske statsministerm\u00f8tet i Stockholm tirsdag.&#10;Foto: Terje Bendiksby \/ NTB\" class=\"brick-c-cFOWSL\" style=\"--brick-image-ratio: 5157 \/ 3438;\"\/><\/p>\n<p>      VIL UNDERSTREKE: Statsminister Jonas Gahr St\u00f8re (Ap) vil understreke at en fredsavtale i Ukraina m\u00e5 skje p\u00e5 Ukrainas egne premisser n\u00e5r han m\u00f8ter de andre landene under G220-m\u00f8tet i S\u00f8r-Afrika l\u00f8rdag.<br \/>\n      Foto: Terje Bendiksby \/ NTB\n    <\/p>\n<p>St\u00f8re deltar i helgen p\u00e5 G20-m\u00f8tet i Johannesburg i S\u00f8r-Afrika.<\/p>\n<p>St\u00f8re sier en fredsavtale om Ukraina m\u00e5 v\u00e6re forankret i Ukraina, i Europa og med USA.<\/p>\n<p>\u2013 De kan ikke tvinges til \u00e5 godta betingelser som er i strid med folkeretten. Europa m\u00e5 samle seg og v\u00e6re en motvekt p\u00e5 de punktene i den foresl\u00e5tte fredsplanen som ikke er akseptable. Ingen fred i Ukraina, uten Ukraina, sier St\u00f8re.<\/p>\n<p><b>Les ogs\u00e5: <a class=\"simple-relation related-teaser article--c-eRUmMG article--c-eRUmMG-fZoQSp-design-nettavisen article--c-eRUmMG-gwthdJ-cv\" href=\"https:\/\/www.nettavisen.no\/gavepakke-til-putin-en-katastrofe-for-europa\/s\/5-95-2741178\" rel=\"nofollow noopener\" target=\"_blank\">Gavepakke til Putin: \u2013 En katastrofe for Europa<\/a><\/b><\/p>\n","protected":false},"excerpt":{"rendered":"Europeiske ledere i tillegg til Japan og Canada har har diskutert president Donald Trumps utkast til fredsplan p\u00e5&hellip;\n","protected":false},"author":2,"featured_media":94078,"comment_status":"","ping_status":"","sticky":false,"template":"","format":"standard","meta":{"footnotes":""},"categories":[12],"tags":[20,21,24,25,15,22,23,13,30,28,29,14,16,26,27,42,43,44,45],"class_list":{"0":"post-94077","1":"post","2":"type-post","3":"status-publish","4":"format-standard","5":"has-post-thumbnail","7":"category-verden","8":"tag-breaking-news","9":"tag-breakingnews","10":"tag-featured-news","11":"tag-featurednews","12":"tag-headlines","13":"tag-latest-news","14":"tag-latestnews","15":"tag-news","16":"tag-no","17":"tag-norge","18":"tag-norway","19":"tag-nyheter","20":"tag-overskrifter","21":"tag-top-stories","22":"tag-topstories","23":"tag-verden","24":"tag-world","25":"tag-world-news","26":"tag-worldnews"},"share_on_mastodon":{"url":"https:\/\/pubeurope.com\/@no\/115595103881572775","error":""},"_links":{"self":[{"href":"https:\/\/www.europesays.com\/no\/wp-json\/wp\/v2\/posts\/94077","targetHints":{"allow":["GET"]}}],"collection":[{"href":"https:\/\/www.europesays.com\/no\/wp-json\/wp\/v2\/posts"}],"about":[{"href":"https:\/\/www.europesays.com\/no\/wp-json\/wp\/v2\/types\/post"}],"author":[{"embeddable":true,"href":"https:\/\/www.europesays.com\/no\/wp-json\/wp\/v2\/users\/2"}],"replies":[{"embeddable":true,"href":"https:\/\/www.europesays.com\/no\/wp-json\/wp\/v2\/comments?post=94077"}],"version-history":[{"count":0,"href":"https:\/\/www.europesays.com\/no\/wp-json\/wp\/v2\/posts\/94077\/revisions"}],"wp:featuredmedia":[{"embeddable":true,"href":"https:\/\/www.europesays.com\/no\/wp-json\/wp\/v2\/media\/94078"}],"wp:attachment":[{"href":"https:\/\/www.europesays.com\/no\/wp-json\/wp\/v2\/media?parent=94077"}],"wp:term":[{"taxonomy":"category","embeddable":true,"href":"https:\/\/www.europesays.com\/no\/wp-json\/wp\/v2\/categories?post=94077"},{"taxonomy":"post_tag","embeddable":true,"href":"https:\/\/www.europesays.com\/no\/wp-json\/wp\/v2\/tags?post=94077"}],"curies":[{"name":"wp","href":"https:\/\/api.w.org\/{rel}","templated":true}]}}