{"id":94081,"date":"2025-11-22T19:56:08","date_gmt":"2025-11-22T19:56:08","guid":{"rendered":"https:\/\/www.europesays.com\/no\/94081\/"},"modified":"2025-11-22T19:56:08","modified_gmt":"2025-11-22T19:56:08","slug":"bislett-bislett-stadion-ettersporselen-er-rekordstor-men-kjendis-lege-advarer-ikke-anbefalt-avisa-oslo","status":"publish","type":"post","link":"https:\/\/www.europesays.com\/no\/94081\/","title":{"rendered":"Bislett, Bislett stadion | Ettersp\u00f8rselen er rekordstor, men kjendis-lege advarer: \u2013 Ikke anbefalt &#8211; Avisa Oslo"},"content":{"rendered":"<ol>\n<li><a href=\"https:\/\/news.google.com\/rss\/articles\/CBMiowFBVV95cUxOdHdNTTFZVmljVzNJYXREblJVS1czc2o1dDNaMzJtYVphVHdSeUhJdGhJWlJyd3FGTmRvb0NMaExLVlhQQm5GUGczMExJcHlpTGtRZDJEZFQybXRyRXpxY3hCVS1yelRvQmFiTUR3Zktsd2NRWE1sYzNHelRCb1ZOM3hEakR5UVUyQWFyN1Z0Vm1fUnNjcDVxYmtlZkZhd2xQd3dB?oc=5\" target=\"_blank\" rel=\"nofollow noopener\">Bislett, Bislett stadion | Ettersp\u00f8rselen er rekordstor, men kjendis-lege advarer: \u2013 Ikke anbefalt<\/a>&nbsp;&nbsp;Avisa Oslo<\/li>\n<li><a href=\"https:\/\/news.google.com\/rss\/articles\/CBMipAFBVV95cUxNcUZ2WVI1TXJyVTBFMEZ5TXNxWXpHREFPalhkUThVRDlFSXoza210cUtkN1VUMEg2Y3E1UFA2N0RjdWtZWUlxamxWLVJmUTRmZG05V2tfendBNm9WMkpaM3BrY2ZXMXF0OGcyTE5PQkU4RE9XS0NNTHFfZFgyM2hYQnFzLXlnaWNRMmRjdGJlTlZURGxoZmp0R3BjaERydEFpOHI3NQ?oc=5\" target=\"_blank\" rel=\"nofollow noopener\">L\u00f8ping, Sport | Terje og Kirste skal l\u00f8pe i ett d\u00f8gn: \u2013 Altfor h\u00f8yt spenningsniv\u00e5<\/a>&nbsp;&nbsp;iFinnmark<\/li>\n<li><a href=\"https:\/\/news.google.com\/rss\/articles\/CBMiugFBVV95cUxPWjZmZ3I0MGVMcFZUSWpfTFdJT0xBZGtaODRCMGxzNFVZR3dia3RaQmhzR3dEbEo2cU5YZ2sxRWxZakVmWW45UnotVElKY3VyQjZZVDNwWEZ2UURuWnJ1Vk1hSDFIWDBsNE0zaklra0ZXeHBxeDVnRVlrVFRJSHpZdlNaM1RrWUpGME1kckVBYXdrdXlUd2liLW1vN1NXaWtKRy1DTnNhRURRNloyS2RGaXRpZXlxc19DWGc?oc=5\" target=\"_blank\" rel=\"nofollow noopener\">(+) Kvalme og smerte venter Miriann n\u00e5r hun utfordrer landets beste ultral\u00f8pere<\/a>&nbsp;&nbsp;altaposten.no<\/li>\n<li><a href=\"https:\/\/news.google.com\/rss\/articles\/CBMi8wFBVV95cUxPSU1oRzZlLXZEeE1mamVDN0hsV201dl8ydnVkSUduYTd6VTV3cWRMaXJDT3ozRzdyOU1FTV9WYk1mMkU2SHA2QXZ5bVNLMWs2XzZBc1JYMHIwRURKRWxCZEVfLXdPVVJqOG02TV9XZVlOLUlEaUIwSTdhaldfalpydnczVnR5eU9faklqeFpoRjZFUG9yVVlBQVhGSzNiSEdLcF9aSmk4N01fUTJwVGYxYUVaUU5GTkNvMzYwUlRuN2hBYzFDVmVJWFo5T3BsZWR3dVJ5V1lDSDJGd3A3MFR0NnhFejlPZ0luX1h0R3Z6T1JOZFU?oc=5\" target=\"_blank\" rel=\"nofollow noopener\">Ble f\u00f8dt under krigen \u2013 til helga l\u00f8per han over 100 km: \u2013 Jeg har holdt meg i aktivitet og har v\u00e6rt heldig med helsa<\/a>&nbsp;&nbsp;dolen.no<\/li>\n<li><a href=\"https:\/\/news.google.com\/rss\/articles\/CBMihwFBVV95cUxOcndRWkgwMWZ4ampQcF9ScTYzRjE1SnJtR01BTl9Za0l2aHVKbldLanktdFkyUG84dDZ1VUJGXzdJRWl6T0Iza2x1ZVF5R1cwWDNmbWdLS3I3RU5QZVRFUDRNSTd4anExdW1yWnZsRmxLQ1A0WDh6VWQtNE93QWJWR0JvcENtNVU?oc=5\" target=\"_blank\" rel=\"nofollow noopener\">Kondis f\u00f8lger Bislett 24-timers hele d\u00f8gnet<\/a>&nbsp;&nbsp;Kondis<\/li>\n<\/ol>\n","protected":false},"excerpt":{"rendered":"Bislett, Bislett stadion | Ettersp\u00f8rselen er rekordstor, men kjendis-lege advarer: \u2013 Ikke anbefalt&nbsp;&nbsp;Avisa Oslo L\u00f8ping, Sport | Terje&hellip;\n","protected":false},"author":2,"featured_media":94082,"comment_status":"","ping_status":"","sticky":false,"template":"","format":"standard","meta":{"footnotes":""},"categories":[59],"tags":[30,28,29,83,82],"class_list":{"0":"post-94081","1":"post","2":"type-post","3":"status-publish","4":"format-standard","5":"has-post-thumbnail","7":"category-sport","8":"tag-no","9":"tag-norge","10":"tag-norway","11":"tag-sport","12":"tag-sports"},"share_on_mastodon":{"url":"https:\/\/pubeurope.com\/@no\/115595115461132000","error":""},"_links":{"self":[{"href":"https:\/\/www.europesays.com\/no\/wp-json\/wp\/v2\/posts\/94081","targetHints":{"allow":["GET"]}}],"collection":[{"href":"https:\/\/www.europesays.com\/no\/wp-json\/wp\/v2\/posts"}],"about":[{"href":"https:\/\/www.europesays.com\/no\/wp-json\/wp\/v2\/types\/post"}],"author":[{"embeddable":true,"href":"https:\/\/www.europesays.com\/no\/wp-json\/wp\/v2\/users\/2"}],"replies":[{"embeddable":true,"href":"https:\/\/www.europesays.com\/no\/wp-json\/wp\/v2\/comments?post=94081"}],"version-history":[{"count":0,"href":"https:\/\/www.europesays.com\/no\/wp-json\/wp\/v2\/posts\/94081\/revisions"}],"wp:featuredmedia":[{"embeddable":true,"href":"https:\/\/www.europesays.com\/no\/wp-json\/wp\/v2\/media\/94082"}],"wp:attachment":[{"href":"https:\/\/www.europesays.com\/no\/wp-json\/wp\/v2\/media?parent=94081"}],"wp:term":[{"taxonomy":"category","embeddable":true,"href":"https:\/\/www.europesays.com\/no\/wp-json\/wp\/v2\/categories?post=94081"},{"taxonomy":"post_tag","embeddable":true,"href":"https:\/\/www.europesays.com\/no\/wp-json\/wp\/v2\/tags?post=94081"}],"curies":[{"name":"wp","href":"https:\/\/api.w.org\/{rel}","templated":true}]}}