{"id":94091,"date":"2025-11-22T20:05:15","date_gmt":"2025-11-22T20:05:15","guid":{"rendered":"https:\/\/www.europesays.com\/no\/94091\/"},"modified":"2025-11-22T20:05:15","modified_gmt":"2025-11-22T20:05:15","slug":"handball-sportsvarsel-katrine-lunde-gir-seg-pa-landslaget-etter-sesongen","status":"publish","type":"post","link":"https:\/\/www.europesays.com\/no\/94091\/","title":{"rendered":"H\u00e5ndball, Sportsvarsel | Katrine Lunde gir seg p\u00e5 landslaget etter sesongen"},"content":{"rendered":"\n<p>Katrine Lunde bekrefter p\u00e5 Instagram at det kommende verdensmesterskapet i Tyskland og Nederland blir hennes siste.<\/p>\n<p>\u00abEn. Siste. Dans. The kommende mesterskapet vil markere slutten p\u00e5 karrieren min p\u00e5 landslaget. La oss gj\u00f8re den siste uforglemmelig, skriver Lunde.<\/p>\n<p>Lunde har ogs\u00e5 kommet med en uttalelse til Norges h\u00e5ndballforbunds hjemmesider.<\/p>\n<p>\u2013 Etter grundige overveielser har jeg bestemt meg for at VM 2025 blir mitt siste mesterskap med H\u00e5ndballjentene, sier Lunde.<\/p>\n<p>\u2013 Mitt m\u00e5l og h\u00e5p er \u00e5 bidra til at det siste mesterskapet mitt blir uforglemmelig, sier hun, og legger til:<\/p>\n<p>\u2013 Jeg har inntil videre ingen plan for videre klubbkarriere, n\u00e5 har jeg fullt fokus p\u00e5 mesterskapet. Men jeg har ikke spilt min siste h\u00e5ndballkamp. Om trenerteamet \u00f8nsker, s\u00e5 har jeg sagt at jeg st\u00e5r til disposisjon v\u00e5ren 2026, men ikke til et nytt mesterskap.<\/p>\n<p>45-\u00e5ringen, som har spilt 378 landskamper, har vunnet sju EM-gull, to VM-gull og tre OL-gull med det norske landslaget, i tillegg til \u00e5tte \u00f8vrige mesterkapsmedaljer.<\/p>\n<p>Lunde, som til daglig spiller for R\u00f8de Stjerne i Serbia, er tidenes mestvinnende h\u00e5ndballspiller, uansett nasjon og kj\u00f8nn<\/p>\n<p>Norge EM-\u00e5pner mot S\u00f8r-Korea f\u00f8rstkommende torsdag klokken 18.00.<\/p>\n","protected":false},"excerpt":{"rendered":"Katrine Lunde bekrefter p\u00e5 Instagram at det kommende verdensmesterskapet i Tyskland og Nederland blir hennes siste. \u00abEn. Siste.&hellip;\n","protected":false},"author":2,"featured_media":94092,"comment_status":"","ping_status":"","sticky":false,"template":"","format":"standard","meta":{"footnotes":""},"categories":[59],"tags":[30,28,29,83,82],"class_list":{"0":"post-94091","1":"post","2":"type-post","3":"status-publish","4":"format-standard","5":"has-post-thumbnail","7":"category-sport","8":"tag-no","9":"tag-norge","10":"tag-norway","11":"tag-sport","12":"tag-sports"},"share_on_mastodon":{"url":"https:\/\/pubeurope.com\/@no\/115595151284861749","error":""},"_links":{"self":[{"href":"https:\/\/www.europesays.com\/no\/wp-json\/wp\/v2\/posts\/94091","targetHints":{"allow":["GET"]}}],"collection":[{"href":"https:\/\/www.europesays.com\/no\/wp-json\/wp\/v2\/posts"}],"about":[{"href":"https:\/\/www.europesays.com\/no\/wp-json\/wp\/v2\/types\/post"}],"author":[{"embeddable":true,"href":"https:\/\/www.europesays.com\/no\/wp-json\/wp\/v2\/users\/2"}],"replies":[{"embeddable":true,"href":"https:\/\/www.europesays.com\/no\/wp-json\/wp\/v2\/comments?post=94091"}],"version-history":[{"count":0,"href":"https:\/\/www.europesays.com\/no\/wp-json\/wp\/v2\/posts\/94091\/revisions"}],"wp:featuredmedia":[{"embeddable":true,"href":"https:\/\/www.europesays.com\/no\/wp-json\/wp\/v2\/media\/94092"}],"wp:attachment":[{"href":"https:\/\/www.europesays.com\/no\/wp-json\/wp\/v2\/media?parent=94091"}],"wp:term":[{"taxonomy":"category","embeddable":true,"href":"https:\/\/www.europesays.com\/no\/wp-json\/wp\/v2\/categories?post=94091"},{"taxonomy":"post_tag","embeddable":true,"href":"https:\/\/www.europesays.com\/no\/wp-json\/wp\/v2\/tags?post=94091"}],"curies":[{"name":"wp","href":"https:\/\/api.w.org\/{rel}","templated":true}]}}