{"id":94105,"date":"2025-11-22T20:26:08","date_gmt":"2025-11-22T20:26:08","guid":{"rendered":"https:\/\/www.europesays.com\/no\/94105\/"},"modified":"2025-11-22T20:26:08","modified_gmt":"2025-11-22T20:26:08","slug":"ikke-et-eliteserielag-verdig","status":"publish","type":"post","link":"https:\/\/www.europesays.com\/no\/94105\/","title":{"rendered":"\u2013 Ikke et eliteserielag verdig"},"content":{"rendered":"\n<p class=\"_paragraph_o9xde_4 _paragraph_xtcu6_10 layout-component text-serif-m layout-normal text-serif-m layout-padded\">\u2013 Det er ikke et eliteserielag verdig. Det er en grunn til at vi rykker ned, sa Godset-trener Dag-Eilev Fagermo til TV 2.<\/p>\n<p class=\"_paragraph_o9xde_4 _paragraph_xtcu6_10 layout-component text-serif-m layout-normal text-serif-m layout-padded\">Sandefjord sikter mot femteplassen, mens Str\u00f8msgodset allerede er klar for nedrykk. Det ble en \u00e5pen f\u00f8rsteomgang foran f\u00e5 tilskuere i Drammen, f\u00f8r vertene raknet totalt p\u00e5 tampen.<\/p>\n<p class=\"_paragraph_o9xde_4 _paragraph_xtcu6_10 layout-component text-serif-m layout-normal text-serif-m layout-padded\">Da dommeren bl\u00e5ste til pause sto det 2-3 p\u00e5 resultattavla. Det var ingen av trenerstabene s\u00e6rlig forn\u00f8yde med.<\/p>\n<p class=\"_paragraph_o9xde_4 _paragraph_xtcu6_10 layout-component text-serif-m layout-normal text-serif-m layout-padded\">\u2013 Vi begynner kampen veldig bra, men s\u00e5 blir det plutselig s\u00e5nn at vi skal revolusjonere verden. Vi m\u00e5 v\u00e6re et lag som b\u00e5de angriper og forsvarer oss, sa Fagermo i pausen.<\/p>\n<p class=\"_paragraph_o9xde_4 _paragraph_xtcu6_10 layout-component text-serif-m layout-normal text-serif-m layout-padded\">\u2013 Det er en altfor \u00e5pen kamp. Det er fullstendig kaos, sa Sandefjords assistenttrener Per Verner R\u00f8nning.<\/p>\n<p class=\"_paragraph_o9xde_4 _paragraph_xtcu6_10 layout-component text-serif-m layout-normal text-serif-m layout-padded\">Stef\u00e1n Ingi Sigurdarson hadde da levert to scoringer og Evangelos Patoulidis \u00e9n for gjestene. Marko Farji sto for vertenes to. Han leverte ogs\u00e5 en straffebom f\u00f8r hvilen.<\/p>\n<p class=\"_paragraph_o9xde_4 _paragraph_xtcu6_10 layout-component text-serif-m layout-normal text-serif-m layout-padded\">Patoulidis og Farji konkurrerte om den vakreste av nettkjenningene. Belgieren skrudde inn 2-1 i krysset fra distanse, mens Farji satte inn 2-3 p\u00e5 overtid p\u00e5 hel volley.<\/p>\n<p class=\"_paragraph_o9xde_4 _paragraph_xtcu6_10 layout-component text-serif-m layout-normal text-serif-m layout-padded\">Resultatet sto seg en stund utover annenomgangen, men Jacob Hanstad, Edvard Sundb\u00f8 Pettersen og et selvm\u00e5l fra Herman Stengel s\u00f8rget for at det endte med firem\u00e5lsseier til Sandefjord.<\/p>\n<p class=\"_paragraph_o9xde_4 _paragraph_xtcu6_10 layout-component text-serif-m layout-normal text-serif-m layout-padded\">Det betyr at Sandefjord leder an i kampen om femteplassen. Utfordrer Fredrikstad m\u00f8ter Viking og Bod\u00f8\/Glimt i sesongens to siste runder, og l\u00f8rdagens resultat kan fort ha v\u00e6rt nok til \u00e5 sikre vestfoldingene den historisk sterke plasseringen.<\/p>\n","protected":false},"excerpt":{"rendered":"\u2013 Det er ikke et eliteserielag verdig. Det er en grunn til at vi rykker ned, sa Godset-trener&hellip;\n","protected":false},"author":2,"featured_media":94106,"comment_status":"","ping_status":"","sticky":false,"template":"","format":"standard","meta":{"footnotes":""},"categories":[59],"tags":[6935,134,30,28,29,1126,83,82,1942],"class_list":{"0":"post-94105","1":"post","2":"type-post","3":"status-publish","4":"format-standard","5":"has-post-thumbnail","7":"category-sport","8":"tag-dag-eilev-fagermo","9":"tag-eliteserien","10":"tag-no","11":"tag-norge","12":"tag-norway","13":"tag-sandefjord-fotball","14":"tag-sport","15":"tag-sports","16":"tag-stromsgodset-if"},"share_on_mastodon":{"url":"https:\/\/pubeurope.com\/@no\/115595233373551325","error":""},"_links":{"self":[{"href":"https:\/\/www.europesays.com\/no\/wp-json\/wp\/v2\/posts\/94105","targetHints":{"allow":["GET"]}}],"collection":[{"href":"https:\/\/www.europesays.com\/no\/wp-json\/wp\/v2\/posts"}],"about":[{"href":"https:\/\/www.europesays.com\/no\/wp-json\/wp\/v2\/types\/post"}],"author":[{"embeddable":true,"href":"https:\/\/www.europesays.com\/no\/wp-json\/wp\/v2\/users\/2"}],"replies":[{"embeddable":true,"href":"https:\/\/www.europesays.com\/no\/wp-json\/wp\/v2\/comments?post=94105"}],"version-history":[{"count":0,"href":"https:\/\/www.europesays.com\/no\/wp-json\/wp\/v2\/posts\/94105\/revisions"}],"wp:featuredmedia":[{"embeddable":true,"href":"https:\/\/www.europesays.com\/no\/wp-json\/wp\/v2\/media\/94106"}],"wp:attachment":[{"href":"https:\/\/www.europesays.com\/no\/wp-json\/wp\/v2\/media?parent=94105"}],"wp:term":[{"taxonomy":"category","embeddable":true,"href":"https:\/\/www.europesays.com\/no\/wp-json\/wp\/v2\/categories?post=94105"},{"taxonomy":"post_tag","embeddable":true,"href":"https:\/\/www.europesays.com\/no\/wp-json\/wp\/v2\/tags?post=94105"}],"curies":[{"name":"wp","href":"https:\/\/api.w.org\/{rel}","templated":true}]}}