{"id":94113,"date":"2025-11-22T20:46:19","date_gmt":"2025-11-22T20:46:19","guid":{"rendered":"https:\/\/www.europesays.com\/no\/94113\/"},"modified":"2025-11-22T20:46:19","modified_gmt":"2025-11-22T20:46:19","slug":"langrenn-kristine-stavas-skistad-kristine-stavas-skistad-slaktes-av-herreloperne-idiotisk","status":"publish","type":"post","link":"https:\/\/www.europesays.com\/no\/94113\/","title":{"rendered":"Langrenn, Kristine Stav\u00e5s Skistad | Kristine Stav\u00e5s Skistad slaktes av herrel\u00f8perne: \u2013 Idiotisk"},"content":{"rendered":"\n<p>   <img decoding=\"async\" width=\"1500\" height=\"440\" fetchpriority=\"low\"  loading=\"lazy\"  src=\"https:\/\/www.europesays.com\/no\/wp-content\/uploads\/2025\/11\/1763844376_92_simen+l%C3%B8nning+sjur+tveito+beitost%C3%B8len.jpg\" alt=\"\" class=\"brick-c-cFOWSL\" style=\"--brick-image-ratio: 1500 \/ 440;\"\/><\/p>\n<p>BEITOST\u00d8LEN (Nettavisen): \u2013 Helt idiotisk av henne.<\/p>\n<p>Det er dommen til den erfarne langrennsl\u00f8peren Didrik T\u00f8nseth etter \u00e5 ha f\u00e5tt med seg Kristine Stav\u00e5s Skistads mislykkede fors\u00f8k p\u00e5 \u00e5 p\u00e5dra seg et gult kort p\u00e5 Beitost\u00f8len l\u00f8rdag.<\/p>\n<p>For i stedet for gult kort ble det direkte r\u00f8dt kort for Skistad under l\u00f8rdagens 10-kilometer i klassisk stil etter at hun sk\u00f8ytet to ganger under l\u00f8pet.<\/p>\n<p>Juryen viste ogs\u00e5 til at Skistads oppf\u00f8rsel var usportslig.<\/p>\n<p>Konnerud-jenta hadde <a rel=\"Follow nofollow noopener\" href=\"https:\/\/www.nettavisen.no\/sport\/kristine-stavas-skistad-ble-forbannet-tullete\/s\/5-95-2741466\" target=\"_blank\">p\u00e5 forh\u00e5nd varslet at hun ville fors\u00f8ke \u00e5 p\u00e5dra seg et gult kort i l\u00f8rdagens l\u00f8p<\/a> for \u00e5 ikke dra meg seg det gule kortet hun fikk i fredagens sprint inn i verdenscupen.<\/p>\n<p>L\u00f8rdag ble det imidlertid <a rel=\"Follow nofollow noopener\" href=\"https:\/\/www.nettavisen.no\/sport\/mener-skistad-ble-disket-med-vilje-den-kjoper-jeg-ikke\/s\/5-95-2742028\" target=\"_blank\">i stedet r\u00f8dt<\/a>, og Skistad g\u00e5r derfor inn i verdenscupsesongen med et gult kort.<\/p>\n<p><b>Les ogs\u00e5: <a href=\"https:\/\/www.nettavisen.no\/sport\/i-strupen-pa-johannes-hosflot-klabo-en-narsissistisk-bavian\/s\/5-95-2741486\" rel=\"Follow nofollow noopener\" target=\"_blank\">I strupen p\u00e5 Kl\u00e6bo: \u2013 En narsissistisk bavian<\/a><\/b><\/p>\n<p>Slaktes av herrene<\/p>\n<p>Hendelsen ble den store snakkisen p\u00e5 Beitost\u00f8len l\u00f8rdag, og det var \u00e5penbart at situasjonen hadde blitt et samtaleemne ogs\u00e5 blant herrel\u00f8perne som konkurrerte etter kvinnene.<\/p>\n<p>Flere av de beste norske herrel\u00f8perne var lite imponert over Skistad, og slakter h\u00e5ndteringen.<\/p>\n<p>Blant dem er Didrik T\u00f8nseth, som forst\u00e5r at Skistad ville kvitte seg med det gule kortet sitt, men er oppgitt over at hun varslet det p\u00e5 forh\u00e5nd.<\/p>\n<p>Da mener han det ble en enkel sak for rennleder Torbj\u00f8rn Broks Pettersen og resten av juryen \u00e5 diskvalifisere henne.<\/p>\n<p>\u2013 Med s\u00e5 mye folk rundt henne s\u00e5 fatter jeg ikke at de velger \u00e5 g\u00e5 ut med det. Da fortjener hun r\u00f8dt, og alle rundt henne fortjener r\u00f8dt for den taktikken der og. Vel fortjent, sier T\u00f8nseth til Nettavisen.<\/p>\n<p><b>Les ogs\u00e5: <a rel=\"Follow nofollow noopener\" href=\"https:\/\/www.nettavisen.no\/sport\/drama-i-sverige-oynene-fros-igjen\/s\/5-95-2742240\" target=\"_blank\">Dramatiske bilder fra Sverige<\/a><\/b><\/p>\n<p>   <img decoding=\"async\" width=\"5444\" height=\"3629\" fetchpriority=\"low\"  loading=\"lazy\"  src=\"https:\/\/www.europesays.com\/no\/wp-content\/uploads\/2025\/11\/d+t%C3%B8nseth+ntb.jpg\" alt=\"Beitost\u00f8len 20251122. &#10;Didrik T\u00f8nseth etter 10 km klassisk p\u00e5 Beitost\u00f8len.&#10;Foto: Terje Pedersen \/ NTB\" class=\"brick-c-cFOWSL\" style=\"--brick-image-ratio: 5444 \/ 3629;\"\/><\/p>\n<p>      IMPONERTE: Didrik T\u00f8nseth imponerte med en pallplassering p\u00e5 Beitost\u00f8len l\u00f8rdag, men han var ikke imponert over Kristine Stav\u00e5s Skistad.<br \/>\n      Foto: Terje Pedersen (NTB)\n    <\/p>\n<p>Han f\u00e5r st\u00f8tte av langrennsprofilene Emil Iversen og Erik Valnes.<\/p>\n<p>\u2013 Det var vel en blemme uten like det da, sier Iversen.<\/p>\n<p>\u2013 Det dumme her er vel \u00e5 flagge det s\u00e5 h\u00f8yt i forkant. Det er en ekstremt utaktisk man\u00f8ver av Konnerud-gjengen. Der m\u00e5 de bare ta seg en ny runde og forbedre den taktikken til neste gang, for det her var skivebom, sier Valnes.<\/p>\n<p>Vinner av herrenes 10-kilometer Johannes H\u00f8sflot Kl\u00e6bo er langt p\u00e5 vei enig.<\/p>\n<p>\u2013 I utgangspunktet er det vel greit, men det er kanskje dumt \u00e5 fortelle om det p\u00e5 forh\u00e5nd. Hvis du forteller at du skal stjele, er det litt enklere \u00e5 bli tatt. Et godt fors\u00f8k, men jeg ville kanskje holdt det for meg selv og gjort det litt \u00ablow key\u00bb i stedet, sier Kl\u00e6bo til Nettavisen.<\/p>\n<p><b>Les ogs\u00e5: <a rel=\"Follow nofollow noopener\" href=\"https:\/\/www.nettavisen.no\/sport\/tilgir-ikke-norge-etter-hoppskandalen-vondt-blod\/s\/5-95-2740174\" target=\"_blank\">Nekter \u00e5 tilgi Norge<\/a><\/b><\/p>\n<p>Rennlederen advarte Skistad p\u00e5 forh\u00e5nd<\/p>\n<p>Rennleder Torbj\u00f8rn Broks Pettersen virket ikke \u00e5 v\u00e6re i tvil om avgj\u00f8relsen.<\/p>\n<p>\u2013 Kristine har sk\u00f8ytet i et klassisk skirenn. To ganger til og med. Da m\u00e5 juryen agere, og vi har vurdert de to sk\u00f8ytetilfellene som s\u00e5pass alvorlig at vi velger \u00e5 diske henne.<\/p>\n<p>\u2013 Hvorfor ikke gult? <\/p>\n<p>\u2013 Fordi det er to tilfeller i samme skirenn. Vi har ogs\u00e5 sett p\u00e5 en paragraf med usportslig opptreden, fordi dette er helt klart en bevisst handling fra hennes side for \u00e5 f\u00e5 et gult kort for \u00e5 nulle ut det gule kortet hun fikk i g\u00e5r. Den type opptreden er \u00e6rlig talt litt usportslig overfor de andre ut\u00f8verne, sier Broks Pettersen til Nettavisen.<\/p>\n<p><b>Les ogs\u00e5: <a rel=\"Follow nofollow noopener\" href=\"https:\/\/www.nettavisen.no\/sport\/lars-heggen-pekes-ut-som-norges-storste-langrennstalent-helt-unik\/s\/5-95-2735276\" target=\"_blank\">Pekes ut som Norges neste stjerne<\/a><\/b><\/p>\n<p>   <img decoding=\"async\" width=\"5762\" height=\"3841\" fetchpriority=\"low\"  loading=\"lazy\"  src=\"https:\/\/www.europesays.com\/no\/wp-content\/uploads\/2025\/11\/broks+pettersen_1.jpg\" alt=\"Beitost\u00f8len 20251122. &#10;Juryleder Torbj\u00f8rn Broks Pettersen under 10 km klassisk p\u00e5 Beitost\u00f8len.&#10;Foto: Terje Pedersen \/ NTB\" class=\"brick-c-cFOWSL\" style=\"--brick-image-ratio: 5762 \/ 3841;\"\/><\/p>\n<p>      I SENTRUM: Rennleder Torbj\u00f8rn Broks Pettersen.<br \/>\n      Foto: Terje Pedersen (NTB)\n    <\/p>\n<p>Rennlederen hadde i tillegg fors\u00f8kt \u00e5 advare Skistad f\u00f8r rennet.<\/p>\n<p>\u2013 Jeg ga ganske tydelig beskjed om at jeg frar\u00e5det \u00e5 pr\u00f8ve p\u00e5 noe s\u00e5nt, fordi det er veldig lett at du g\u00e5r litt for langt. Da blir det ikke gult, men direkte r\u00f8dt. Det var det som ble konklusjonen i dag, forklarer Broks Pettersen.<\/p>\n<p>    Vil du se neste video?<\/p>\n<p>    <a href=\"https:\/\/www.nettavisen.no\/sport\/her-bryter-kronprins-haakon-inn-nar-prins-sverre-magnus-svarer-pa-italia-sporsmal-fra-norsk-presse\/v\/5-95-2731534\" class=\"recommend-poster\" data-adp-clicklabel=\"video-recommend\" data-adp-clickvalue=\"poster\" rel=\"nofollow noopener\" target=\"_blank\"><br \/>\n      <img decoding=\"async\" width=\"200\" height=\"200\" loading=\"lazy\" src=\"https:\/\/www.europesays.com\/no\/wp-content\/uploads\/2025\/11\/Kronprins+Haakon+til+cue.jpg\" alt=\"\" class=\"brick-c-cFOWSL\" style=\"--brick-image-ratio: 200 \/ 200;\"\/><\/p>\n<p>Her bryter kronprinsen inn0:38<\/p>\n<p>    <\/a><\/p>\n<p>        Kristine Stav\u00e5s Skistad varslet at hun \u00f8nsket \u00e5 p\u00e5dro seg sitt andre gule kort. S\u00e5 gjorde hun dette.<br \/>\n        Lersveen gir gult kort til juryen<\/p>\n<p>Nettavisen-kommentator Ernst A. Lersveen er i likhet med de norske ut\u00f8verne klar p\u00e5 at det var en tabbe av Skistad \u00e5 r\u00f8pe p\u00e5 forh\u00e5nd at hun ville fors\u00f8ke \u00e5 f\u00e5 gult kort.<\/p>\n<p>Lersveen mener imidlertid at<a rel=\"Follow nofollow noopener\" href=\"https:\/\/www.nettavisen.no\/norsk-debatt\/kristine-stavas-skistad-burde-holdt-kjeft\/o\/5-95-2742100\" target=\"_blank\"> juryen kunne n\u00f8yd seg med et gult kort til Skistad<\/a>, slik hun \u00f8nsket.<\/p>\n<p>Rennleder Broks Pettersen forteller at de forholder seg til regelboka.<\/p>\n<p>\u2013 Vi forholder oss aldri til navn. Vi forholder oss kun til startnummer. Om du heter P\u00e5l, Petter eller Kristine er irrelevant. Hva du har gjort f\u00f8r eller gj\u00f8r i morgen er ogs\u00e5 irrelevant. Vi ser p\u00e5 hva du gj\u00f8r her og n\u00e5 i dette skirennet m\u00e5lt opp mot regelverket vi har.<\/p>\n<p>\u2013 Vi kan ikke tenke p\u00e5 konsekvensen. Om du taper pengepremier eller annet, det er irrelevant. Vi d\u00f8mmer den enkelte \u00abcase\u00bb og hver \u00abcase\u00bb er unik. Da skal det d\u00f8mmes for seg i henhold til regelboka, forklarer rennlederen.<\/p>\n<p><b>Les ogs\u00e5: <a rel=\"Follow nofollow noopener\" href=\"https:\/\/www.nettavisen.no\/sport\/marit-bjorgen-slar-alarm-om-norsk-ungdom-skremmende\/s\/5-95-2702402\" target=\"_blank\">Bj\u00f8rgen sl\u00e5r alarm om norsk ungdom: \u2013 Skremmende<\/a><\/b><\/p>\n<p>Selv tok Skistad selvkritikk etter l\u00f8rdagens renn.<\/p>\n<p>\u2013 Juryen kan jobben sin, s\u00e5 jeg m\u00e5 hjem og \u00f8ve p\u00e5 reglene, sier Skistad til Nettavisen.<\/p>\n<p>\u2013 \u00d8ve p\u00e5 \u00e5 f\u00e5 gult kort?<\/p>\n<p>\u2013 Hjem og \u00f8ve p\u00e5 reglene, ja.<\/p>\n","protected":false},"excerpt":{"rendered":"BEITOST\u00d8LEN (Nettavisen): \u2013 Helt idiotisk av henne. Det er dommen til den erfarne langrennsl\u00f8peren Didrik T\u00f8nseth etter \u00e5&hellip;\n","protected":false},"author":2,"featured_media":94114,"comment_status":"","ping_status":"","sticky":false,"template":"","format":"standard","meta":{"footnotes":""},"categories":[5],"tags":[20,21,24,25,15,19,22,23,17,18,13,30,28,29,14,16,26,27],"class_list":{"0":"post-94113","1":"post","2":"type-post","3":"status-publish","4":"format-standard","5":"has-post-thumbnail","7":"category-overskrifter","8":"tag-breaking-news","9":"tag-breakingnews","10":"tag-featured-news","11":"tag-featurednews","12":"tag-headlines","13":"tag-hovedoppslag","14":"tag-latest-news","15":"tag-latestnews","16":"tag-main-news","17":"tag-mainnews","18":"tag-news","19":"tag-no","20":"tag-norge","21":"tag-norway","22":"tag-nyheter","23":"tag-overskrifter","24":"tag-top-stories","25":"tag-topstories"},"share_on_mastodon":{"url":"https:\/\/pubeurope.com\/@no\/115595312573475361","error":""},"_links":{"self":[{"href":"https:\/\/www.europesays.com\/no\/wp-json\/wp\/v2\/posts\/94113","targetHints":{"allow":["GET"]}}],"collection":[{"href":"https:\/\/www.europesays.com\/no\/wp-json\/wp\/v2\/posts"}],"about":[{"href":"https:\/\/www.europesays.com\/no\/wp-json\/wp\/v2\/types\/post"}],"author":[{"embeddable":true,"href":"https:\/\/www.europesays.com\/no\/wp-json\/wp\/v2\/users\/2"}],"replies":[{"embeddable":true,"href":"https:\/\/www.europesays.com\/no\/wp-json\/wp\/v2\/comments?post=94113"}],"version-history":[{"count":0,"href":"https:\/\/www.europesays.com\/no\/wp-json\/wp\/v2\/posts\/94113\/revisions"}],"wp:featuredmedia":[{"embeddable":true,"href":"https:\/\/www.europesays.com\/no\/wp-json\/wp\/v2\/media\/94114"}],"wp:attachment":[{"href":"https:\/\/www.europesays.com\/no\/wp-json\/wp\/v2\/media?parent=94113"}],"wp:term":[{"taxonomy":"category","embeddable":true,"href":"https:\/\/www.europesays.com\/no\/wp-json\/wp\/v2\/categories?post=94113"},{"taxonomy":"post_tag","embeddable":true,"href":"https:\/\/www.europesays.com\/no\/wp-json\/wp\/v2\/tags?post=94113"}],"curies":[{"name":"wp","href":"https:\/\/api.w.org\/{rel}","templated":true}]}}