{"id":94117,"date":"2025-11-22T20:48:14","date_gmt":"2025-11-22T20:48:14","guid":{"rendered":"https:\/\/www.europesays.com\/no\/94117\/"},"modified":"2025-11-22T20:48:14","modified_gmt":"2025-11-22T20:48:14","slug":"dukket-opp-blant-publikum-samboeren-min-hadde-blitt-flau","status":"publish","type":"post","link":"https:\/\/www.europesays.com\/no\/94117\/","title":{"rendered":"Dukket opp blant publikum: &#8211; Samboeren min hadde blitt flau"},"content":{"rendered":"<p>L\u00f8rdag kveld er det duket for nok en runde med \u00abSkal vi danse\u00bb.\u00a0<\/p>\n<p>Denne uken skal deltakerne tolke ikoniske norske \u00f8yeblikk \u2013 alt fra grunnloven til \u00abBobbysocks\u00bb.\u00a0<\/p>\n<p>I salen sitter flere kjente fjes, og TV 2 har tatt en prat med noen av dem.\u00a0<\/p>\n<p class=\"italic m-italic\" data-lab-italic=\"italic\">Se Tale Torjussens (20) hyllest til vikingkvinner her:\u00a0<\/p>\n<p>\u2013 Vet ikke om kroppen hadde t\u00e5lt det\u00a0<\/p>\n<p>Mens h\u00e5ndballjentene legger inn siste gir f\u00f8r VM, sitter tidligere<br \/>\nlandslagsprofil Karoline Dyhre Breivang (45) blant publikum i Skal vi danse.<\/p>\n<p>\u2013 Jeg er her med datteren min. Vi heiet p\u00e5 Bernt<br \/>\ni starten, s\u00e5 det var litt kjipt da han r\u00f8k ut, men i dag skal vi kose oss, sier<br \/>\nhun til TV 2. <\/p>\n<p>Breivang har ikke deltatt i programmet<br \/>\ntidligere, og svarer kryptisk p\u00e5 sp\u00f8rsm\u00e5l om hun noen gang har f\u00e5tt en<br \/>\ninvitasjon.<\/p>\n<p>\u2013 Jeg vet ikke om kroppen hadde t\u00e5lt det \u2013 eller<br \/>\nom jeg hadde taklet presset, sier hun, og legger til:<\/p>\n<p>\n\u2013 Dessuten tror jeg samboeren min hadde blitt flau.<\/p>\n<p>Likevel holder hun d\u00f8ren litt p\u00e5 gl\u00f8tt.<\/p>\n<p>\u2013 Det hadde jo v\u00e6rt g\u00f8y. Det ser veldig morsomt ut.<\/p>\n<p>Ville danset for NSB<\/p>\n<p>        <img class=\"image__img lazyload\" itemprop=\"image\" title=\"Foto: Aurora Pevik Haugn\u00e6ss\" alt=\"\u00abDOVRE FALLER\u00bb: Regina \u00abMyra\u00bb Tucker og kompisen Petter Asker heier p\u00e5 Danby Choi og Norunn som danser til \u00abDovre faller\u00bb. Foto: Aurora Pevik Haugn\u00e6ss\" width=\"675\" height=\"379\" bad-src=\"https:\/\/www.europesays.com\/no\/wp-content\/uploads\/2025\/11\/18315320.webp\" fetchpriority=\"auto\" \/><\/p>\n<p>      \u00abDOVRE FALLER\u00bb: Regina \u00abMyra\u00bb Tucker og kompisen Petter Asker heier p\u00e5 Danby Choi og Norunn som danser til \u00abDovre faller\u00bb.<br \/>\n         Foto: Aurora Pevik Haugn\u00e6ss<\/p>\n<p>L\u00f8rdagens sending hyller historiske norske \u00f8yeblikk. Og n\u00e5r artisten Regina \u00abMyra\u00bb Tucker f\u00e5r sp\u00f8rsm\u00e5l om hvilket \u00f8yeblikk hun selv ville danset til, svarer hun uten \u00e5 n\u00f8le:<\/p>\n<p>\u2013 Da NSB ble til VY! NSB var s\u00e5 s\u00f8te, og jeg savner dem. NSB, plis kom tilbake, sier hun til TV 2 med et stort smil.<\/p>\n<p>Nyheten om at NSB og Nettbuss skiftet navn til Vy i 2019 skapte utvilsomt stort engasjement.<\/p>\n<p>Denne kvelden sitter Myra p\u00e5 publikumsplass for \u00e5 heie frem Danby Choi og Norunn, som danser til hennes egen l\u00e5t \u00abDovre faller\u00bb.<\/p>\n<p>\u2013 Hallo, jeg heier p\u00e5 grunnloven, jeg! Jeg skrev jo en l\u00e5t om det, s\u00e5 jeg syns det er utrolig stas. Hvorfor danset ikke jeg selv til den l\u00e5ten? ler hun.<\/p>\n<p>        <img class=\"image__img lazyload\" itemprop=\"image\" title=\"Foto: Aurora Pevik Haugn\u00e6ss\" alt=\"GRUNNLOVEN: Danby Choi og Norunn danset for \u00abgrunnloven\u00bb Foto: Aurora Pevik Haugn\u00e6ss\" width=\"978\" height=\"551\" bad-src=\"https:\/\/www.europesays.com\/no\/wp-content\/uploads\/2025\/11\/18315294.webp\" fetchpriority=\"auto\" \/><\/p>\n<p>      GRUNNLOVEN: Danby Choi og Norunn danset for \u00abgrunnloven\u00bb<br \/>\n         Foto: Aurora Pevik Haugn\u00e6ss<\/p>\n<p>\u2013 Hadde gjort det igjen<\/p>\n<p>Myra kjenner godt til \u00abSkal vi danse\u00bb-universet. I 2023 var hun selv deltaker sammen med J\u00f8rgen Nilsen, og duoen danset seg helt til uke \u00e5tte.<\/p>\n<p>\u2013 Det er deilig \u00e5 kunne sitte i salen og bare nyte. Slippe nervene, tankekj\u00f8ret og alt det der. N\u00e5 er det deres tur til \u00e5 kjenne p\u00e5 det, mens jeg bare kan heie, sier hun.<\/p>\n<p>Men artisten legger ikke skjul p\u00e5 at hun savner \u00abdanseboblen\u00bb.<\/p>\n<p>\u2013 Det var en helt fantastisk h\u00f8st. Jeg hadde gjort det igjen uten \u00e5 blunke, sier hun.<\/p>\n<p>        <img class=\"image__img lazyload\" itemprop=\"image\" title=\"Foto: Jonas Been Henriksen\" alt=\"\u00abSKAL VI DANSE\u00bb: Regina \u00abMyra\u00bb Tucker og J\u00f8rgen Nilsen danset sammen i 2023. Foto: Jonas Been Henriksen\" width=\"675\" height=\"379\" bad-src=\"https:\/\/www.europesays.com\/no\/wp-content\/uploads\/2025\/11\/18315300.webp\" fetchpriority=\"auto\" \/><\/p>\n<p>      \u00abSKAL VI DANSE\u00bb: Regina \u00abMyra\u00bb Tucker og J\u00f8rgen Nilsen danset sammen i 2023.<br \/>\n         Foto: Jonas Been Henriksen<\/p>\n","protected":false},"excerpt":{"rendered":"L\u00f8rdag kveld er det duket for nok en runde med \u00abSkal vi danse\u00bb.\u00a0 Denne uken skal deltakerne tolke&hellip;\n","protected":false},"author":2,"featured_media":94118,"comment_status":"","ping_status":"","sticky":false,"template":"","format":"standard","meta":{"footnotes":""},"categories":[58],"tags":[71,30,28,29,72],"class_list":{"0":"post-94117","1":"post","2":"type-post","3":"status-publish","4":"format-standard","5":"has-post-thumbnail","7":"category-underholdning","8":"tag-entertainment","9":"tag-no","10":"tag-norge","11":"tag-norway","12":"tag-underholdning"},"share_on_mastodon":{"url":"https:\/\/pubeurope.com\/@no\/115595320041121522","error":""},"_links":{"self":[{"href":"https:\/\/www.europesays.com\/no\/wp-json\/wp\/v2\/posts\/94117","targetHints":{"allow":["GET"]}}],"collection":[{"href":"https:\/\/www.europesays.com\/no\/wp-json\/wp\/v2\/posts"}],"about":[{"href":"https:\/\/www.europesays.com\/no\/wp-json\/wp\/v2\/types\/post"}],"author":[{"embeddable":true,"href":"https:\/\/www.europesays.com\/no\/wp-json\/wp\/v2\/users\/2"}],"replies":[{"embeddable":true,"href":"https:\/\/www.europesays.com\/no\/wp-json\/wp\/v2\/comments?post=94117"}],"version-history":[{"count":0,"href":"https:\/\/www.europesays.com\/no\/wp-json\/wp\/v2\/posts\/94117\/revisions"}],"wp:featuredmedia":[{"embeddable":true,"href":"https:\/\/www.europesays.com\/no\/wp-json\/wp\/v2\/media\/94118"}],"wp:attachment":[{"href":"https:\/\/www.europesays.com\/no\/wp-json\/wp\/v2\/media?parent=94117"}],"wp:term":[{"taxonomy":"category","embeddable":true,"href":"https:\/\/www.europesays.com\/no\/wp-json\/wp\/v2\/categories?post=94117"},{"taxonomy":"post_tag","embeddable":true,"href":"https:\/\/www.europesays.com\/no\/wp-json\/wp\/v2\/tags?post=94117"}],"curies":[{"name":"wp","href":"https:\/\/api.w.org\/{rel}","templated":true}]}}