{"id":94120,"date":"2025-11-22T20:52:09","date_gmt":"2025-11-22T20:52:09","guid":{"rendered":"https:\/\/www.europesays.com\/no\/94120\/"},"modified":"2025-11-22T20:52:09","modified_gmt":"2025-11-22T20:52:09","slug":"gardermoen-luftfart-batterier-til-hodelykt-tok-fyr-i-handbagasjen-pa-sas-fly-atte-til-sykehus","status":"publish","type":"post","link":"https:\/\/www.europesays.com\/no\/94120\/","title":{"rendered":"Gardermoen, Luftfart | Batterier til hodelykt tok fyr i h\u00e5ndbagasjen p\u00e5 SAS-fly \u2013 \u00e5tte til sykehus"},"content":{"rendered":"\n<p><b>GARDERMOEN: <\/b>Havarikommisjonen karakteriserer saken som en \u00abalvorlig luftfartshendelse.\u00bb, skriver <a href=\"https:\/\/flysmart24.no\/2025\/11\/22\/brann-i-batteri-om-bord-blir-gransket\/\" rel=\"nofollow noopener\" target=\"_blank\">Flysmart24<\/a>.<\/p>\n<p>\u2013 Det var batteriene til en hodelykt som tok fyr, forteller avdelingsdirekt\u00f8r K\u00e5re Halvorsen i luftfartsavdelingen i Statens havarikommisjon til NTB.<\/p>\n<p>\u00c5tte personer ble sendt til sykehus etter mistanke om de kunne ha pustet inn giftig r\u00f8yk etter brannen.<\/p>\n<p>Brannen i batteriene til hodelykten i en koffert oppsto om kvelden 14. oktober mens passasjerene var p\u00e5 vei om bord i et SAS-fly som skulle til Bergen. <\/p>\n<p> \u2013 50 passasjerer hadde kommet om bord da det ble oppdaget r\u00f8yk fra en koffert tilh\u00f8rende en reisende. Det ble sl\u00e5tt fast at det brant. Kabinen ble evakuert, skriver <a href=\"https:\/\/havarikommisjonen.no\/Luftfart\/Luftfart\/Undersokelser\/25-613\" rel=\"nofollow noopener\" target=\"_blank\">Havarikommisjon<\/a>.<\/p>\n<p>Blusset opp igjen<\/p>\n<p>Pilotene i cockpit tok p\u00e5 seg oksygenmasker, og kabinbesetningen tok p\u00e5 r\u00f8ykhetter f\u00f8r de brukte brannslukkingsapparat mot kofferten. <\/p>\n<p>Kofferten ble brakt ut av flyet av kabinbesetningen og brannmannskapene til Oslo lufthavn tok h\u00e5nd om den. Etter f\u00f8rste slukkefors\u00f8k blusset brannen opp igjen. <\/p>\n<p>Alle de \u00e5tte som ble kj\u00f8rt til sykehus, ble skrevet ut innen 48 timer.<\/p>\n","protected":false},"excerpt":{"rendered":"GARDERMOEN: Havarikommisjonen karakteriserer saken som en \u00abalvorlig luftfartshendelse.\u00bb, skriver Flysmart24. \u2013 Det var batteriene til en hodelykt som&hellip;\n","protected":false},"author":2,"featured_media":94121,"comment_status":"","ping_status":"","sticky":false,"template":"","format":"standard","meta":{"footnotes":""},"categories":[10],"tags":[36,20,21,24,25,2380,15,22,23,301,13,30,28,29,14,16,3283,1510,26,27],"class_list":{"0":"post-94120","1":"post","2":"type-post","3":"status-publish","4":"format-standard","5":"has-post-thumbnail","7":"category-norge","8":"tag-art","9":"tag-breaking-news","10":"tag-breakingnews","11":"tag-featured-news","12":"tag-featurednews","13":"tag-gardermoen","14":"tag-headlines","15":"tag-latest-news","16":"tag-latestnews","17":"tag-luftfart","18":"tag-news","19":"tag-no","20":"tag-norge","21":"tag-norway","22":"tag-nyheter","23":"tag-overskrifter","24":"tag-sas","25":"tag-story","26":"tag-top-stories","27":"tag-topstories"},"share_on_mastodon":{"url":"https:\/\/pubeurope.com\/@no\/115595335869660189","error":""},"_links":{"self":[{"href":"https:\/\/www.europesays.com\/no\/wp-json\/wp\/v2\/posts\/94120","targetHints":{"allow":["GET"]}}],"collection":[{"href":"https:\/\/www.europesays.com\/no\/wp-json\/wp\/v2\/posts"}],"about":[{"href":"https:\/\/www.europesays.com\/no\/wp-json\/wp\/v2\/types\/post"}],"author":[{"embeddable":true,"href":"https:\/\/www.europesays.com\/no\/wp-json\/wp\/v2\/users\/2"}],"replies":[{"embeddable":true,"href":"https:\/\/www.europesays.com\/no\/wp-json\/wp\/v2\/comments?post=94120"}],"version-history":[{"count":0,"href":"https:\/\/www.europesays.com\/no\/wp-json\/wp\/v2\/posts\/94120\/revisions"}],"wp:featuredmedia":[{"embeddable":true,"href":"https:\/\/www.europesays.com\/no\/wp-json\/wp\/v2\/media\/94121"}],"wp:attachment":[{"href":"https:\/\/www.europesays.com\/no\/wp-json\/wp\/v2\/media?parent=94120"}],"wp:term":[{"taxonomy":"category","embeddable":true,"href":"https:\/\/www.europesays.com\/no\/wp-json\/wp\/v2\/categories?post=94120"},{"taxonomy":"post_tag","embeddable":true,"href":"https:\/\/www.europesays.com\/no\/wp-json\/wp\/v2\/tags?post=94120"}],"curies":[{"name":"wp","href":"https:\/\/api.w.org\/{rel}","templated":true}]}}