{"id":94122,"date":"2025-11-22T20:53:24","date_gmt":"2025-11-22T20:53:24","guid":{"rendered":"https:\/\/www.europesays.com\/no\/94122\/"},"modified":"2025-11-22T20:53:24","modified_gmt":"2025-11-22T20:53:24","slug":"redningstjenesten-redningshelikopterbase-redningsbasen-i-tromso-handler-om-a-redde-liv-ikke-militaer-tilstedevaerelse","status":"publish","type":"post","link":"https:\/\/www.europesays.com\/no\/94122\/","title":{"rendered":"Redningstjenesten, Redningshelikopterbase | Redningsbasen i Troms\u00f8 handler om \u00e5 redde liv \u2013 ikke milit\u00e6r tilstedev\u00e6relse"},"content":{"rendered":"\n<p><b>Debatten om fremtidig drift av redningshelikopterbasen i Troms\u00f8 har skapt inntrykk av at basen f\u00f8rst og fremst skal v\u00e6re en del av \u00abtotalberedskapen\u00bb i nord. Det er viktig \u00e5 sl\u00e5 fast hva denne basen faktisk handler om: \u00e5 redde liv til havs og p\u00e5 land \u2013 hver eneste dag. Redningstjenesten er en samfunnskritisk funksjon, og den m\u00e5 vurderes ut fra evne til \u00e5 levere rask, effektiv og trygg hjelp n\u00e5r ulykken er ute.<\/b><\/p>\n<p>I debatten har det ogs\u00e5 blitt fremmet p\u00e5stander om CHC sin operasjon som er feilaktige, og det er viktig at beslutningstagerne som skal bestemme fremtiden til redningstjenesten til befolkningen i Troms, har de riktige faktaene.<\/p>\n<p>  <a href=\"https:\/\/www.nordnorskdebatt.no\/5-124-397958\" class=\"related-teaser has-image default-opinion-teaser article--c-eRUmMG article--c-eRUmMG-jKCPdD-design-default\" rel=\"nofollow noopener\" target=\"_blank\"><\/p>\n<p>    <img decoding=\"async\" loading=\"lazy\"  src=\"https:\/\/www.europesays.com\/no\/wp-content\/uploads\/2025\/11\/SAR+1.jpg\" alt=\"\" class=\"brick-c-cFOWSL\" style=\"\"\/><\/p>\n<p>\n            Les ogs\u00e5<\/p>\n<p>              Flere AW101 \u2013 for en styrket totalberedskap i nord\n        <\/p>\n<p>  <\/a><br \/>\n  Vi flyr like langt som SAR Queen<\/p>\n<p>B\u00e5de p\u00e5 redaksjonell- og kronikkplass har det blitt skrevet at helikoptrene til sivile akt\u00f8rer ikke kan n\u00e5 Svalbard fra Troms\u00f8. Dette er feil.<\/p>\n<p>V\u00e5re helikoptre har rekkevidde som matcher Forsvarets maskiner, og vi har aldri kansellert oppdrag p\u00e5 grunn av rekkevidde. Vi kan fly mellom Troms\u00f8 og Svalbard uten \u00e5 mellomlande p\u00e5 Bj\u00f8rn\u00f8ya som er et alternativ. Vi har i tillegg gjennomf\u00f8rt medisinske evakueringer s\u00e5 langt nord som 86 og 87 grader.<\/p>\n<p>CHC leverer minst like godt som Forsvaret \u2013 til lavere kostnad<\/p>\n<p>Siden 2022 har CHC Helikopter Service driftet Troms\u00f8basen med ekstremt h\u00f8y kvalitet. Over 99 prosent tilgjengelighet og responstid p\u00e5 15 minutter, d\u00f8gnet rundt. V\u00e5re resultater er minst p\u00e5 niv\u00e5 med 330-skvadronen, og vi gj\u00f8r det til en lavere kostnad for samfunnet.<\/p>\n<p>Hvis forsvaret skal drifte Troms\u00f8-basen i fremtiden vil det medf\u00f8re milliardutgifter til b\u00e5de kj\u00f8p av helikoptre, bygging av ny base samt en mye h\u00f8yere kostnad per flytime enn det CHC i dag har. I en tid med pressede offentlige budsjetter og et forsvar som trenger \u00e5 investere mye i nytt materiell b\u00f8r dette v\u00e6re et tungtveiende argument.<\/p>\n<p>  <a href=\"https:\/\/www.nordnorskdebatt.no\/5-124-398771\" class=\"related-teaser has-image default-opinion-teaser article--c-eRUmMG article--c-eRUmMG-jKCPdD-design-default\" rel=\"nofollow noopener\" target=\"_blank\"><\/p>\n<p>    <img decoding=\"async\" loading=\"lazy\"  src=\"https:\/\/www.europesays.com\/no\/wp-content\/uploads\/2025\/11\/st%C3%B8re+heli.jpg\" alt=\"\" class=\"brick-c-cFOWSL\" style=\"\"\/><\/p>\n<p>\n            Les ogs\u00e5<\/p>\n<p>              Sleip trenering fra Arbeiderpartiet\n        <\/p>\n<p>  <\/a><\/p>\n<p>   <img decoding=\"async\" width=\"6000\" height=\"4000\" fetchpriority=\"low\"  loading=\"lazy\"  src=\"https:\/\/www.europesays.com\/no\/wp-content\/uploads\/2025\/11\/Redningshelikopter.jpg\" alt=\"Nytt redningshelikopter snart operativt.\" class=\"brick-c-cFOWSL\" style=\"--brick-image-ratio: 6000 \/ 4000;\"\/><\/p>\n<p>      CHC Helikopter Service driver redningsbasen i Troms\u00f8 med helikoptertypen Sikorsky S-92.<br \/>\n      Foto: Ole \u00c5sheim\n    <\/p>\n<p>Sivil drift gir en mer robust redningstjeneste<\/p>\n<p>Et viktig argument for \u00e5 videref\u00f8re en sivil redningshelikopterbase i Nord er at det gir en mer robust tjeneste. Hovedredningssentralen har v\u00e6rt opptatt av \u00e5 ha andre helikoptertyper tilgjengelig for ekstra robusthet dersom det skulle oppst\u00e5 problemer for SAR Queen, og disse skulle bli satt p\u00e5 bakken. Det er vi kjent med blant annet fra Hovedredningssentralens faglige anbefaling om \u00e5 videref\u00f8re Flor\u00f8-basen som sivilt drevet redningshelikopterbase tilbake i 2022. Det er ikke uvanlig n\u00e5r det kommer til helikoptre at alle av en viss type settes p\u00e5 bakken, og det er et faktum at dette skjedde for SAR Queen i 2024. Hvis vi bare har denne helikoptertypen i redningstjenesten betyr det at vi st\u00e5r helt uten helikopterdekning i Norge dersom SAR Queen m\u00e5 settes p\u00e5 bakken.<\/p>\n<p>  <a href=\"https:\/\/www.nordnorskdebatt.no\/5-124-398853\" class=\"related-teaser has-image default-opinion-teaser article--c-eRUmMG article--c-eRUmMG-jKCPdD-design-default\" rel=\"nofollow noopener\" target=\"_blank\"><\/p>\n<p>    <img decoding=\"async\" loading=\"lazy\"  src=\"https:\/\/www.europesays.com\/no\/wp-content\/uploads\/2025\/11\/Helikopter+%C3%85sheim.jpg\" alt=\"\" class=\"brick-c-cFOWSL\" style=\"\"\/><\/p>\n<p>\n            Les ogs\u00e5<\/p>\n<p>              La redningstjenesten v\u00e6re sivil og Forsvaret produsere forsvar\n        <\/p>\n<p>  <\/a><br \/>\n  Viktig at debatten ikke g\u00e5r i feil spor<\/p>\n<p>Men det aller viktigste for oss er at denne debatten m\u00e5 handle om det som faktisk er oppgaven v\u00e5r: \u00c5 v\u00e6re en sivil redningstjeneste som redder folk i n\u00f8d i fjellet, som henter opp fiskere fra ekstreme v\u00e6rforhold i havet og som raskt kan frakte livstruende skadde til sykehus. I debatten trekkes det inn argumenter om at Troms\u00f8basen vil v\u00e6re viktig for totalberedskapen og for helikopterkapasiteten i en krigssituasjon. Men det som faktisk er det viktigste er at Hovedredningssentralen for Nord- Norge har en helikopterkapasitet som de kan r\u00e5de over n\u00e5r folk i Troms har g\u00e5tt seg bort p\u00e5 i naturen eller n\u00e5r en skikj\u00f8rer ligger begravd i et sn\u00f8skred i Lyngen.<\/p>\n<p>La oss bygge videre p\u00e5 suksessen<\/p>\n<p>CHC har i flere ti\u00e5r levert redningshelikoptertjenester i Norge, b\u00e5de i Flor\u00f8, p\u00e5 Svalbard og i Troms\u00f8. Vi har moderne teknologi, dedikerte mannskaper og internasjonale standarder for sikkerhet. Troms\u00f8basen er ikke en milit\u00e6r base \u2013 den er en livredder for fiskere, turister og industriarbeidere i nord. Det b\u00f8r v\u00e6re utgangspunktet for debatten.<\/p>\n<p>Vi oppfordrer Stortinget og nordnorske politikere til \u00e5 basere beslutningen p\u00e5 dokumenterte resultater, ikke antakelser. Bevar sivil drift i Troms\u00f8 etter 2028 \u2013 for nord, for Norge.<\/p>\n","protected":false},"excerpt":{"rendered":"Debatten om fremtidig drift av redningshelikopterbasen i Troms\u00f8 har skapt inntrykk av at basen f\u00f8rst og fremst skal&hellip;\n","protected":false},"author":2,"featured_media":94123,"comment_status":"","ping_status":"","sticky":false,"template":"","format":"standard","meta":{"footnotes":""},"categories":[5],"tags":[36,20,21,12214,24,25,1903,15,19,22,23,17,18,13,30,28,29,14,1533,16,12034,8056,12216,12215,26,27],"class_list":{"0":"post-94122","1":"post","2":"type-post","3":"status-publish","4":"format-standard","5":"has-post-thumbnail","7":"category-overskrifter","8":"tag-art","9":"tag-breaking-news","10":"tag-breakingnews","11":"tag-chc-helikopter-service","12":"tag-featured-news","13":"tag-featurednews","14":"tag-forsvaret","15":"tag-headlines","16":"tag-hovedoppslag","17":"tag-latest-news","18":"tag-latestnews","19":"tag-main-news","20":"tag-mainnews","21":"tag-news","22":"tag-no","23":"tag-norge","24":"tag-norway","25":"tag-nyheter","26":"tag-opinion","27":"tag-overskrifter","28":"tag-redningshelikopterbase","29":"tag-redningstjenesten","30":"tag-sar-queen","31":"tag-sikorsky-s-92","32":"tag-top-stories","33":"tag-topstories"},"share_on_mastodon":{"url":"https:\/\/pubeurope.com\/@no\/115595339914549832","error":""},"_links":{"self":[{"href":"https:\/\/www.europesays.com\/no\/wp-json\/wp\/v2\/posts\/94122","targetHints":{"allow":["GET"]}}],"collection":[{"href":"https:\/\/www.europesays.com\/no\/wp-json\/wp\/v2\/posts"}],"about":[{"href":"https:\/\/www.europesays.com\/no\/wp-json\/wp\/v2\/types\/post"}],"author":[{"embeddable":true,"href":"https:\/\/www.europesays.com\/no\/wp-json\/wp\/v2\/users\/2"}],"replies":[{"embeddable":true,"href":"https:\/\/www.europesays.com\/no\/wp-json\/wp\/v2\/comments?post=94122"}],"version-history":[{"count":0,"href":"https:\/\/www.europesays.com\/no\/wp-json\/wp\/v2\/posts\/94122\/revisions"}],"wp:featuredmedia":[{"embeddable":true,"href":"https:\/\/www.europesays.com\/no\/wp-json\/wp\/v2\/media\/94123"}],"wp:attachment":[{"href":"https:\/\/www.europesays.com\/no\/wp-json\/wp\/v2\/media?parent=94122"}],"wp:term":[{"taxonomy":"category","embeddable":true,"href":"https:\/\/www.europesays.com\/no\/wp-json\/wp\/v2\/categories?post=94122"},{"taxonomy":"post_tag","embeddable":true,"href":"https:\/\/www.europesays.com\/no\/wp-json\/wp\/v2\/tags?post=94122"}],"curies":[{"name":"wp","href":"https:\/\/api.w.org\/{rel}","templated":true}]}}