{"id":94130,"date":"2025-11-22T21:20:15","date_gmt":"2025-11-22T21:20:15","guid":{"rendered":"https:\/\/www.europesays.com\/no\/94130\/"},"modified":"2025-11-22T21:20:15","modified_gmt":"2025-11-22T21:20:15","slug":"tysk-industri-skal-fa-stromstotte-e24","status":"publish","type":"post","link":"https:\/\/www.europesays.com\/no\/94130\/","title":{"rendered":"Tysk industri skal f\u00e5 str\u00f8mst\u00f8tte \u2013 E24"},"content":{"rendered":"<p class=\"fullWidthDesktop hyperion-css-71ztg2\" data-test-tag=\"lead-text\">Tyskland planlegger str\u00f8mst\u00f8tte til egen industri fra 2026. Men st\u00f8tten har en rekke begrensninger, p\u00e5peker Norsk Industri.<\/p>\n<p><img decoding=\"async\" class=\"image-asset hyperion-css-u06ts1\" data-test-tag=\"image-asset\" src=\"https:\/\/www.europesays.com\/no\/wp-content\/uploads\/2025\/11\/04b44cdf-f085-4933-af1f-24ce470a5abf\"  alt=\"Europeisk industri sliter med konkurranseevnen p\u00e5 grunn av dyr energi. N\u00e5 vil Tyskland sette et tak p\u00e5 str\u00f8mprisen, men deler av industrien mener at EU-regler begrenser st\u00f8tten for mye. Anlegget p\u00e5 bildet tilh\u00f8rer st\u00e5lprodusenten Salzgitter AG.\"  loading=\"eager\" fetchpriority=\"high\" style=\"aspect-ratio:1900 \/ 1288\"\/>Europeisk industri sliter med konkurranseevnen p\u00e5 grunn av dyr energi. N\u00e5 vil Tyskland sette et tak p\u00e5 str\u00f8mprisen, men deler av industrien mener at EU-regler begrenser st\u00f8tten for mye. Anlegget p\u00e5 bildet tilh\u00f8rer st\u00e5lprodusenten Salzgitter AG. Foto: Fabian Bimmer \/ Reuters \/ NTBPublisert: Publisert: <\/p>\n<p>For mindre enn 40 minutter siden<\/p>\n<p>Kortversjonen<\/p>\n<ul class=\"hyperion-css-pkq1ci\" data-test-tag=\"list\">\n<li class=\"hyperion-css-12h2ush\">Tyskland planlegger en tre\u00e5rig str\u00f8mst\u00f8tteordning for industrien, \u00abIndustriestrompreis\u00bb, som skal ha et tak p\u00e5 fem eurocent (59 \u00f8re) per kilowattime.<\/li>\n<li class=\"hyperion-css-12h2ush\">Ordningen dekker imidlertid kun halvparten av forbruket, og bedrifter f\u00e5r ogs\u00e5 krav om \u00e5 investere halvparten av st\u00f8tten i gr\u00f8nne tiltak.<\/li>\n<li class=\"hyperion-css-12h2ush\">Ordningen fremst\u00e5r derfor mindre gunstig enn det kunne se ut til ved f\u00f8rste \u00f8yekast, if\u00f8lge Norsk Industri-sjef Harald Solberg.<\/li>\n<li class=\"hyperion-css-12h2ush\">Tysk industri mener at st\u00f8tteordningen ikke er tilstrekkelig til \u00e5 sikre deres konkurranseevne, og \u00f8nsker \u00e5 endre EU-reglene som setter begrensninger p\u00e5 st\u00f8tten.<\/li>\n<\/ul>\n<p class=\"hyperion-css-10lbhat\">Oppsummeringen er laget av AI-verkt\u00f8yet ChatGPT og kvalitetssikret av E24s journalister<\/p>\n<p>Vis mer <\/p>\n<ul class=\"hyperion-css-pte5x0\">\n<li aria-label=\"link\" class=\"narrow-button hyperion-css-1sz7d3n\">Kopier lenke<\/li>\n<li aria-label=\"link\" class=\"wide-button hyperion-css-1sz7d3n\">Kopier lenke<\/li>\n<li aria-label=\"facebook\" class=\"narrow-button hyperion-css-1sz7d3n\">Del p\u00e5 Facebook<\/li>\n<li aria-label=\"facebook\" class=\"wide-button hyperion-css-1sz7d3n\">Del p\u00e5 Facebook<\/li>\n<li aria-label=\"email\" class=\"narrow-button hyperion-css-1sz7d3n\">Del med e-post<\/li>\n<li aria-label=\"email\" class=\"wide-button hyperion-css-1sz7d3n\">Del med e-post<\/li>\n<\/ul>\n<p class=\"hyperion-css-1lemvax\">Koalisjonsregjeringen i Tyskland har blitt enige om hovedpunktene i en ny ordning, if\u00f8lge blant andre <a aria-label=\"Reuters\" class=\"default hyperion-css-1rezu2g\" href=\"https:\/\/www.reuters.com\/business\/energy\/german-coalition-agrees-subsidised-power-price-industry-2025-11-13\/\" rel=\"noopener nofollow noreferrer\" data-test-tag=\"external-link\" target=\"_blank\">Reuters<\/a>.<\/p>\n<p class=\"hyperion-css-1lemvax\">Den omtales som Industriestrompreis, eller \u00abindustripris p\u00e5 str\u00f8m\u00bb, og setter et pristak p\u00e5 str\u00f8mmen p\u00e5 fem eurocent (59 \u00f8re) per kilowattime.<\/p>\n<p class=\"hyperion-css-1lemvax\">Det er omtrent p\u00e5 linje med fjor\u00e5rets snittpris i Norges dyreste prisomr\u00e5de, NO2 lengst s\u00f8r i landet.<\/p>\n<p class=\"hyperion-css-1lemvax\">Men det reelle pristaket er trolig h\u00f8yere enn det ser ut til. Ordningen har en rekke begrensninger, if\u00f8lge administrerende direkt\u00f8r Harald Solberg i Norsk Industri.<\/p>\n<p class=\"hyperion-css-1lemvax\"><strong>\u2013 Vi har pr\u00f8vd \u00e5 se litt n\u00e6rmere p\u00e5 hva som er innholdet i denne ordningen. Den fremst\u00e5r som mye mindre gunstig enn det den s\u00e5 ut ved f\u00f8rste \u00f8yekast, sier Solberg til E24.<\/strong><\/p>\n<p class=\"hyperion-css-1lemvax\">Ordningen skal gjelde i tre \u00e5r. Deler av tysk industri mener ordningen ikke g\u00e5r langt nok. Det kan du lese mer om lenger nede.<\/p>\n<p><a data-test-tag=\"teaser-small:link-internal\" href=\"https:\/\/e24.no\/energi-og-klima\/i\/vgpQJ5\/slik-vil-eu-kutte-energiregningen\" class=\"imagePosition-top inline hyperion-css-6238vu\" rel=\"nofollow noopener\" target=\"\" aria-label=\"Slik vil EU kutte energiregningen\"><\/p>\n<p>Les ogs\u00e5<\/p>\n<p>Slik vil EU kutte energiregningen<\/p>\n<p><\/a>\u2013 Viktig \u00e5 ta vare p\u00e5 rammevilk\u00e5rene<\/p>\n<p class=\"hyperion-css-1lemvax\">Solberg ser Tysklands forslag i sammenheng med <a data-test-tag=\"internal-link\" href=\"https:\/\/e24.no\/norsk-oekonomi\/i\/gwXR3a\/naa-er-det-avgjort-norge-rammes-av-eu-toll\" class=\"hyperion-css-1rezu2g\" rel=\"nofollow noopener\" target=\"\" aria-label=\"EUs beskyttelsestiltak p\u00e5 ferrolegeringer\">EUs beskyttelsestiltak p\u00e5 ferrolegeringer<\/a> som ble varslet denne uken.<\/p>\n<p class=\"hyperion-css-1lemvax\">Europa <a data-test-tag=\"internal-link\" href=\"https:\/\/e24.no\/energi-og-klima\/i\/vgpQJ5\/slik-vil-eu-kutte-energiregningen\" class=\"hyperion-css-1rezu2g\" rel=\"nofollow noopener\" target=\"\" aria-label=\"sliter med konkurranseevnen\">sliter med konkurranseevnen<\/a> mot land som Kina og USA, blant annet p\u00e5 grunn av h\u00f8ye energipriser.<\/p>\n<p class=\"hyperion-css-1lemvax\"><strong>\u2013 Det er interessant og verdt \u00e5 merke seg i en internasjonal sammenheng at det tas grep for \u00e5 sikre konkurranseevnen i landene rundt oss. Det forteller meg at det er viktig \u00e5 ta vare p\u00e5 de rammevilk\u00e5rene vi har i Norge, sier Solberg.<\/strong><\/p>\n<p><img decoding=\"async\" class=\"image-asset hyperion-css-u06ts1\" data-test-tag=\"image-asset\" src=\"https:\/\/www.europesays.com\/no\/wp-content\/uploads\/2025\/11\/ae974389-85b2-4e80-afb5-a536e74834bf\"  alt=\"Administrerende direkt\u00f8r Harald Solberg i Norsk Industri.\"  loading=\"eager\" fetchpriority=\"high\" style=\"aspect-ratio:1900 \/ 1267\"\/>Administrerende direkt\u00f8r Harald Solberg i Norsk Industri. Foto: Heiko Junge \/ NTB<a data-test-tag=\"teaser-small:link-internal\" href=\"https:\/\/e24.no\/norsk-oekonomi\/i\/0VwwAE\/ekspert-etter-eu-toll-norge-maa-kjempe\" class=\"imagePosition-top inline hyperion-css-6238vu\" rel=\"nofollow noopener\" target=\"\" aria-label=\"Ekspert etter EU-toll: \u2013 Norge m\u00e5 kjempe\"><\/p>\n<p>Les ogs\u00e5<\/p>\n<p>Ekspert etter EU-toll: \u2013 Norge m\u00e5 kjempe<\/p>\n<p><\/a>Dekker bare halve forbruket<\/p>\n<p class=\"hyperion-css-1lemvax\">Tidligere i \u00e5r kom EUs rammeverk <a aria-label=\"Clean industrial state aid framework\" class=\"default hyperion-css-1rezu2g\" href=\"https:\/\/www.regjeringen.no\/no\/aktuelt\/esa-vedtar-nye-retningslinjer-for-stotte-til-gronn-omstilling\/id3116103\/\" rel=\"noopener nofollow noreferrer\" data-test-tag=\"external-link\" target=\"_blank\">Clean industrial state aid framework<\/a> (CISAF).<\/p>\n<p class=\"hyperion-css-1lemvax\">Regelverket gir mulighet for midlertidig prisavlastning for energiintensive forbrukere for \u00e5 unng\u00e5 at de flytter ut av Europa, <a aria-label=\"if\u00f8lge NHO\" class=\"default hyperion-css-1rezu2g\" href=\"https:\/\/www.nho.no\/tema\/eos-og-internasjonal-handel\/nho-brussel\/artikler\/kommisjonen-vedtar-nytt-rammeverk-for-statsstotte--clean-industrial-state-aid-framework-cisaf\/\" rel=\"noopener nofollow noreferrer\" data-test-tag=\"external-link\" target=\"_blank\">if\u00f8lge NHO<\/a>.<\/p>\n<p class=\"hyperion-css-1lemvax\">Men det er begrensninger p\u00e5 st\u00f8tten, p\u00e5peker Solberg.<\/p>\n<p class=\"hyperion-css-1lemvax\"><strong>\u2013 Det er blant annet sterke begrensninger i form av at bedrifter bare kan f\u00e5 st\u00f8tte for halvparten av forbruket, og at de m\u00e5 forplikte seg til \u00e5 investere i gr\u00f8nne tiltak, sier han.<\/strong><\/p>\n<p class=\"hyperion-css-1lemvax\">Det er <a aria-label=\"EU-reglene\" class=\"default hyperion-css-1rezu2g\" href=\"https:\/\/competition-policy.ec.europa.eu\/document\/download\/d960b2f1-d699-45c5-ad80-6e82700da393_en?filename=CISAF_staff-working-doc_C_2025_850_en.pdf\" rel=\"noopener nofollow noreferrer\" data-test-tag=\"external-link\" target=\"_blank\">EU-reglene<\/a> som begrenser st\u00f8tten til halvparten av str\u00f8mforbruket. I tillegg m\u00e5 alts\u00e5 halve st\u00f8tten brukes p\u00e5 gr\u00f8nne investeringer, som fornybar energi eller energieffektivisering.<\/p>\n<p class=\"hyperion-css-1lemvax\">Klassekampen har <a aria-label=\"ogs\u00e5 omtalt\" class=\"default hyperion-css-1rezu2g\" href=\"https:\/\/klassekampen.no\/artikkel\/2025-11-21\/tyskland-subsidierer-industri\" rel=\"noopener nofollow noreferrer\" data-test-tag=\"external-link\" target=\"_blank\">ogs\u00e5 omtalt<\/a> Tysklands planer.<\/p>\n<p><a data-test-tag=\"teaser-small:link-internal\" href=\"https:\/\/e24.no\/internasjonal-oekonomi\/i\/LMyze9\/vil-trosse-eu-og-tilby-billig-stroem-gi-alt-for-norge\" class=\"imagePosition-top inline hyperion-css-6238vu\" rel=\"nofollow noopener\" target=\"\" aria-label=\"Vil trosse EU og tilby billig str\u00f8m: \u2013 Gi alt for Norge\"><\/p>\n<p>Les ogs\u00e5<\/p>\n<p>Vil trosse EU og tilby billig str\u00f8m: \u2013 Gi alt for Norge<\/p>\n<p><\/a>\u2013 Kan bli dyrt<\/p>\n<p class=\"hyperion-css-1lemvax\">\u2013 B\u00f8r regjeringen vurdere et pristak ogs\u00e5 for norsk industri, eller andre grep for \u00e5 sikre konkurranseevnen?<\/p>\n<p class=\"hyperion-css-1lemvax\">\u2013 Den kraftkrevende industrien har i all hovedsak langsiktige kontrakter p\u00e5 str\u00f8m. V\u00e5r bekymring er at det kan bli dyrt \u00e5 fornye dem, sier Solberg.<\/p>\n<p class=\"hyperion-css-1lemvax\">\u2013 Men det l\u00f8ser man ikke med et pristak, men ved \u00e5 bygge ut mer kraft. Den kanskje st\u00f8rste utfordringen for Norge konkurranseevne er at vi <a data-test-tag=\"internal-link\" href=\"https:\/\/e24.no\/energi-og-klima\/i\/pPbOyX\/ville-sikre-billig-stroem-skuffet\" class=\"hyperion-css-1rezu2g\" rel=\"nofollow noopener\" target=\"\" aria-label=\"ikke bygger ut nok kraft\">ikke bygger ut nok kraft<\/a>, sier han.<\/p>\n<p class=\"hyperion-css-1lemvax\">\u2013 Hvorfor g\u00e5r Tyskland n\u00e5 til et slikt steg?<\/p>\n<p class=\"hyperion-css-1lemvax\">\u2013 Fordi de har kjempeproblemer med sin langsiktige konkurransekraft. Tiltakene fra EU mot ferrolegeringer er et tegn p\u00e5 det samme, sier Solberg.<\/p>\n<p><a data-test-tag=\"teaser-small:link-internal\" href=\"https:\/\/e24.no\/boers-og-finans\/i\/e7WJWl\/dnb-forvalter-slik-utnytter-vi-boersuro\" class=\"imagePosition-top inline hyperion-css-6238vu\" rel=\"nofollow noopener\" target=\"\" aria-label=\"DNB-forvalter: Slik utnytter vi b\u00f8rsuro\"><\/p>\n<p>Les p\u00e5 E24+<\/p>\n<p>DNB-forvalter: Slik utnytter vi b\u00f8rsuro<\/p>\n<p><\/a>\u2013 M\u00e5 gj\u00f8re noe<\/p>\n<p class=\"hyperion-css-1lemvax\">Leder Frode Alfheim i fagforeningen Styrke har forst\u00e5else for at Tyskland tar grep for \u00e5 f\u00e5 ned energiprisene.<\/p>\n<p class=\"hyperion-css-1lemvax\">\u2013 N\u00e5r det gjelder energi er Norge i en helt annen situasjon enn tyskerne. V\u00e5re broder- og s\u00f8sterforbund ser p\u00e5 det det vi driver med i Norge som science fiction n\u00e5r de er p\u00e5 bes\u00f8k her, sier han til E24.<\/p>\n<p class=\"hyperion-css-1lemvax\">\u2013 De mister tusenvis av arbeidsplasser i m\u00e5neden og m\u00e5 gj\u00f8re noe hvis industrien deres skal overleve.<\/p>\n<p class=\"hyperion-css-1lemvax\">Han mener at norsk industri er avhengige av at tysk industri fungerer, fordi de er viktige kunder.<\/p>\n<p class=\"hyperion-css-1lemvax\">\u2013 Vi er gjensidig avhengige av hverandre, sier han.<\/p>\n<p class=\"hyperion-css-1lemvax\"> \u2013 Jeg er glad for at politikerne er opptatt av industriens rammebetingelser. Men det rammevilk\u00e5ret vi er mest opptatt av er \u00f8kt kraftutbygging og mer treffsikker investering i nett. I tillegg m\u00e5 CO\u2082-kompensasjonen og andre virkemidler ligge fast.<\/p>\n<p><img decoding=\"async\" class=\"image-asset hyperion-css-u06ts1\" data-test-tag=\"image-asset\" src=\"https:\/\/www.europesays.com\/no\/wp-content\/uploads\/2025\/11\/dfb4bbfa-72e4-4ef0-9246-afaaf6b7ebad\"  alt=\"Frode Alfheim er leder for fagforeningen Styrke (tidligere Industri Energi og FLT).\"  loading=\"eager\" fetchpriority=\"high\" style=\"aspect-ratio:1900 \/ 1267\"\/>Frode Alfheim er leder for fagforeningen Styrke (tidligere Industri Energi og FLT). Foto: Jonas Been Henriksen \/ NTB<a data-test-tag=\"teaser-small:link-internal\" href=\"https:\/\/e24.no\/energi-og-klima\/i\/pPbOyX\/ville-sikre-billig-stroem-skuffet\" class=\"imagePosition-top inline hyperion-css-6238vu\" rel=\"nofollow noopener\" target=\"\" aria-label=\"Ville sikre billig str\u00f8m: \u2013 Skuffet\"><\/p>\n<p>Les ogs\u00e5<\/p>\n<p>Ville sikre billig str\u00f8m: \u2013 Skuffet<\/p>\n<p><\/a>Bekymringer i tysk industri<\/p>\n<p class=\"hyperion-css-1lemvax\">If\u00f8lge den tyske organisasjonen for kraftintensive bedrifter (EID) har tyske str\u00f8mpriser omtrent doblet seg p\u00e5 permanent basis siden 2021.<\/p>\n<p class=\"hyperion-css-1lemvax\">Produksjonen sunket med 20 prosent, <a aria-label=\"opplyser de\" class=\"default hyperion-css-1rezu2g\" href=\"https:\/\/www.energieintensive.de\/aktuelles\/pressedetail?tx_news_pi1[action]=detail&amp;tx_news_pi1[controller]=News&amp;tx_news_pi1[news]=6947&amp;cHash=6c01103ba778a6ff167cb514411b668c\" rel=\"noopener nofollow noreferrer\" data-test-tag=\"external-link\" target=\"_blank\">opplyser de<\/a>.<\/p>\n<p class=\"hyperion-css-1lemvax\">Organisasjonens medlemmer produserer byggematerialer, kjemikalier, glass, metall, papir og st\u00e5l.<\/p>\n<p class=\"hyperion-css-1lemvax\">EID mener at en konkurransedyktig str\u00f8mpris for tysk industri ville ligge p\u00e5 mellom 47 og 71 \u00f8re kilowattimen (40-60 euro per megawattime).<\/p>\n<p class=\"hyperion-css-1lemvax\">Med restriksjonene i EUs regler ansl\u00e5r EID at tysk industri vil m\u00e5tte ut med om lag 99 \u00f8re kilowattimen, gitt en markedspris p\u00e5 1,12 kroner per kilowattime som var fjor\u00e5rets snittpris.<\/p>\n<p class=\"hyperion-css-1lemvax\">Dette er ikke tilstrekkelig til \u00e5 forbedre konkurranseevnen, <a aria-label=\"mener de\" class=\"default hyperion-css-1rezu2g\" href=\"https:\/\/www.energieintensive.de\/aktuelles\/pressedetail?tx_news_pi1[action]=detail&amp;tx_news_pi1[controller]=News&amp;tx_news_pi1[news]=6947&amp;cHash=6c01103ba778a6ff167cb514411b668c\" rel=\"noopener nofollow noreferrer\" data-test-tag=\"external-link\" target=\"_blank\">mener de<\/a>.<\/p>\n<p><a data-test-tag=\"teaser-small:link-internal\" href=\"https:\/\/e24.no\/internasjonal-oekonomi\/i\/xrA30G\/ikke-tegn-til-eu-grep-paa-aluminium-kan-ikke-utelukke-det\" class=\"imagePosition-top inline hyperion-css-6238vu\" rel=\"nofollow noopener\" target=\"\" aria-label=\"Ikke tegn til EU-grep p\u00e5 aluminium: \u2013 Kan ikke utelukke det\"><\/p>\n<p>Les ogs\u00e5<\/p>\n<p>Ikke tegn til EU-grep p\u00e5 aluminium: \u2013 Kan ikke utelukke det<\/p>\n<p><\/a>\u2013 Trenger en helhetlig l\u00f8sning<\/p>\n<p class=\"hyperion-css-1lemvax\">Den tyske st\u00e5lindustriens forening Wirtschaftsvereinigung Stahl (WV Stahl) <a aria-label=\"sier at industripris ikke vil ha noen effekt\" class=\"default hyperion-css-1rezu2g\" href=\"https:\/\/www.wvstahl.de\/pressemitteilungen\/strompreise-industriestrompreis-wirkt-nicht-fuer-die-stahlindustrie-netzentgelt-entlastung-wichtiger-schritt\/\" rel=\"noopener nofollow noreferrer\" data-test-tag=\"external-link\" target=\"_blank\">sier at industripris ikke vil ha noen effekt<\/a> for st\u00e5lbransjen, og etterlyser endringer i EU-reglene for \u00e5 forbedre ordnignen.<\/p>\n<p class=\"hyperion-css-1lemvax\"><a aria-label=\"Kalkbransjens forening\" class=\"default hyperion-css-1rezu2g\" href=\"https:\/\/www.kalk.de\/wissensportal\/pressemitteilungen\/2025\/kalkindustrie-draengt-auf-erweiterung-des-industriestrompreises\" rel=\"noopener nofollow noreferrer\" data-test-tag=\"external-link\" target=\"_blank\">Kalkbransjens forening<\/a> Bundesverband Kalkindustrie mener at deres bransje ikke vil omfattes, og sier at det er uforst\u00e5elig.<\/p>\n<p class=\"hyperion-css-1lemvax\">WV Stahl mener at tysk industri trenger stabile str\u00f8mpriser i omr\u00e5det 35-71 \u00f8re kilowattimen (30\u201360 euro per MWh), inkludert avgifter og nettleie.<\/p>\n<p class=\"hyperion-css-1lemvax\">\u2013 Vi trenger en helhetlig, b\u00e6rekraftig og konkret l\u00f8sning: En internasjonalt konkurransedyktig str\u00f8mpris for industrien p\u00e5 30-60 euro per megawattime \u00abalt inkludert\u00bb \u2013 det vil si inkludert nettavgifter og alle skatter og avgifter, sa leder Kerstin Maria Rippel i WV Stahl i <a aria-label=\"en melding nylig\" class=\"default hyperion-css-1rezu2g\" href=\"https:\/\/www.wvstahl.de\/pressemitteilungen\/strompreise-industriestrompreis-wirkt-nicht-fuer-die-stahlindustrie-netzentgelt-entlastung-wichtiger-schritt\/\" rel=\"noopener nofollow noreferrer\" data-test-tag=\"external-link\" target=\"_blank\">en melding nylig<\/a>.<\/p>\n<p class=\"hyperion-css-1lemvax\">Tyskland har for \u00f8vrig ogs\u00e5 varslet planer om \u00e5 redusere nettleien, som har \u00f8kt mye de siste \u00e5rene. Dette er WV Stahl forn\u00f8yde med.<\/p>\n","protected":false},"excerpt":{"rendered":"Tyskland planlegger str\u00f8mst\u00f8tte til egen industri fra 2026. Men st\u00f8tten har en rekke begrensninger, p\u00e5peker Norsk Industri. Europeisk&hellip;\n","protected":false},"author":2,"featured_media":94131,"comment_status":"","ping_status":"","sticky":false,"template":"","format":"standard","meta":{"footnotes":""},"categories":[10],"tags":[20,21,24,25,15,22,23,13,30,28,29,14,16,26,27],"class_list":{"0":"post-94130","1":"post","2":"type-post","3":"status-publish","4":"format-standard","5":"has-post-thumbnail","7":"category-norge","8":"tag-breaking-news","9":"tag-breakingnews","10":"tag-featured-news","11":"tag-featurednews","12":"tag-headlines","13":"tag-latest-news","14":"tag-latestnews","15":"tag-news","16":"tag-no","17":"tag-norge","18":"tag-norway","19":"tag-nyheter","20":"tag-overskrifter","21":"tag-top-stories","22":"tag-topstories"},"share_on_mastodon":{"url":"https:\/\/pubeurope.com\/@no\/115595446077527391","error":""},"_links":{"self":[{"href":"https:\/\/www.europesays.com\/no\/wp-json\/wp\/v2\/posts\/94130","targetHints":{"allow":["GET"]}}],"collection":[{"href":"https:\/\/www.europesays.com\/no\/wp-json\/wp\/v2\/posts"}],"about":[{"href":"https:\/\/www.europesays.com\/no\/wp-json\/wp\/v2\/types\/post"}],"author":[{"embeddable":true,"href":"https:\/\/www.europesays.com\/no\/wp-json\/wp\/v2\/users\/2"}],"replies":[{"embeddable":true,"href":"https:\/\/www.europesays.com\/no\/wp-json\/wp\/v2\/comments?post=94130"}],"version-history":[{"count":0,"href":"https:\/\/www.europesays.com\/no\/wp-json\/wp\/v2\/posts\/94130\/revisions"}],"wp:featuredmedia":[{"embeddable":true,"href":"https:\/\/www.europesays.com\/no\/wp-json\/wp\/v2\/media\/94131"}],"wp:attachment":[{"href":"https:\/\/www.europesays.com\/no\/wp-json\/wp\/v2\/media?parent=94130"}],"wp:term":[{"taxonomy":"category","embeddable":true,"href":"https:\/\/www.europesays.com\/no\/wp-json\/wp\/v2\/categories?post=94130"},{"taxonomy":"post_tag","embeddable":true,"href":"https:\/\/www.europesays.com\/no\/wp-json\/wp\/v2\/tags?post=94130"}],"curies":[{"name":"wp","href":"https:\/\/api.w.org\/{rel}","templated":true}]}}