{"id":94140,"date":"2025-11-22T21:33:09","date_gmt":"2025-11-22T21:33:09","guid":{"rendered":"https:\/\/www.europesays.com\/no\/94140\/"},"modified":"2025-11-22T21:33:09","modified_gmt":"2025-11-22T21:33:09","slug":"flytrafikken-innstilt-i-eindhoven-etter-droneobservasjon","status":"publish","type":"post","link":"https:\/\/www.europesays.com\/no\/94140\/","title":{"rendered":"Flytrafikken innstilt i Eindhoven etter droneobservasjon"},"content":{"rendered":"\n<p class=\"_lead_o9xde_2 _lead_xtcu6_50 layout-component text-serif-m layout-normal text-serif-l layout-component layout-wide layout-padded _wide_17hqh_1 layout-padded\">Flytrafikken ved flyplassen i byen Eindhoven er midlertidig innstilt etter at det har blitt observert flere droner der, sier Nederlands forsvarsminister.<\/p>\n<p>Aktiver kart<\/p>\n<ul aria-hidden=\"true\" class=\"_images_18f0k_111\">\n<li><a class=\"_link_18f0k_116\" href=\"https:\/\/www.vg.no\/forfatter\/ntb\" style=\"z-index:1\" title=\"NTB\" rel=\"nofollow noopener\" target=\"_blank\"><img alt=\"Bilde av NTB\" class=\"_image_18f0k_93\" fetchpriority=\"low\" loading=\"lazy\" decoding=\"async\" itemprop=\"image\"  src=\"https:\/\/www.europesays.com\/no\/wp-content\/uploads\/2025\/11\/1763847189_967_c33980b0-5d07-4027-84a1-813f90a7c8d6\"  width=\"480\"\/><\/a><\/li>\n<\/ul>\n<p> Oppdatert l\u00f8rdag 22. november kl. 22:00     <\/p>\n<p class=\"_paragraph_o9xde_4 _paragraph_xtcu6_10 layout-component text-serif-m layout-normal text-serif-m layout-padded\"> \u2013 Flere droner har blitt observert i n\u00e6rheten av Eindhoven lufthavn. Sivil og milit\u00e6r flytrafikk er derfor innstilt, sier forsvarsminister Ruben Brekelmans p\u00e5 <a href=\"https:\/\/x.com\/DefensieMin\/status\/1992322234321653827?s=20\" class=\"_link_o9xde_39\" rel=\"nofollow\">X<\/a>.<\/p>\n<p class=\"_paragraph_o9xde_4 _paragraph_xtcu6_10 layout-component text-serif-m layout-normal text-serif-m layout-padded\">Han sier at politiet er p\u00e5 stedet, og at dronebekjempelsesressurser og forsvarsdepartementet er klare til \u00e5 gripe inn. <\/p>\n<p class=\"_paragraph_o9xde_4 _paragraph_xtcu6_10 layout-component text-serif-m layout-normal text-serif-m layout-padded\">\u2013 Videre etterforskning p\u00e5g\u00e5r, og vi iverksetter tiltak der det er n\u00f8dvendig, skriver han. <\/p>\n<p class=\"_paragraph_o9xde_4 _paragraph_xtcu6_10 layout-component text-serif-m layout-normal text-serif-m layout-padded\">Eindhoven ligger s\u00f8r i <a href=\"https:\/\/www.vg.no\/tag\/nederland?utm_source=vg-article&amp;utm_medium=auto-tagger&amp;utm_campaign=oELvdg\" class=\"_link_o9xde_39\" rel=\"nofollow noopener\" target=\"_blank\">Nederland<\/a>. Flyplassen der brukes til b\u00e5de sivil og milit\u00e6r trafikk. <\/p>\n<p class=\"_paragraph_o9xde_4 _paragraph_xtcu6_10 layout-component text-serif-m layout-normal text-serif-m layout-padded\">P\u00e5 sp\u00f8rsm\u00e5l om det er klart hvor dronene kom fra, hadde forsvarsdepartementet ikke noen kommentar, skriver Reuters. <\/p>\n<p class=\"_paragraph_o9xde_4 _paragraph_xtcu6_10 layout-component text-serif-m layout-normal text-serif-m layout-padded\">Fredag kveld brukte det nederlandske milit\u00e6ret v\u00e5pen mot droner som ble observert ved luftv\u00e5penbasen i Volkel, omtrent 40 kilometer nord\u00f8st for Eindhoven, opplyste forsvarsdepartementet tidligere l\u00f8rdag. <\/p>\n<p class=\"_paragraph_o9xde_4 _paragraph_xtcu6_10 layout-component text-serif-m layout-normal text-serif-m layout-padded\">Droner og andre luftromsinngrep har for\u00e5rsaket betydelige forstyrrelser over hele Europa de siste m\u00e5nedene. <\/p>\n","protected":false},"excerpt":{"rendered":"Flytrafikken ved flyplassen i byen Eindhoven er midlertidig innstilt etter at det har blitt observert flere droner der,&hellip;\n","protected":false},"author":2,"featured_media":94141,"comment_status":"","ping_status":"","sticky":false,"template":"","format":"standard","meta":{"footnotes":""},"categories":[12],"tags":[20,21,24,25,6693,15,22,23,1442,13,30,28,29,14,16,26,27,42,43,44,45],"class_list":{"0":"post-94140","1":"post","2":"type-post","3":"status-publish","4":"format-standard","5":"has-post-thumbnail","7":"category-verden","8":"tag-breaking-news","9":"tag-breakingnews","10":"tag-featured-news","11":"tag-featurednews","12":"tag-flytrafikk","13":"tag-headlines","14":"tag-latest-news","15":"tag-latestnews","16":"tag-nederland","17":"tag-news","18":"tag-no","19":"tag-norge","20":"tag-norway","21":"tag-nyheter","22":"tag-overskrifter","23":"tag-top-stories","24":"tag-topstories","25":"tag-verden","26":"tag-world","27":"tag-world-news","28":"tag-worldnews"},"share_on_mastodon":{"url":"https:\/\/pubeurope.com\/@no\/115595497014469825","error":""},"_links":{"self":[{"href":"https:\/\/www.europesays.com\/no\/wp-json\/wp\/v2\/posts\/94140","targetHints":{"allow":["GET"]}}],"collection":[{"href":"https:\/\/www.europesays.com\/no\/wp-json\/wp\/v2\/posts"}],"about":[{"href":"https:\/\/www.europesays.com\/no\/wp-json\/wp\/v2\/types\/post"}],"author":[{"embeddable":true,"href":"https:\/\/www.europesays.com\/no\/wp-json\/wp\/v2\/users\/2"}],"replies":[{"embeddable":true,"href":"https:\/\/www.europesays.com\/no\/wp-json\/wp\/v2\/comments?post=94140"}],"version-history":[{"count":0,"href":"https:\/\/www.europesays.com\/no\/wp-json\/wp\/v2\/posts\/94140\/revisions"}],"wp:featuredmedia":[{"embeddable":true,"href":"https:\/\/www.europesays.com\/no\/wp-json\/wp\/v2\/media\/94141"}],"wp:attachment":[{"href":"https:\/\/www.europesays.com\/no\/wp-json\/wp\/v2\/media?parent=94140"}],"wp:term":[{"taxonomy":"category","embeddable":true,"href":"https:\/\/www.europesays.com\/no\/wp-json\/wp\/v2\/categories?post=94140"},{"taxonomy":"post_tag","embeddable":true,"href":"https:\/\/www.europesays.com\/no\/wp-json\/wp\/v2\/tags?post=94140"}],"curies":[{"name":"wp","href":"https:\/\/api.w.org\/{rel}","templated":true}]}}