{"id":94150,"date":"2025-11-22T21:41:38","date_gmt":"2025-11-22T21:41:38","guid":{"rendered":"https:\/\/www.europesays.com\/no\/94150\/"},"modified":"2025-11-22T21:41:38","modified_gmt":"2025-11-22T21:41:38","slug":"kan-bli-nektet-a-fly-i-fire-ar","status":"publish","type":"post","link":"https:\/\/www.europesays.com\/no\/94150\/","title":{"rendered":"Kan bli nektet \u00e5 fly i fire \u00e5r"},"content":{"rendered":"<p><strong>Flyselskapene plages i \u00f8kende grad av passasjerer som lager br\u00e5k og kvalme om bord. <\/strong><\/p>\n<p>Antallet hendelser p\u00e5 fly har som f\u00f8lge av dette vokst dramatisk de senere \u00e5rene. <\/p>\n<p>Rabiate passasjerer har g\u00e5tt til angrep p\u00e5 besetning og medreisende, mens flyene enn\u00e5 var i luften.<\/p>\n<p>Dette har tvunget mange flyselskaper til \u00e5 m\u00e5tte avbryte flyvninger, for \u00e5 overlate br\u00e5kmakerne til lokalt politi.<\/p>\n<p>Lei av br\u00e5kmakere<\/p>\n<p>Noen ganger har dette f\u00f8rt til at de ansvarlige for br\u00e5ket har f\u00e5tt en bot. I andre tilfeller har de bare blitt sluppet l\u00f8s igjen, etter \u00e5 ha blitt fjernet fra flyene.<\/p>\n<p>N\u00e5 har Frankrike sett seg lei p\u00e5 utviklingen med \u00f8kte tilfeller av br\u00e5k p\u00e5 fly. Landets myndigheter har besluttet \u00e5 g\u00e5 hardt til verks for \u00e5 stanse den u\u00f8nskede utviklingen.<\/p>\n<p>If\u00f8lge <a href=\"https:\/\/www.euronews.com\/travel\/2025\/11\/19\/travel-bans-and-20000-fines-how-france-is-cracking-down-on-disruptive-air-passengers\" rel=\"nofollow noopener\" target=\"_blank\">Euronews<\/a> har landets myndigheter utarbeidet et nytt sett med sanksjoner, som kan brukes mot passasjerer som lager br\u00e5k p\u00e5 fransk-registrerte fly.<\/p>\n<p>Havner i register<\/p>\n<p>Reisende som lager kvalme skal havne i et eget register, og blir oppf\u00f8rt som personer som viser \u00abskadelig adferd.\u00bb Alle flyselskaper skal ha tilgang til registeret.<\/p>\n<p>De som havner p\u00e5 listen over problem-passasjerer, risikerer \u00e5 ikke f\u00e5 sette sine ben om bord p\u00e5 et fransk-registrert fly p\u00e5 fire \u00e5r etter en slik hendelse.<\/p>\n<p>Ikke nok med det.<\/p>\n<p>Kjempeb\u00f8ter<\/p>\n<p>Problem-passasjerer\u00a0vil ogs\u00e5 kunne bli ilagt store b\u00f8ter. B\u00f8tene kan bli opp til 20 000 euro, eller n\u00e6r 235 000 norske kroner \u2013 ved gjentatte lovbrudd.<\/p>\n<p>Transportminister Philippe Tabarot i Frankrike sier at hensynet til sikkerheten til passasjerer og mannskap er landets absolutte prioritet.<\/p>\n<p>Han tror det nye verkt\u00f8yet kan s\u00f8rge for tryggere flyreiser.<\/p>\n<p>Ogs\u00e5 p\u00e5 norske fly<\/p>\n<p>\u2013 Dette nye regulatoriske rammeverket sender et sterkt budskap: Forstyrrende atferd vil ikke lenger bli tolerert, sier Tabarot. <\/p>\n<p>Ogs\u00e5 p\u00e5 fly i Norge har den samme tendensen gjort seg gjeldende de senere \u00e5rene. Her i landet har det f\u00f8rt til at det har v\u00e6rt satt inn tiltak mot denne tendensen.<\/p>\n<p>Som flysmart24 tidligere har fortalt,<a href=\"https:\/\/flysmart24.no\/2024\/03\/24\/royker-og-drikker-i-smug-de-slass-med-kabinansatte\/\" rel=\"nofollow noopener\" target=\"_blank\"> har hele luftfartsbransjen i Norge g\u00e5tt sammen om en kampanje for \u00e5 stanse utviklingen<\/a>. Det har gitt gode resultater, if\u00f8lge Luftfartstilsynet.  <\/p>\n","protected":false},"excerpt":{"rendered":"Flyselskapene plages i \u00f8kende grad av passasjerer som lager br\u00e5k og kvalme om bord. Antallet hendelser p\u00e5 fly&hellip;\n","protected":false},"author":2,"featured_media":94151,"comment_status":"","ping_status":"","sticky":false,"template":"","format":"standard","meta":{"footnotes":""},"categories":[10],"tags":[20,21,24,25,15,22,23,13,30,28,29,14,16,26,27],"class_list":{"0":"post-94150","1":"post","2":"type-post","3":"status-publish","4":"format-standard","5":"has-post-thumbnail","7":"category-norge","8":"tag-breaking-news","9":"tag-breakingnews","10":"tag-featured-news","11":"tag-featurednews","12":"tag-headlines","13":"tag-latest-news","14":"tag-latestnews","15":"tag-news","16":"tag-no","17":"tag-norge","18":"tag-norway","19":"tag-nyheter","20":"tag-overskrifter","21":"tag-top-stories","22":"tag-topstories"},"share_on_mastodon":{"url":"https:\/\/pubeurope.com\/@no\/115595528417894860","error":""},"_links":{"self":[{"href":"https:\/\/www.europesays.com\/no\/wp-json\/wp\/v2\/posts\/94150","targetHints":{"allow":["GET"]}}],"collection":[{"href":"https:\/\/www.europesays.com\/no\/wp-json\/wp\/v2\/posts"}],"about":[{"href":"https:\/\/www.europesays.com\/no\/wp-json\/wp\/v2\/types\/post"}],"author":[{"embeddable":true,"href":"https:\/\/www.europesays.com\/no\/wp-json\/wp\/v2\/users\/2"}],"replies":[{"embeddable":true,"href":"https:\/\/www.europesays.com\/no\/wp-json\/wp\/v2\/comments?post=94150"}],"version-history":[{"count":0,"href":"https:\/\/www.europesays.com\/no\/wp-json\/wp\/v2\/posts\/94150\/revisions"}],"wp:featuredmedia":[{"embeddable":true,"href":"https:\/\/www.europesays.com\/no\/wp-json\/wp\/v2\/media\/94151"}],"wp:attachment":[{"href":"https:\/\/www.europesays.com\/no\/wp-json\/wp\/v2\/media?parent=94150"}],"wp:term":[{"taxonomy":"category","embeddable":true,"href":"https:\/\/www.europesays.com\/no\/wp-json\/wp\/v2\/categories?post=94150"},{"taxonomy":"post_tag","embeddable":true,"href":"https:\/\/www.europesays.com\/no\/wp-json\/wp\/v2\/tags?post=94150"}],"curies":[{"name":"wp","href":"https:\/\/api.w.org\/{rel}","templated":true}]}}