{"id":94167,"date":"2025-11-22T21:55:11","date_gmt":"2025-11-22T21:55:11","guid":{"rendered":"https:\/\/www.europesays.com\/no\/94167\/"},"modified":"2025-11-22T21:55:11","modified_gmt":"2025-11-22T21:55:11","slug":"trafikk-hemnes-utrykning-etter-at-bil-kjorte-inn-i-fjellvegg-i-finneidfjord","status":"publish","type":"post","link":"https:\/\/www.europesays.com\/no\/94167\/","title":{"rendered":"Trafikk, Hemnes | Utrykning etter at bil kj\u00f8rte inn i fjellvegg i Finneidfjord"},"content":{"rendered":"\n<p>En bil med to personer kj\u00f8rte inn i en fjellvegg ved Kleivneset i Finneidfjord i Hemnes tidligere i kveld. Politiet rykket ut til stedet, opplyser politiet i Nordland i sin logg klokken 18.55.<\/p>\n<p>Det er ikke meldt om personskader, men kj\u00f8ret\u00f8yet fikk materielle skader. Ingen av de involverte trengte helsehjelp, og politiet mistenker ikke at beruset kj\u00f8ring var \u00e5rsaken til uhellet.<\/p>\n<p>Kj\u00f8ret\u00f8yet er n\u00e5 berget. Politiet opplyser at det er glatt p\u00e5 stedet. Saken krever ingen videre tiltak fra politiets side, og bileier ordner selv opp med forsikringsselskapet.<\/p>\n","protected":false},"excerpt":{"rendered":"En bil med to personer kj\u00f8rte inn i en fjellvegg ved Kleivneset i Finneidfjord i Hemnes tidligere i&hellip;\n","protected":false},"author":2,"featured_media":4133,"comment_status":"","ping_status":"","sticky":false,"template":"","format":"standard","meta":{"footnotes":""},"categories":[10],"tags":[36,20,21,24,25,15,3413,22,23,13,30,28,29,14,16,2249,1510,26,27,224],"class_list":{"0":"post-94167","1":"post","2":"type-post","3":"status-publish","4":"format-standard","5":"has-post-thumbnail","7":"category-norge","8":"tag-art","9":"tag-breaking-news","10":"tag-breakingnews","11":"tag-featured-news","12":"tag-featurednews","13":"tag-headlines","14":"tag-hemnes","15":"tag-latest-news","16":"tag-latestnews","17":"tag-news","18":"tag-no","19":"tag-norge","20":"tag-norway","21":"tag-nyheter","22":"tag-overskrifter","23":"tag-politiet-i-nordland","24":"tag-story","25":"tag-top-stories","26":"tag-topstories","27":"tag-trafikk"},"share_on_mastodon":{"url":"https:\/\/pubeurope.com\/@no\/115595583657021838","error":""},"_links":{"self":[{"href":"https:\/\/www.europesays.com\/no\/wp-json\/wp\/v2\/posts\/94167","targetHints":{"allow":["GET"]}}],"collection":[{"href":"https:\/\/www.europesays.com\/no\/wp-json\/wp\/v2\/posts"}],"about":[{"href":"https:\/\/www.europesays.com\/no\/wp-json\/wp\/v2\/types\/post"}],"author":[{"embeddable":true,"href":"https:\/\/www.europesays.com\/no\/wp-json\/wp\/v2\/users\/2"}],"replies":[{"embeddable":true,"href":"https:\/\/www.europesays.com\/no\/wp-json\/wp\/v2\/comments?post=94167"}],"version-history":[{"count":0,"href":"https:\/\/www.europesays.com\/no\/wp-json\/wp\/v2\/posts\/94167\/revisions"}],"wp:featuredmedia":[{"embeddable":true,"href":"https:\/\/www.europesays.com\/no\/wp-json\/wp\/v2\/media\/4133"}],"wp:attachment":[{"href":"https:\/\/www.europesays.com\/no\/wp-json\/wp\/v2\/media?parent=94167"}],"wp:term":[{"taxonomy":"category","embeddable":true,"href":"https:\/\/www.europesays.com\/no\/wp-json\/wp\/v2\/categories?post=94167"},{"taxonomy":"post_tag","embeddable":true,"href":"https:\/\/www.europesays.com\/no\/wp-json\/wp\/v2\/tags?post=94167"}],"curies":[{"name":"wp","href":"https:\/\/api.w.org\/{rel}","templated":true}]}}