{"id":94184,"date":"2025-11-22T22:19:17","date_gmt":"2025-11-22T22:19:17","guid":{"rendered":"https:\/\/www.europesays.com\/no\/94184\/"},"modified":"2025-11-22T22:19:17","modified_gmt":"2025-11-22T22:19:17","slug":"stabaek-bekkestua-det-villeste-jeg-har-sett-budstikka","status":"publish","type":"post","link":"https:\/\/www.europesays.com\/no\/94184\/","title":{"rendered":"Stab\u00e6k, Bekkestua | \u2013 Det villeste jeg har sett &#8211; Budstikka"},"content":{"rendered":"<ol>\n<li><a href=\"https:\/\/news.google.com\/rss\/articles\/CBMic0FVX3lxTE1tWHJLejluRVh6b0JQcnJzYWdsTXdhVjNsQmk2WnA2dGQ1WlRROVRoSlJBUkJLWWRrR3habGxYelIwcU1pMmk3cmVHSlp6b0Q3QkRwWWlaZHJLU09YemNEeWJNbWJMb0tqOXVTYlk5NUV4LWs?oc=5\" target=\"_blank\" rel=\"nofollow noopener\">Stab\u00e6k, Bekkestua | \u2013 Det villeste jeg har sett<\/a>&nbsp;&nbsp;Budstikka<\/li>\n<li><a href=\"https:\/\/news.google.com\/rss\/articles\/CBMipwFBVV95cUxQRlk1UTl1ODdtTGNGRVUtc2xKVnhFYmlnaXpUcDlkSnZ4RkN4QVBqN1dvam9tTmhlU3hsV2tYVTVCVGs2T3JEMVNsN1FNUk5Gdmk4YXBKQnMxdzBSeUw2cWtDRjB1ZnlqNHdsY0RtX2JuWEt2Tnc2TVpUUTJhNWRLSVluVGpDczhlS0JQdW9MOUVzM3hSQmVuT0tkcncwY3ZadENlSE1UTQ?oc=5\" target=\"_blank\" rel=\"nofollow noopener\">Var n\u00e6re det helt store. Ble s\u00f8nderknust p\u00e5 overtid!<\/a>&nbsp;&nbsp;varden.no<\/li>\n<li><a href=\"https:\/\/news.google.com\/rss\/articles\/CBMimAFBVV95cUxOcTdOMWZvWHQ3Tl92VVhwWW51eVdOa0tHMnBJR1BXVWN5S1dGb2N5ZlVsWW1FRENMci1sQXhIVGI3QkNpN1FiZDRpY1lwLW5SOU1KcTFqMnZhVnNMQndVM08tTjV5ZXJZdWV6X3locE40STBRWW9fMnQ1MUQtTkRlU2J1SlNGWktSQ1NtdDV1T01MbFRpc1RhNQ?oc=5\" target=\"_blank\" rel=\"nofollow noopener\">\u00abNei og nei, ikke n\u00e5 igjen!\u00bb Dramatisk slutt da Odd gikk p\u00e5 blytung finalesmell<\/a>&nbsp;&nbsp;Telemarksavisa<\/li>\n<li><a href=\"https:\/\/news.google.com\/rss\/articles\/CBMid0FVX3lxTE50aUJfaVd4LTEtS2xnd204WGZGM01WaFBTXzVuTVJuRGlydDZlamhYaFVzTmF2UVg5VV9SS0MxZjNTMjZpbGJSdmhqYXVmNE54RzFMVE1oaFl1ZmtaaVpQSG0zcklwZmRiS0s5ZkZZYl9uVGMyU1NZ?oc=5\" target=\"_blank\" rel=\"nofollow noopener\">G19 er norgesmestere etter finaledrama<\/a>&nbsp;&nbsp;Stab\u00e6k<\/li>\n<li><a href=\"https:\/\/news.google.com\/rss\/articles\/CBMihAFBVV95cUxOTVlGNlhVUnFObUtkdk50cFFzRVVjanlZZE5fQWxUWnUzM2ExM2hhbDZPYUpjTUthY210ZkVna2g0QzB2STFPdDFUSU9YYTYtSFEzOTBURXNqMkliN1d0czVEQ1IwWmIyek9LcnZFMF9LVUE4QXZqcVhBMXdFRmdsaEhoQUE?oc=5\" target=\"_blank\" rel=\"nofollow noopener\">Stab\u00e6k-seier i G19-finalen: &#8211; En dr\u00f8m som g\u00e5r i oppfyllelse<\/a>&nbsp;&nbsp;Norges Fotballforbund<\/li>\n<\/ol>\n","protected":false},"excerpt":{"rendered":"Stab\u00e6k, Bekkestua | \u2013 Det villeste jeg har sett&nbsp;&nbsp;Budstikka Var n\u00e6re det helt store. Ble s\u00f8nderknust p\u00e5 overtid!&nbsp;&nbsp;varden.no&hellip;\n","protected":false},"author":2,"featured_media":94185,"comment_status":"","ping_status":"","sticky":false,"template":"","format":"standard","meta":{"footnotes":""},"categories":[59],"tags":[30,28,29,83,82],"class_list":{"0":"post-94184","1":"post","2":"type-post","3":"status-publish","4":"format-standard","5":"has-post-thumbnail","7":"category-sport","8":"tag-no","9":"tag-norge","10":"tag-norway","11":"tag-sport","12":"tag-sports"},"share_on_mastodon":{"url":"https:\/\/pubeurope.com\/@no\/115595677762309586","error":""},"_links":{"self":[{"href":"https:\/\/www.europesays.com\/no\/wp-json\/wp\/v2\/posts\/94184","targetHints":{"allow":["GET"]}}],"collection":[{"href":"https:\/\/www.europesays.com\/no\/wp-json\/wp\/v2\/posts"}],"about":[{"href":"https:\/\/www.europesays.com\/no\/wp-json\/wp\/v2\/types\/post"}],"author":[{"embeddable":true,"href":"https:\/\/www.europesays.com\/no\/wp-json\/wp\/v2\/users\/2"}],"replies":[{"embeddable":true,"href":"https:\/\/www.europesays.com\/no\/wp-json\/wp\/v2\/comments?post=94184"}],"version-history":[{"count":0,"href":"https:\/\/www.europesays.com\/no\/wp-json\/wp\/v2\/posts\/94184\/revisions"}],"wp:featuredmedia":[{"embeddable":true,"href":"https:\/\/www.europesays.com\/no\/wp-json\/wp\/v2\/media\/94185"}],"wp:attachment":[{"href":"https:\/\/www.europesays.com\/no\/wp-json\/wp\/v2\/media?parent=94184"}],"wp:term":[{"taxonomy":"category","embeddable":true,"href":"https:\/\/www.europesays.com\/no\/wp-json\/wp\/v2\/categories?post=94184"},{"taxonomy":"post_tag","embeddable":true,"href":"https:\/\/www.europesays.com\/no\/wp-json\/wp\/v2\/tags?post=94184"}],"curies":[{"name":"wp","href":"https:\/\/api.w.org\/{rel}","templated":true}]}}