{"id":94194,"date":"2025-11-22T22:39:14","date_gmt":"2025-11-22T22:39:14","guid":{"rendered":"https:\/\/www.europesays.com\/no\/94194\/"},"modified":"2025-11-22T22:39:14","modified_gmt":"2025-11-22T22:39:14","slug":"skal-vi-danse-danby-choi-3","status":"publish","type":"post","link":"https:\/\/www.europesays.com\/no\/94194\/","title":{"rendered":"Skal vi danse, Danby Choi"},"content":{"rendered":"\n<p>GATEWAY STUDIOS, FORNEBU: L\u00f8rdag m\u00e5tte nok en kjendis forlate \u00abSkal vi danse\u00bb. Det var Emilie Enger Mehl (32) og Danby Choi (32) som m\u00e5tte i ut danseduell etter at kveldens dommerpoeng ble lagt sammen med seerstemmene.<\/p>\n<p>Emilie Enger Mehl trakk det korteste str\u00e5et, og m\u00e5tte dermed ta farvel med resten av deltakerne og danseeventyret.<\/p>\n<p><b>Les ogs\u00e5: <a rel=\"Follow nofollow noopener\" href=\"https:\/\/www.nettavisen.no\/kjendis\/krevende-prosess-har-vart-en-rocky-road\/s\/5-95-2742671\" target=\"_blank\">Krevende prosess: \u2013 Har v\u00e6rt en \u00abrocky road\u00bb<\/a><\/b><\/p>\n<p>\u2013 Det har v\u00e6rt helt fantastisk. Jeg vil f\u00f8rst og fremst tusen takk til J\u00f8rgen, som har v\u00e6rt en amazing partner siden vi m\u00f8ttes f\u00f8rste gang. Det har v\u00e6rt en rocky road noen dager. Det har tatt litt tid \u00e5 l\u00e6re meg ting, som dere vet. Men det har v\u00e6rt veldig, veldig fint, sa Mehl.<\/p>\n<p>   <img decoding=\"async\" width=\"4500\" height=\"3000\" fetchpriority=\"low\"  loading=\"lazy\"  src=\"https:\/\/www.europesays.com\/no\/wp-content\/uploads\/2025\/11\/aNaOs0zZRxQ.jpg\" alt=\"Emilie Enger Mehl og J\u00f8rgen Nilsen er stemt ut av Skal vi danse under program 8 av Skal vi danse 2025.&#10;Foto: Thomas Andersen \/ TV 2\" class=\"brick-c-cFOWSL\" style=\"--brick-image-ratio: 4500 \/ 3000;\"\/><\/p>\n<p>      FERDIG: Emilie Enger Mehl m\u00e5tte forlate \u00abSkal vi danse\u00bb, men takker dansepartner J\u00f8rgen for reisen.<br \/>\n      Foto: Thomas Andersen \/ TV 2\n    <\/p>\n<p>  \u2013 Vemodig<\/p>\n<p>Overfor Nettavisen utdyper Mehl at hun har pr\u00f8vd sitt beste p\u00e5 parketten, men beskriver opplevelsen som en minnerik og utviklende reise.<\/p>\n<p>\u2013 Jeg syns det er litt vemodig at vi ikke skal danse mer, men det har v\u00e6rt en fantastisk reise. Jeg er veldig takknemlig for \u00e5 bli kjent med J\u00f8rgen og alt jeg har l\u00e6rt av ham. Jeg har l\u00e6rt mye om meg selv ogs\u00e5, sier hun til Nettavisen.<\/p>\n<p>   <img decoding=\"async\" width=\"4500\" height=\"3000\" fetchpriority=\"low\"  loading=\"lazy\"  src=\"https:\/\/www.europesays.com\/no\/wp-content\/uploads\/2025\/11\/_CzmsVnxgF0.jpg\" alt=\"Emilie Enger Mehl og J\u00f8rgen Nilsen er stemt ut av Skal vi danse under program 8 av Skal vi danse 2025.&#10;Foto: Thomas Andersen \/ TV 2\" class=\"brick-c-cFOWSL\" style=\"--brick-image-ratio: 4500 \/ 3000;\"\/><\/p>\n<p>      UTE: Emilie Enger Mehl og J\u00f8rgen Nilsen er stemt ut av \u00abSkal vi danse\u00bb.<br \/>\n      Foto: Thomas Andersen \/ TV 2\n    <\/p>\n<p>Mehl forteller at hun ikke ble overrasket over at det ble hun som m\u00e5tte forlate \u00abSkal vi danse\u00bb.<\/p>\n<p>\u2013 Det kan vel vanskelig kalles et sjokk. Jeg har vel ligget nederst p\u00e5 dommerlistene i ukevis, s\u00e5 det skal mer til for \u00e5 sjokkere meg.<\/p>\n<p>Befriende reise<\/p>\n<p>Gjennom deltakelsen har hun opplevd personlig vekst, og forteller at hun har l\u00e6rt nye ting om seg selv.<\/p>\n<p>\u2013 Det har v\u00e6rt veldig befriende for min del, jeg har blitt litt mer \u00e5pen og lukket opp noen indre d\u00f8rer som kanskje har holdt meg litt igjen tidligere.<\/p>\n<p>Dansen har ogs\u00e5 gitt henne minner for livet:<\/p>\n<p>\u2013 Favoritt\u00f8yeblikkene mine har egentlig mest ikke v\u00e6rt p\u00e5 kamera. Det har v\u00e6rt de store skrittene vi har tatt p\u00e5 trening, fra nerv\u00f8s f\u00f8rste dag til \u00e5 kunne g\u00e5 p\u00e5 scenen og mestre nye ting.<\/p>\n<p>Fremover planlegger Mehl \u00e5 bruke l\u00f8rdagene mer med familie og venner, samtidig som hun tar med seg de nye erfaringene fra parketten:<\/p>\n<p>\u2013 Det har v\u00e6rt fine l\u00f8rdager med nye venner som J\u00f8rgen og Helene, og alt vi har l\u00e6rt sammen.<\/p>\n<p>   <img decoding=\"async\" width=\"4500\" height=\"3000\" fetchpriority=\"low\"  loading=\"lazy\"  src=\"https:\/\/www.europesays.com\/no\/wp-content\/uploads\/2025\/11\/Tl6MwqQiGOg.jpg\" alt=\"Emilie Enger Mehl og J\u00f8rgen Nilsen er stemt ut av Skal vi danse under program 8 av Skal vi danse 2025.&#10;Foto: Thomas Andersen \/ TV 2\" class=\"brick-c-cFOWSL\" style=\"--brick-image-ratio: 4500 \/ 3000;\"\/><\/p>\n<p>      SLUTTEN: Emilie Enger Mehl kommer til \u00e5 savne \u00abSkal vi danse\u00bb.<br \/>\n      Foto: Thomas Andersen \/ TV 2\n    <\/p>\n<p>  Hyller deltakelsen<\/p>\n<p>Nettavisens underholdningskommentator Maria Ludvigsen beskriver exitten som trist, men rettferdig.<\/p>\n<p>\u2013 Jeg synes det er utrolig trist at Emilie Enger Mehl n\u00e5 er ute, men rett skal v\u00e6re rett: Danby Choi har generelt sett v\u00e6rt bedre. Akkurat i kveld syntes jeg riktignok at Emilie var bedre, sier Ludvigsen.<\/p>\n<p><b>Les ogs\u00e5: <a href=\"https:\/\/www.nettavisen.no\/kjendis\/skal-vi-danse-hyllest-til-kongen-forandret-livet-til-mange\/s\/5-95-2742333\" rel=\"Follow nofollow noopener\" target=\"_blank\">Hedret kong Harald: \u2013 Forandret livet til mange<\/a><\/b><\/p>\n<p>Hun hyller Mehl for deltakelsen og det hun har vist p\u00e5 parketten:<\/p>\n<p>\u2013 Jeg hyller at Emilie ble med p\u00e5 dette, og jeg hyller at hun har vist oss s\u00e5 mange nye sider av seg selv. Jeg kommer til \u00e5 savne henne neste l\u00f8rdag.<\/p>\n<p>    Vil du se neste video?<\/p>\n<p>    <a href=\"https:\/\/www.nettavisen.no\/sport\/her-bryter-kronprins-haakon-inn-nar-prins-sverre-magnus-svarer-pa-italia-sporsmal-fra-norsk-presse\/v\/5-95-2731534\" class=\"recommend-poster\" data-adp-clicklabel=\"video-recommend\" data-adp-clickvalue=\"poster\" rel=\"nofollow noopener\" target=\"_blank\"><br \/>\n      <img decoding=\"async\" width=\"200\" height=\"200\" loading=\"lazy\" src=\"https:\/\/www.europesays.com\/no\/wp-content\/uploads\/2025\/11\/Kronprins+Haakon+til+cue.jpg\" alt=\"\" class=\"brick-c-cFOWSL\" style=\"--brick-image-ratio: 200 \/ 200;\"\/><\/p>\n<p>Her bryter kronprinsen inn0:38<\/p>\n<p>    <\/a><\/p>\n<p>Danset sin beste dans<\/p>\n<p>Mehl og dansepartneren J\u00f8rgen Nilsen danset en Paso til Auroras \u00abThe Seed\u00bb. Den tidligere justisministeren danset for kappl\u00f8pet mot sydpolen i 1911.<\/p>\n<p>\u2013 Din beste dans s\u00e5 langt i \u00abSkal vi danse\u00bb, sa Nadya Khamitskaya med full st\u00f8tte fra Jan Thomas.<\/p>\n<p><b>Les ogs\u00e5: <a rel=\"Follow nofollow noopener\" href=\"https:\/\/www.nettavisen.no\/kjendis\/krevende-prosess-har-vart-en-rocky-road\/s\/5-95-2742671\" target=\"_blank\">Krevende prosess: \u2013 Har v\u00e6rt en \u00abrocky road\u00bb<\/a><\/b><\/p>\n<p>Merethe Lingj\u00e6rde var imidlertid ikke helt overbevist og fikk kritikk p\u00e5 piruttene sine:<\/p>\n<p>\u2013 Du har litt \u00e5 jobbe med fremdeles. Pass p\u00e5 at du eier armene dine. Ikke kast dem bort som om de ikke sitter p\u00e5 kroppen din, p\u00e5pekte hun etter \u00e5 ha roset henne for vilje og mot.<\/p>\n<p>Hun fikk totalt 28 poeng, som var tre opp fra forrige sending.<\/p>\n<p>   <img decoding=\"async\" width=\"4500\" height=\"3000\" fetchpriority=\"low\"  loading=\"lazy\"  src=\"https:\/\/www.europesays.com\/no\/wp-content\/uploads\/2025\/11\/ZIeWClHAzo4.jpg\" alt=\"Emilie Enger Mehl og J\u00f8rgen Nilsen opptrer under generalpr\u00f8ven til program 8 av Skal vi danse 2025.&#10;Foto: Thomas Andersen \/ TV 2\" class=\"brick-c-cFOWSL\" style=\"--brick-image-ratio: 4500 \/ 3000;\"\/><\/p>\n<p>      BESTE DANS: Emilie Enger Mehl leverte sin beste dans s\u00e5 langt, if\u00f8lge dommerne.<br \/>\n      Foto: Thomas Andersen \/ TV 2\n    <\/p>\n<p><b>F\u00f8lger du med p\u00e5 \u00abSkal vi danse\u00bb? <a href=\"https:\/\/nettavisen.campaign-list.com\/subscribe\/skal-vi-danse\/40cc0749-39c1-49d5-aeab-f2f58503ce4b\" rel=\"nofollow noopener\" target=\"_blank\">Meld deg p\u00e5 nyhetsbrevet v\u00e5rt her<\/a>, slik at du kan f\u00f8lge med p\u00e5 alt vi skriver om denne sesongen! Vi har ogs\u00e5 en egen Skal vi dansegruppe p\u00e5 Facebook, <a href=\"https:\/\/www.facebook.com\/groups\/2646925665650568\" rel=\"Follow nofollow noopener\" target=\"_blank\">bli gjerne medlem her<\/a>.<\/b><\/p>\n","protected":false},"excerpt":{"rendered":"GATEWAY STUDIOS, FORNEBU: L\u00f8rdag m\u00e5tte nok en kjendis forlate \u00abSkal vi danse\u00bb. Det var Emilie Enger Mehl (32)&hellip;\n","protected":false},"author":2,"featured_media":94195,"comment_status":"","ping_status":"","sticky":false,"template":"","format":"standard","meta":{"footnotes":""},"categories":[5],"tags":[20,21,24,25,15,19,22,23,17,18,13,30,28,29,14,16,26,27],"class_list":{"0":"post-94194","1":"post","2":"type-post","3":"status-publish","4":"format-standard","5":"has-post-thumbnail","7":"category-overskrifter","8":"tag-breaking-news","9":"tag-breakingnews","10":"tag-featured-news","11":"tag-featurednews","12":"tag-headlines","13":"tag-hovedoppslag","14":"tag-latest-news","15":"tag-latestnews","16":"tag-main-news","17":"tag-mainnews","18":"tag-news","19":"tag-no","20":"tag-norge","21":"tag-norway","22":"tag-nyheter","23":"tag-overskrifter","24":"tag-top-stories","25":"tag-topstories"},"share_on_mastodon":{"url":"https:\/\/pubeurope.com\/@no\/115595756730047226","error":""},"_links":{"self":[{"href":"https:\/\/www.europesays.com\/no\/wp-json\/wp\/v2\/posts\/94194","targetHints":{"allow":["GET"]}}],"collection":[{"href":"https:\/\/www.europesays.com\/no\/wp-json\/wp\/v2\/posts"}],"about":[{"href":"https:\/\/www.europesays.com\/no\/wp-json\/wp\/v2\/types\/post"}],"author":[{"embeddable":true,"href":"https:\/\/www.europesays.com\/no\/wp-json\/wp\/v2\/users\/2"}],"replies":[{"embeddable":true,"href":"https:\/\/www.europesays.com\/no\/wp-json\/wp\/v2\/comments?post=94194"}],"version-history":[{"count":0,"href":"https:\/\/www.europesays.com\/no\/wp-json\/wp\/v2\/posts\/94194\/revisions"}],"wp:featuredmedia":[{"embeddable":true,"href":"https:\/\/www.europesays.com\/no\/wp-json\/wp\/v2\/media\/94195"}],"wp:attachment":[{"href":"https:\/\/www.europesays.com\/no\/wp-json\/wp\/v2\/media?parent=94194"}],"wp:term":[{"taxonomy":"category","embeddable":true,"href":"https:\/\/www.europesays.com\/no\/wp-json\/wp\/v2\/categories?post=94194"},{"taxonomy":"post_tag","embeddable":true,"href":"https:\/\/www.europesays.com\/no\/wp-json\/wp\/v2\/tags?post=94194"}],"curies":[{"name":"wp","href":"https:\/\/api.w.org\/{rel}","templated":true}]}}