{"id":94198,"date":"2025-11-22T22:51:13","date_gmt":"2025-11-22T22:51:13","guid":{"rendered":"https:\/\/www.europesays.com\/no\/94198\/"},"modified":"2025-11-22T22:51:13","modified_gmt":"2025-11-22T22:51:13","slug":"rett-og-slett-darlig-stilt","status":"publish","type":"post","link":"https:\/\/www.europesays.com\/no\/94198\/","title":{"rendered":"\u2013 Rett og slett d\u00e5rlig stilt"},"content":{"rendered":"\n<p class=\"_lead_o9xde_2 _lead_xtcu6_50 layout-component text-serif-m layout-normal text-serif-l layout-component layout-wide layout-padded _wide_17hqh_1 layout-padded\">FNs utviklingssjef advarer om omfattende str\u00f8mbrudd n\u00e5r vinteren kommer. \u2013 Vi g\u00e5r tom for reserveutstyr, sier Auke Lootsma til VG.<\/p>\n<p><img alt=\"Flere innbyggere i Kyiv m\u00e5tte trosse kulden og s\u00f8ke tilflukt p\u00e5 metrostasjonen i fjor vinter. Foto: Alina Smutko \/ Reuters \/ NTB\" class=\"_image_qp4xg_65 layout-component layout-wide\" data-fullscreen- data-track-element-type=\"Article image fullscreen\" data-track-name=\"ImageFullscreen\" fetchpriority=\"high\" decoding=\"sync\" loading=\"eager\" height=\"3401\" itemprop=\"image\"  src=\"https:\/\/www.europesays.com\/no\/wp-content\/uploads\/2025\/11\/346a2f39-0133-4477-8935-76c0d3442ff6\"  style=\"object-position:0% 0%\" width=\"5101\"\/>Flere innbyggere i Kyiv m\u00e5tte trosse kulden og s\u00f8ke tilflukt p\u00e5 metrostasjonen i fjor vinter. Foto: Alina Smutko \/ Reuters \/ NTB<\/p>\n<ul aria-hidden=\"true\" class=\"_images_18f0k_111\">\n<li><a class=\"_link_18f0k_116\" href=\"https:\/\/www.vg.no\/forfatter\/isak-loeve-pilskog-loe\" style=\"z-index:1\" title=\"Isak L\u00f8ve Pilskog Loe\" rel=\"nofollow noopener\" target=\"_blank\"><img alt=\"Bilde av Isak L\u00f8ve Pilskog Loe\" class=\"_image_18f0k_93\" fetchpriority=\"low\" loading=\"lazy\" decoding=\"async\" itemprop=\"image\"  src=\"https:\/\/www.europesays.com\/no\/wp-content\/uploads\/2025\/11\/1763851870_497_8b0354e3-bf53-460c-9c1c-790321a0c923\"  width=\"480\"\/><\/a><\/li>\n<\/ul>\n<p> Oppdatert l\u00f8rdag 22. november kl. 23:45     <\/p>\n<p class=\"_paragraph_o9xde_4 _paragraph_xtcu6_10 layout-component text-serif-m layout-normal text-serif-m layout-padded\">Ukraina st\u00e5r overfor en energikrise som kan f\u00f8re til omfattende str\u00f8mbrudd i desember.<\/p>\n<p class=\"_paragraph_o9xde_4 _paragraph_xtcu6_10 layout-component text-serif-m layout-normal text-serif-m layout-padded\">Det kan bety at millioner av ukrainere blir uten b\u00e5de str\u00f8m og varme n\u00e5r vinteren setter inn for fullt, advarer FNs utviklingssjef i landet.<\/p>\n<p class=\"_paragraph_o9xde_4 _paragraph_xtcu6_10 layout-component text-serif-m layout-normal text-serif-m layout-padded\">\u2013 Vi forventer str\u00f8mbrudd mot slutten av desember, s\u00e6rlig i kraftoverf\u00f8ringen, fordi transformatorer blir sl\u00e5tt ut i angrepene, sier Auke Lootsma i et intervju med VG. <\/p>\n<p class=\"_paragraph_o9xde_4 _paragraph_xtcu6_10 layout-component text-serif-m layout-normal text-serif-m layout-padded\">Han har ledet FNs utviklingsprogram UNDPUNDPFNs utviklingsprogram, en organisasjon som jobber for \u00e5 bekjempe fattigdom og fremme b\u00e6rekraftig utvikling i Ukraina siden juli. Han har tidligere jobbet i konfliktomr\u00e5der som Jemen, Irak og Sudan, men beskriver situasjonen i Ukraina som unik.<\/p>\n<p><img decoding=\"async\" alt=\"Bilde av Auke Lootsma\" class=\"_image_ygndg_42\" height=\"27\" itemprop=\"image\" loading=\"lazy\"  src=\"https:\/\/www.europesays.com\/no\/wp-content\/uploads\/2025\/11\/78d94c8d-2dfc-4bee-9382-7d9cc284b2b8\"  width=\"40\"\/><strong class=\"_name_ygndg_51 title-serif-xs\">Auke Lootsma<\/strong><\/p>\n<p class=\"_paragraph_o9xde_4 text-sans-m _description_ygndg_56\">FNs\u00a0UNDP-sjef i Ukraina<\/p>\n<p class=\"_paragraph_o9xde_4 _paragraph_xtcu6_10 layout-component text-serif-m layout-normal text-serif-m layout-padded\">Russland har siden oktober 2022 systematisk angrepet Ukrainas energiinfrastruktur. <\/p>\n<p class=\"_paragraph_o9xde_4 _paragraph_xtcu6_10 layout-component text-serif-m layout-normal text-serif-m layout-padded\">Strategien har eskalert kraftig det siste \u00e5ret.<\/p>\n<p>\u2013 Ganske brutalt <\/p>\n<p class=\"_paragraph_o9xde_4 _paragraph_xtcu6_10 layout-component text-serif-m layout-normal text-serif-m layout-padded\">Milit\u00e6rmakten har kjent til de mest s\u00e5rbare delene av det ukrainske energisystemet og <a href=\"https:\/\/features.csis.org\/ukraines-potential-energy\/\" class=\"_link_o9xde_39\" rel=\"nofollow noopener\" target=\"_blank\">angrepet dem n\u00e5del\u00f8st<\/a>.<\/p>\n<p class=\"_paragraph_o9xde_4 _paragraph_xtcu6_10 layout-component text-serif-m layout-normal text-serif-m layout-padded\">\u2013 Naturen av krigf\u00f8ringen er ogs\u00e5 ganske sofistikert. Invasjonskrigen p\u00e5g\u00e5r hver dag. Farene forbundet med dette er s\u00e5 mye st\u00f8rre enn i andre konfliktsoner, sier Lootsma.<\/p>\n<p>Foto: SERGEI GAPON \/ AFP \/ NTB<\/p>\n<p class=\"_paragraph_o9xde_4 _paragraph_xtcu6_10 layout-component text-serif-m layout-normal text-serif-m layout-padded\">FN <a href=\"https:\/\/ukraine.un.org\/en\/305168-ukraine-faces-intensified-attacks-energy-infrastructure-amid-continued-high-civilian\" class=\"_link_o9xde_39\" rel=\"nofollow noopener\" target=\"_blank\">rapporterte<\/a> denne uken at tre store angrep i oktober p\u00e5 energiinfrastruktur for\u00e5rsaket n\u00f8dstr\u00f8msbrudd i de fleste regionene i landet.<\/p>\n<p class=\"_paragraph_o9xde_4 _paragraph_xtcu6_10 layout-component text-serif-m layout-normal text-serif-m layout-padded\">I Odesa sto 30.000 husholdninger uten str\u00f8m, som f\u00f8lge av russiske angrep mot Tsjernihiv-regionen. <\/p>\n<p class=\"_paragraph_o9xde_4 _paragraph_xtcu6_10 layout-component text-serif-m layout-normal text-serif-m layout-padded\">\u2013 Dette er fjerde vinteren vi g\u00e5r inn i. Situasjonen er brutal, sier Ingrid Rosendorf Joys, generalsekret\u00e6r i Caritas, som for tiden er i Ukraina.<\/p>\n<p><img decoding=\"async\" alt=\"Bilde av Ingrid Rosendorf Joys\" class=\"_image_ygndg_42\" height=\"27\" itemprop=\"image\" loading=\"lazy\"  src=\"https:\/\/www.europesays.com\/no\/wp-content\/uploads\/2025\/11\/af28cfe7-ec16-4da4-a129-907f6c35a737\"  width=\"40\"\/><strong class=\"_name_ygndg_51 title-serif-xs\">Ingrid Rosendorf Joys<\/strong><\/p>\n<p class=\"_paragraph_o9xde_4 _paragraph_xtcu6_10 layout-component text-serif-m layout-normal text-serif-m layout-padded\">Hun beskriver situasjonen for familier uten elektrisitet som \u00abub\u00f8nnh\u00f8rlig\u00bb.<\/p>\n<p class=\"_paragraph_o9xde_4 _paragraph_xtcu6_10 layout-component text-serif-m layout-normal text-serif-m layout-padded\">Caritas, som forvalter n\u00e6r 100 millioner norske bistandskroner, arbeider blant annet med \u00e5 sikre at ukrainske hjem f\u00e5r varme.<\/p>\n<p class=\"_paragraph_o9xde_4 _paragraph_xtcu6_10 layout-component text-serif-m layout-normal text-serif-m layout-padded\">I \u00e5r satser de p\u00e5 enkle tiltak: Vedovner og ved.<\/p>\n<p class=\"_paragraph_o9xde_4 _paragraph_xtcu6_10 layout-component text-serif-m layout-normal layout-padded\"><strong class=\"_strong_o9xde_25\">Les ogs\u00e5:<\/strong> <a href=\"https:\/\/www.vg.no\/i\/25M0Ba\" data-track-element-type=\"Link\" data-track-id=\"link:25M0Ba\" class=\"_link_o9xde_39\" rel=\"nofollow noopener\" target=\"_blank\">Ukraina: Tidligere visestatsminister tatt i ny korrupsjonsskandale<\/a><\/p>\n<p class=\"_paragraph_o9xde_4 _paragraph_xtcu6_10 layout-component text-serif-m layout-normal text-serif-m layout-padded\">Det er ikke komplisert, men vedovner og s\u00e5kalte \u00absmall repairs\u00bb \u2013 sm\u00e5 reparasjoner av vinduer og d\u00f8rer \u2013 gj\u00f8r husene bedre rustet for vinteren.<\/p>\n<p class=\"_paragraph_o9xde_4 _paragraph_xtcu6_10 layout-component text-serif-m layout-normal text-serif-m layout-padded\">\u2013 Har du hverken varme, god isolasjon eller hele vinduer, st\u00e5r du sv\u00e6rt d\u00e5rlig stilt, sier hun.<\/p>\n<p>Ber Norge om hjelp<\/p>\n<p class=\"_paragraph_o9xde_4 _paragraph_xtcu6_10 layout-component text-serif-m layout-normal text-serif-m layout-padded\">FNs UNDP-sjef i Ukraina har denne h\u00f8sten bedt de nordiske landene om hjelp. <\/p>\n<p class=\"_paragraph_o9xde_4 _paragraph_xtcu6_10 layout-component text-serif-m layout-normal text-serif-m layout-padded\">En del av oppdraget hans er \u00e5 diskutere med nordiske myndigheter og private akt\u00f8rer hvordan de kan erstatte transformatorer som passer inn i det ukrainske str\u00f8mnettet.<\/p>\n<p class=\"_paragraph_o9xde_4 _paragraph_xtcu6_10 layout-component text-serif-m layout-normal text-serif-m layout-padded\">Ukraina har mistet rundt 60 prosent av sin kapasitet for gasslagring og gassutvinning p\u00e5 grunn av russiske angrep, if\u00f8lge Lootsma.<\/p>\n<p><img alt=\"Auke Lootsma.  Foto: Erik Simander \/ TT \/ TT Nyhetsbyr\u00e5n \/ NTB\" class=\"_image_qp4xg_65 layout-component layout-normal\" data-fullscreen- data-track-element-type=\"Article image fullscreen\" data-track-name=\"ImageFullscreen\" decoding=\"async\" loading=\"lazy\" height=\"3435\" itemprop=\"image\"  src=\"https:\/\/www.europesays.com\/no\/wp-content\/uploads\/2025\/11\/328178cb-aae3-46be-a882-24f54c0f435d\"  style=\"object-position:0% 0%\" width=\"5153\"\/>Auke Lootsma.  Foto: Erik Simander \/ TT \/ TT Nyhetsbyr\u00e5n \/ NTB<\/p>\n<p class=\"_paragraph_o9xde_4 _paragraph_xtcu6_10 layout-component text-serif-m layout-normal text-serif-m layout-padded\">Dette rammer spesielt hardt i byene, hvor mange fortsatt er avhengige av det gamle sovjetiske systemet med sentralvarme.<\/p>\n<p class=\"_paragraph_o9xde_4 _paragraph_xtcu6_10 layout-component text-serif-m layout-normal text-serif-m layout-padded\">\u2013 Konseptet med sentrale varmeanlegg er ganske vanlig, der du har et enormt anlegg som pumper varmt vann gjennom hele byen som g\u00e5r inn i radiatorer, forklarer han.<\/p>\n<p class=\"_paragraph_o9xde_4 _paragraph_xtcu6_10 layout-component text-serif-m layout-normal layout-padded\"><strong class=\"_strong_o9xde_25\">Les ogs\u00e5:<\/strong> <a href=\"https:\/\/www.vg.no\/i\/Av8a0r\" data-track-element-type=\"Link\" data-track-id=\"link:Av8a0r\" class=\"_link_o9xde_39\" rel=\"nofollow noopener\" target=\"_blank\">Korrupsjons\u00adskandale vokser: \u2013 Handler om personer i maktens indre<\/a><\/p>\n<p class=\"_paragraph_o9xde_4 _paragraph_xtcu6_10 layout-component text-serif-m layout-normal text-serif-m layout-padded\">N\u00e5r str\u00f8mmen g\u00e5r, stopper pumpene som sender det varme vannet rundt.<\/p>\n<p>\u2013 Metode for motstandskraft<\/p>\n<p class=\"_paragraph_o9xde_4 _paragraph_xtcu6_10 layout-component text-serif-m layout-normal text-serif-m layout-padded\">Paradoksalt nok har krigen ogs\u00e5 f\u00f8rt til en raskere overgang til fornybar energi. Lootsma sammenligner situasjonen med Jemen, hvor mangel p\u00e5 str\u00f8mnett har gjort folk kreative.<\/p>\n<p class=\"_paragraph_o9xde_4 _paragraph_xtcu6_10 layout-component text-serif-m layout-normal text-serif-m layout-padded\">\u2013 Jeg var alltid imponert i Jemen over \u00e5 se p\u00e5 hus der, fordi hvert hus har en varmtvannstank p\u00e5 taket og solcellepaneler samtidig. Hvorfor? Fordi det ikke er noe str\u00f8mnett, sier han.<\/p>\n<p><img alt=\"Allerede vinteren 2022 satt flere ukrainere opp solcellepaneler i n\u00e6romr\u00e5dene sine.  Foto: Andriy Andriyenko \/ AP \/ NTB\" class=\"_image_qp4xg_65 layout-component layout-normal\" data-fullscreen- data-track-element-type=\"Article image fullscreen\" data-track-name=\"ImageFullscreen\" decoding=\"async\" loading=\"lazy\" height=\"3509\" itemprop=\"image\"  src=\"https:\/\/www.europesays.com\/no\/wp-content\/uploads\/2025\/11\/8322a03f-f979-475d-b0f0-3601b625ddc2\"  style=\"object-position:0% 0%\" width=\"5255\"\/>Allerede vinteren 2022 satt flere ukrainere opp solcellepaneler i n\u00e6romr\u00e5dene sine.  Foto: Andriy Andriyenko \/ AP \/ NTB<\/p>\n<p class=\"_paragraph_o9xde_4 _paragraph_xtcu6_10 layout-component text-serif-m layout-normal text-serif-m layout-padded\">I Ukraina ser han at folk blir kreative p\u00e5 samme m\u00e5te, hvor mangelen p\u00e5 stabil str\u00f8mforsyning f\u00f8rer til \u00f8kt bruk av fornybar energi. Solcellepaneler p\u00e5 skoler og helseinstitusjoner gj\u00f8r disse mindre avhengige av det s\u00e5rbare str\u00f8mnettet.<\/p>\n<p class=\"_paragraph_o9xde_4 _paragraph_xtcu6_10 layout-component text-serif-m layout-normal text-serif-m layout-padded\">\u2013 Det blir ogs\u00e5 en metode for motstandskraft. S\u00e5 noen ganger er det ikke engang ment \u00e5 v\u00e6re gr\u00f8nt i seg selv, men det er bare behovet som har f\u00f8rt til denne gr\u00f8nne omstillingen, sier Lootsma.<\/p>\n","protected":false},"excerpt":{"rendered":"FNs utviklingssjef advarer om omfattende str\u00f8mbrudd n\u00e5r vinteren kommer. \u2013 Vi g\u00e5r tom for reserveutstyr, sier Auke Lootsma&hellip;\n","protected":false},"author":2,"featured_media":94199,"comment_status":"","ping_status":"","sticky":false,"template":"","format":"standard","meta":{"footnotes":""},"categories":[12],"tags":[20,21,24,25,332,15,179,22,23,13,30,28,29,14,16,26,27,42,43,44,45],"class_list":{"0":"post-94198","1":"post","2":"type-post","3":"status-publish","4":"format-standard","5":"has-post-thumbnail","7":"category-verden","8":"tag-breaking-news","9":"tag-breakingnews","10":"tag-featured-news","11":"tag-featurednews","12":"tag-fn","13":"tag-headlines","14":"tag-krigen-i-ukraina","15":"tag-latest-news","16":"tag-latestnews","17":"tag-news","18":"tag-no","19":"tag-norge","20":"tag-norway","21":"tag-nyheter","22":"tag-overskrifter","23":"tag-top-stories","24":"tag-topstories","25":"tag-verden","26":"tag-world","27":"tag-world-news","28":"tag-worldnews"},"share_on_mastodon":{"url":"https:\/\/pubeurope.com\/@no\/115595804255732958","error":""},"_links":{"self":[{"href":"https:\/\/www.europesays.com\/no\/wp-json\/wp\/v2\/posts\/94198","targetHints":{"allow":["GET"]}}],"collection":[{"href":"https:\/\/www.europesays.com\/no\/wp-json\/wp\/v2\/posts"}],"about":[{"href":"https:\/\/www.europesays.com\/no\/wp-json\/wp\/v2\/types\/post"}],"author":[{"embeddable":true,"href":"https:\/\/www.europesays.com\/no\/wp-json\/wp\/v2\/users\/2"}],"replies":[{"embeddable":true,"href":"https:\/\/www.europesays.com\/no\/wp-json\/wp\/v2\/comments?post=94198"}],"version-history":[{"count":0,"href":"https:\/\/www.europesays.com\/no\/wp-json\/wp\/v2\/posts\/94198\/revisions"}],"wp:featuredmedia":[{"embeddable":true,"href":"https:\/\/www.europesays.com\/no\/wp-json\/wp\/v2\/media\/94199"}],"wp:attachment":[{"href":"https:\/\/www.europesays.com\/no\/wp-json\/wp\/v2\/media?parent=94198"}],"wp:term":[{"taxonomy":"category","embeddable":true,"href":"https:\/\/www.europesays.com\/no\/wp-json\/wp\/v2\/categories?post=94198"},{"taxonomy":"post_tag","embeddable":true,"href":"https:\/\/www.europesays.com\/no\/wp-json\/wp\/v2\/tags?post=94198"}],"curies":[{"name":"wp","href":"https:\/\/api.w.org\/{rel}","templated":true}]}}