{"id":94202,"date":"2025-11-22T23:21:08","date_gmt":"2025-11-22T23:21:08","guid":{"rendered":"https:\/\/www.europesays.com\/no\/94202\/"},"modified":"2025-11-22T23:21:08","modified_gmt":"2025-11-22T23:21:08","slug":"nyheter-politi-skal-ha-gatt-til-angrep-mot-politiet-som-matte-bruke-elektrosjokk-vapen","status":"publish","type":"post","link":"https:\/\/www.europesays.com\/no\/94202\/","title":{"rendered":"Nyheter, Politi | Skal ha g\u00e5tt til angrep mot politiet som m\u00e5tte bruke elektrosjokk-v\u00e5pen"},"content":{"rendered":"\n<p>Det melder politiet i Nordland.<\/p>\n<p>Operasjonsleder Ina Kristin Selfors melder at de fikk melding om ruskj\u00f8ring i R\u00f8nvik i Bod\u00f8<\/p>\n<p>If\u00f8lge operasjonslederen fikk de kontroll p\u00e5 kj\u00f8ret\u00f8yet og to personer som var p\u00e5 adressen bilen var parkert.<\/p>\n<p>\u2013 Begge personene ble hissige for at politiet var p\u00e5 stedet og gikk til angrep p\u00e5 politiet, lyder meldingen.<\/p>\n<p>De m\u00e5tte derfor bruke gj\u00f8re bruk av politiets elektrosjokk-v\u00e5pen og pepperspray for \u00e5 f\u00e5 kontroll.<\/p>\n<p>Politiet skal senere har f\u00e5tt kontroll over situasjonen.<\/p>\n<p>Rett f\u00f8r midnatt melder politiet at begge personene framstilles for legevakt for \u00e5 sikre bevis. \u00c5rsaken er ikke at det er klart hvem som har kj\u00f8rt bilen.<\/p>\n","protected":false},"excerpt":{"rendered":"Det melder politiet i Nordland. Operasjonsleder Ina Kristin Selfors melder at de fikk melding om ruskj\u00f8ring i R\u00f8nvik&hellip;\n","protected":false},"author":2,"featured_media":4285,"comment_status":"","ping_status":"","sticky":false,"template":"","format":"standard","meta":{"footnotes":""},"categories":[5],"tags":[36,1525,20,21,24,25,15,19,22,23,17,18,13,30,28,29,14,16,254,1510,26,27],"class_list":{"0":"post-94202","1":"post","2":"type-post","3":"status-publish","4":"format-standard","5":"has-post-thumbnail","7":"category-overskrifter","8":"tag-art","9":"tag-bodo","10":"tag-breaking-news","11":"tag-breakingnews","12":"tag-featured-news","13":"tag-featurednews","14":"tag-headlines","15":"tag-hovedoppslag","16":"tag-latest-news","17":"tag-latestnews","18":"tag-main-news","19":"tag-mainnews","20":"tag-news","21":"tag-no","22":"tag-norge","23":"tag-norway","24":"tag-nyheter","25":"tag-overskrifter","26":"tag-politi","27":"tag-story","28":"tag-top-stories","29":"tag-topstories"},"share_on_mastodon":{"url":"https:\/\/pubeurope.com\/@no\/115595921525492428","error":""},"_links":{"self":[{"href":"https:\/\/www.europesays.com\/no\/wp-json\/wp\/v2\/posts\/94202","targetHints":{"allow":["GET"]}}],"collection":[{"href":"https:\/\/www.europesays.com\/no\/wp-json\/wp\/v2\/posts"}],"about":[{"href":"https:\/\/www.europesays.com\/no\/wp-json\/wp\/v2\/types\/post"}],"author":[{"embeddable":true,"href":"https:\/\/www.europesays.com\/no\/wp-json\/wp\/v2\/users\/2"}],"replies":[{"embeddable":true,"href":"https:\/\/www.europesays.com\/no\/wp-json\/wp\/v2\/comments?post=94202"}],"version-history":[{"count":0,"href":"https:\/\/www.europesays.com\/no\/wp-json\/wp\/v2\/posts\/94202\/revisions"}],"wp:featuredmedia":[{"embeddable":true,"href":"https:\/\/www.europesays.com\/no\/wp-json\/wp\/v2\/media\/4285"}],"wp:attachment":[{"href":"https:\/\/www.europesays.com\/no\/wp-json\/wp\/v2\/media?parent=94202"}],"wp:term":[{"taxonomy":"category","embeddable":true,"href":"https:\/\/www.europesays.com\/no\/wp-json\/wp\/v2\/categories?post=94202"},{"taxonomy":"post_tag","embeddable":true,"href":"https:\/\/www.europesays.com\/no\/wp-json\/wp\/v2\/tags?post=94202"}],"curies":[{"name":"wp","href":"https:\/\/api.w.org\/{rel}","templated":true}]}}