{"id":94211,"date":"2025-11-22T23:50:11","date_gmt":"2025-11-22T23:50:11","guid":{"rendered":"https:\/\/www.europesays.com\/no\/94211\/"},"modified":"2025-11-22T23:50:11","modified_gmt":"2025-11-22T23:50:11","slug":"3000-fans-klare-for-kamp-nrk-ostfold-lokale-nyheter-tv-og-radio","status":"publish","type":"post","link":"https:\/\/www.europesays.com\/no\/94211\/","title":{"rendered":"3000 Fans Klare for kamp \u2013 NRK \u00d8stfold \u2013 Lokale nyheter, TV og radio"},"content":{"rendered":"<p>Saken oppdatert: <\/p>\n<ul>\n<li>Over 3000 Vikingsupportere har sikret seg billetter til bortekampen mot Fredrikstad, og flere kj\u00f8per billetter p\u00e5 hjemmeseksjonen.<\/li>\n<li>Hotellene i Fredrikstad og n\u00e6rliggende byer som Sarpsborg, Halden og Moss er nesten fullbooket p\u00e5 grunn av tilreisende supportere.<\/li>\n<li>Kampen mot Fredrikstad er avgj\u00f8rende for Vikings sjanser til \u00e5 vinne seriegullet, men det er fortsatt en tett konkurranse.<\/li>\n<li>Fredrikstad kjemper om en viktig femteplass som kan gi en plass i Europa.<\/li>\n<\/ul>\n<p>Oppsummeringen er laget av en KI-tjeneste fra OpenAI. Innholdet er kvalitetssikret av NRKs journalister f\u00f8r publisering.<\/p>\n<p><strong>\u2013 Stavangerfolk er klare. De har ikke helt trodd p\u00e5 det, helt til n\u00e5. Men n\u00e5 koker det, sier Viking-supporter Tommy N\u00e6rland. <\/strong><\/p>\n<p>Torsdag m\u00f8ter NRK N\u00e6rland p\u00e5 en av stampubene til viking-supportere i Stavanger.<\/p>\n<p><strong>Han sier at det er fotballklubbens villeste bortetur s\u00e5 langt.<\/strong><\/p>\n<p><img decoding=\"async\"   src=\"data:image\/gif;base64,R0lGODlhAQABAIAAAAAAAP\/\/\/yH5BAEAAAAALAAAAAABAAEAAAIBRAA7\" loading=\"eager\" alt=\"Tommy N\u00e6rland Vikinghordene\" title=\"Foto: NTB scanpix\"\/><\/p>\n<p class=\"\">Vikingsupporter Tommy N\u00e6rland.<\/p>\n<p>Foto: NTB scanpix<\/p>\n<p>\u2013 N\u00e5 er det enormt tr\u00f8kk. N\u00e5 er det over 3000 mennesker som har skaffa seg billett i Fredrikstad. Har begynt \u00e5 kj\u00f8pe p\u00e5 hjemmeseksjonen til og med. S\u00e5 n\u00e5 tar det helt av.<\/p>\n<p>Det var knapt nok at han fant et sted \u00e5 bo i Fredrikstad.<\/p>\n<p><strong>P\u00e5 grunn av overbooking m\u00e5 han dele rom med supporterlederen.<\/strong><\/p>\n<p>\u2013 Det g\u00e5r fint for denne gang. Det er gull vi snakker om, s\u00e5 vi f\u00e5r bare gi gass, sier Tommy N\u00e6rland.<\/p>\n<p>Det er nemlig ikke mange kampene igjen som avgj\u00f8r om <a href=\"https:\/\/www.nrk.no\/rogaland\/xl\/viking-var-_dager-fra-konkurs__-na-kan-de-ta-et-historisk-gull-1.17645875\" ec-id=\"pp:article:1.17645875\" ec-name=\"Viking tar et historisk gull\" rel=\"nofollow noopener\" target=\"_blank\">Viking tar et historisk gull<\/a> i \u00e5rets eliteserie.<\/p>\n<p>Vikinghorden erobrer hotellrom<\/p>\n<p>Hadde <a href=\"https:\/\/www.nrk.no\/sport\/kjetil-knutsen-klikket-pa-sidelinja-_-ble-forbannet-da-dommeren-stanset-spillet-1.17663096\" ec-id=\"pp:article:1.17663096\" ec-name=\"KFUM vunnet mot Bod\u00f8\/Glimt fredag,\" rel=\"nofollow noopener\" target=\"_blank\">KFUM vunnet mot Bod\u00f8\/Glimt fredag, <\/a>kunne Viking ha sikret seriegullet mot Fredrikstad allerede s\u00f8ndag kveld.<\/p>\n<p>N\u00e5 er det derimot fortsatt et tett l\u00f8p om \u00e5 kunne l\u00f8fte pokalen, og Vikings kamp mot Fredrikstad er en viktig brikke for laget fra Stavanger.<\/p>\n<p><strong>Rune Solberg, salgsansvarlig i Scandic Hotell Fredrikstad, forteller om stor p\u00e5gang p\u00e5 hotellene i \u00d8stfold-omr\u00e5det.<\/strong><\/p>\n<p><img decoding=\"async\"   src=\"data:image\/gif;base64,R0lGODlhAQABAIAAAAAAAP\/\/\/yH5BAEAAAAALAAAAAABAAEAAAIBRAA7\" loading=\"eager\" alt=\"en mann i bl\u00e5 dress\" title=\"Foto: Scandic Hotels\"\/><\/p>\n<p class=\"\">Rune Solberg, salgsansvarlig i Scandic Hotell Fredrikstad.<\/p>\n<p>Foto: Scandic Hotels<\/p>\n<p>\u2013 I Fredrikstad n\u00e6rmer vi oss overbooket fra s\u00f8ndag til mandag. Det begynner ogs\u00e5 \u00e5 fylle seg opp i Sarpsborg, Halden og i Moss, sier Solberg.<\/p>\n<p><strong>If\u00f8lge Solberg har flere Viking-supportere satt seg p\u00e5 ventelister p\u00e5 hotellene.<\/strong><\/p>\n<p>\u2013 Det merkes p\u00e5 hotellene hver gang det er Fredrikstad-kamp. Det gj\u00f8r mye for byen at Fredrikstad er i toppdivisjonen, sier Solberg.<\/p>\n<p>\u2013 Slikt engasjement viser ogs\u00e5 hvor mye fotballen betyr for folk.<\/p>\n<p><img decoding=\"async\"   src=\"data:image\/gif;base64,R0lGODlhAQABAIAAAAAAAP\/\/\/yH5BAEAAAAALAAAAAABAAEAAAIBRAA7\" loading=\"eager\" alt=\"Inngangspartiet til Scandic City hotell med r\u00f8d l\u00f8per og juledekorasjoner. To blomsterpotter st\u00e5r p\u00e5 hver side av inngangen. D\u00f8rene er glass og et stjernesymbol er synlig p\u00e5 vinduet. Omgivelsene er opplyst av sollys.\" title=\"Foto: Tomas Berger \/ NRK\"\/><\/p>\n<p class=\"\">Bildet viser Scandic City Hotell i Fredrikstad, som n\u00e5 har ventelister for hotellrom s\u00f8ndag til mandag. <\/p>\n<p>Foto: Tomas Berger \/ NRK<\/p>\n<p>\u2013 Vil merke trykket<\/p>\n<p>Markus Slyngenborg Jensen, publikums- og medieansvarlig i Fredrikstad Fotballklubb, bekrefter at hele borteseksjonen er utsolgt.<\/p>\n<p>Han er derimot ikke bekymret for at Fredrikstad stadion blir mer bl\u00e5 enn r\u00f8d under s\u00f8ndagens hjemmekamp.<\/p>\n<p>\u2013 Vi har ikke opplevd noe stor p\u00e5gang p\u00e5 langsidebilletter helt enda, s\u00e5 vi har ingen grunn til \u00e5 tro at det kommer til \u00e5 bli helt bl\u00e5tt, sier Jensen. <\/p>\n<p><strong>\u2013 Men hvis det skjer at Viking-supportere kj\u00f8per p\u00e5 langsiden, s\u00e5 ber vi dem bare oppf\u00f8re seg pent, og ikke provosere.<\/strong><\/p>\n<p><img decoding=\"async\"   src=\"data:image\/gif;base64,R0lGODlhAQABAIAAAAAAAP\/\/\/yH5BAEAAAAALAAAAAABAAEAAAIBRAA7\" loading=\"eager\" alt=\"en gruppe mennesker som holder flagg\" title=\"Foto: Thomas Andersen \/ NTB\"\/><\/p>\n<p class=\"\">Fredrikstadsupporterne gj\u00f8r seg klare for \u00e5 ta imot Viking s\u00f8ndag, klokken 19.15 p\u00e5 Fredrikstad stadion. <\/p>\n<p>Foto: Thomas Andersen \/ NTB<\/p>\n<p>If\u00f8lge Jensen er det ikke bare Viking-spillerne som har noe viktig \u00e5 spille om.<\/p>\n<p>\u2013 Vi kan kapre en viktig femteplass, og det kan v\u00e6re Europaplass i den. Vi er det som vi kaller \u00abutsolgt under tak\u00bb, som vil si at det kun er de plassene som ikke er under tak, er fortsatt ledige. <\/p>\n<p>\u2013 Vi kommer nok til \u00e5 merke trykket p\u00e5 stadionen, sier Jensen.<\/p>\n<p>PS: Bod\u00f8\/Glimt m\u00f8ter Fredrikstad hjemme 30\/11. Viking m\u00f8ter Fredrikstad s\u00f8ndag, og f\u00e5r deretter bes\u00f8k av V\u00e5lerenga i siste serierunde.<\/p>\n<p>Publisert<\/p>\n<p>22.11.2025, kl. 21.32<\/p>\n<p>Oppdatert<\/p>\n<p>22.11.2025, kl. 22.25<\/p>\n","protected":false},"excerpt":{"rendered":"Saken oppdatert: Over 3000 Vikingsupportere har sikret seg billetter til bortekampen mot Fredrikstad, og flere kj\u00f8per billetter p\u00e5&hellip;\n","protected":false},"author":2,"featured_media":94212,"comment_status":"","ping_status":"","sticky":false,"template":"","format":"standard","meta":{"footnotes":""},"categories":[59],"tags":[30,28,29,83,82],"class_list":{"0":"post-94211","1":"post","2":"type-post","3":"status-publish","4":"format-standard","5":"has-post-thumbnail","7":"category-sport","8":"tag-no","9":"tag-norge","10":"tag-norway","11":"tag-sport","12":"tag-sports"},"share_on_mastodon":{"url":"https:\/\/pubeurope.com\/@no\/115596035580659915","error":""},"_links":{"self":[{"href":"https:\/\/www.europesays.com\/no\/wp-json\/wp\/v2\/posts\/94211","targetHints":{"allow":["GET"]}}],"collection":[{"href":"https:\/\/www.europesays.com\/no\/wp-json\/wp\/v2\/posts"}],"about":[{"href":"https:\/\/www.europesays.com\/no\/wp-json\/wp\/v2\/types\/post"}],"author":[{"embeddable":true,"href":"https:\/\/www.europesays.com\/no\/wp-json\/wp\/v2\/users\/2"}],"replies":[{"embeddable":true,"href":"https:\/\/www.europesays.com\/no\/wp-json\/wp\/v2\/comments?post=94211"}],"version-history":[{"count":0,"href":"https:\/\/www.europesays.com\/no\/wp-json\/wp\/v2\/posts\/94211\/revisions"}],"wp:featuredmedia":[{"embeddable":true,"href":"https:\/\/www.europesays.com\/no\/wp-json\/wp\/v2\/media\/94212"}],"wp:attachment":[{"href":"https:\/\/www.europesays.com\/no\/wp-json\/wp\/v2\/media?parent=94211"}],"wp:term":[{"taxonomy":"category","embeddable":true,"href":"https:\/\/www.europesays.com\/no\/wp-json\/wp\/v2\/categories?post=94211"},{"taxonomy":"post_tag","embeddable":true,"href":"https:\/\/www.europesays.com\/no\/wp-json\/wp\/v2\/tags?post=94211"}],"curies":[{"name":"wp","href":"https:\/\/api.w.org\/{rel}","templated":true}]}}