{"id":94215,"date":"2025-11-22T23:56:08","date_gmt":"2025-11-22T23:56:08","guid":{"rendered":"https:\/\/www.europesays.com\/no\/94215\/"},"modified":"2025-11-22T23:56:08","modified_gmt":"2025-11-22T23:56:08","slug":"advarer-om-glatte-veier-pa-ostlandet-biler-sklir-av-veiene-siste-nytt-nrk","status":"publish","type":"post","link":"https:\/\/www.europesays.com\/no\/94215\/","title":{"rendered":"Advarer om glatte veier p\u00e5 \u00d8stlandet \u2013 biler sklir av veiene \u2013 Siste nytt \u2013\u00a0NRK"},"content":{"rendered":"<p>Det har v\u00e6rt flere trafikkuhell og flere biler st\u00e5r langs veiene p\u00e5 grunn av glatte veger flere steder p\u00e5 \u00d8stlandet l\u00f8rdag kveld.<\/p>\n<p>\u2013 Det er spesielt Innlandet som har merket glatte veier der det regner p\u00e5 minusgrader i bakken, sier trafikkoperat\u00f8r Barbro Evensen Venhagen i Vegtrafikksentralen \u00d8st til NRK rundt midnatt natt til s\u00f8ndag.<\/p>\n<p>Det er spesielt omr\u00e5dene Elverum, Hamar og nord for Hamar og Gj\u00f8vik-traktene hvor det er veldig vanskelige kj\u00f8reforhold.<\/p>\n<p>\u2013 Bilene sklir sakte, men sikkert av veien og blir st\u00e5ende i gr\u00f8fta. Ved flere veier, som rv. 3 og rv. 2, har bilene stanset langs veien og venter p\u00e5 str\u00f8bil, sier hun.<\/p>\n<p>og legger til at dersom du ikke m\u00e5 ut og kj\u00f8re, s\u00e5 er det best \u00e5 la bilen st\u00e5.<\/p>\n<p>Vegtrafikksentralen sier at dette ikke er natta for \u00e5 kj\u00f8re ut med halv tank hverken p\u00e5 drivstoff eller str\u00f8m.<\/p>\n<p>\u2013 S\u00f8rg for \u00e5 ha full tank og ikke minst ha varme kl\u00e6r i bilen, avslutter hun.<\/p>\n","protected":false},"excerpt":{"rendered":"Det har v\u00e6rt flere trafikkuhell og flere biler st\u00e5r langs veiene p\u00e5 grunn av glatte veger flere steder&hellip;\n","protected":false},"author":2,"featured_media":94216,"comment_status":"","ping_status":"","sticky":false,"template":"","format":"standard","meta":{"footnotes":""},"categories":[5],"tags":[20,21,24,25,15,19,22,23,17,18,13,30,28,29,14,16,26,27],"class_list":{"0":"post-94215","1":"post","2":"type-post","3":"status-publish","4":"format-standard","5":"has-post-thumbnail","7":"category-overskrifter","8":"tag-breaking-news","9":"tag-breakingnews","10":"tag-featured-news","11":"tag-featurednews","12":"tag-headlines","13":"tag-hovedoppslag","14":"tag-latest-news","15":"tag-latestnews","16":"tag-main-news","17":"tag-mainnews","18":"tag-news","19":"tag-no","20":"tag-norge","21":"tag-norway","22":"tag-nyheter","23":"tag-overskrifter","24":"tag-top-stories","25":"tag-topstories"},"share_on_mastodon":{"url":"https:\/\/pubeurope.com\/@no\/115596059167592633","error":""},"_links":{"self":[{"href":"https:\/\/www.europesays.com\/no\/wp-json\/wp\/v2\/posts\/94215","targetHints":{"allow":["GET"]}}],"collection":[{"href":"https:\/\/www.europesays.com\/no\/wp-json\/wp\/v2\/posts"}],"about":[{"href":"https:\/\/www.europesays.com\/no\/wp-json\/wp\/v2\/types\/post"}],"author":[{"embeddable":true,"href":"https:\/\/www.europesays.com\/no\/wp-json\/wp\/v2\/users\/2"}],"replies":[{"embeddable":true,"href":"https:\/\/www.europesays.com\/no\/wp-json\/wp\/v2\/comments?post=94215"}],"version-history":[{"count":0,"href":"https:\/\/www.europesays.com\/no\/wp-json\/wp\/v2\/posts\/94215\/revisions"}],"wp:featuredmedia":[{"embeddable":true,"href":"https:\/\/www.europesays.com\/no\/wp-json\/wp\/v2\/media\/94216"}],"wp:attachment":[{"href":"https:\/\/www.europesays.com\/no\/wp-json\/wp\/v2\/media?parent=94215"}],"wp:term":[{"taxonomy":"category","embeddable":true,"href":"https:\/\/www.europesays.com\/no\/wp-json\/wp\/v2\/categories?post=94215"},{"taxonomy":"post_tag","embeddable":true,"href":"https:\/\/www.europesays.com\/no\/wp-json\/wp\/v2\/tags?post=94215"}],"curies":[{"name":"wp","href":"https:\/\/api.w.org\/{rel}","templated":true}]}}