{"id":94221,"date":"2025-11-23T00:27:11","date_gmt":"2025-11-23T00:27:11","guid":{"rendered":"https:\/\/www.europesays.com\/no\/94221\/"},"modified":"2025-11-23T00:27:11","modified_gmt":"2025-11-23T00:27:11","slug":"john-hammersmark-avslort-som-badeanda-i-maskorama","status":"publish","type":"post","link":"https:\/\/www.europesays.com\/no\/94221\/","title":{"rendered":"John Hammersmark avsl\u00f8rt som Badeanda i Maskorama"},"content":{"rendered":"<p class=\"kicker \" style=\"\">M\u00e5tte la masken falle:<\/p>\n<p>  Sjokkerende avsl\u00f8ring i \u00abMaskorama\u00bb \u2013 kapteinens skjulte talent!<\/p>\n<p>\n    UTE: Badeanda er ute av \u00e5rets konkurranse. Foto: Espen Solli\n  <\/p>\n<p>L\u00f8rdag var det nok en deltaker som m\u00e5tte la masken falle i seerfavoritten \u00abMaskorama\u00bb.<\/p>\n<p>Ryktene om hvem som skjuler seg inni de spektakul\u00e6re kostymene, vil ingen ende ta, og i \u00e5r som i fjor, har det v\u00e6rt knyttet stor spenning til hvem som gjemmer seg bak maskene.<\/p>\n<p>          <img loading=\"lazy\" decoding=\"async\" src=\"https:\/\/www.europesays.com\/no\/wp-content\/uploads\/2025\/11\/83889039.webp\" width=\"980\" height=\"559\" title=\"AV MED MASKEN: \u00abKaptein\u00bb John Hammersmark (52) r\u00f8k ut av Maskorama l\u00f8rdag. Foto: NRK.\" alt=\"\" class=\"\" style=\"--aspect-ratio-image: 1.75; \"\/><\/p>\n<p>\n          AV MED MASKEN: \u00abKaptein\u00bb John Hammersmark (52) r\u00f8k ut av Maskorama l\u00f8rdag. Foto: NRK.\n      <\/p>\n<p class=\"font-weight-bold m-font-weight-bold\" data-lab-font_weight=\"font-weight-bold\">Denne l\u00f8rdagen var det \u00abBadeanda\u00bb som m\u00e5tte vise sin faktiske identitet.<\/p>\n<p>    <a itemprop=\"url\" href=\"https:\/\/www.seher.no\/kongelig\/na-er-arsaken-avslort\/83836629\" rel=\"nofollow noopener\" target=\"_blank\"><\/p>\n<p>      <img loading=\"lazy\" decoding=\"async\" src=\"https:\/\/www.europesays.com\/no\/wp-content\/uploads\/2025\/11\/1763857629_698_83836639.webp\" width=\"980\" height=\"441\" title=\"N\u00e5 er \u00e5rsaken avsl\u00f8rt\" alt=\"\" class=\"lazyload\" style=\"--aspect-ratio-image: 2.22; \"\/><\/p>\n<p>        N\u00e5 er \u00e5rsaken avsl\u00f8rt<\/p>\n<p>    <\/a><\/p>\n<p>Og under det frekke kostyme, var det ingen ringere enn \u00abkaptein\u00bb John Hammersmark (52) som skjulte seg.<\/p>\n<p>        R\u00d8K UT: Det ble \u00abBadeanda\u00bb som m\u00e5tte vise sin sanne identitet under den tredje episoden av \u00abMaskorama\u00bb. Video: NRK<\/p>\n<p>John er kanskje best kjent som kaptein i TV2-serien \u00abKompani Lauritzen\u00bb, og overrasket trolig b\u00e5de seerne og detektivene da han avsl\u00f8rte at det skjulte seg et overraskende sang-talent bak den myndige og strenge stemmen.\u00a0<\/p>\n<p>          <img loading=\"lazy\" decoding=\"async\" src=\"https:\/\/www.europesays.com\/no\/wp-content\/uploads\/2025\/11\/79235348.webp\" width=\"980\" height=\"559\" title=\"KAPTEIN: John Hammersmark har gjort seg bemerket for sin strenge, men rettferdige rolle i \u00abKompani Lauritzen\u00bb. Foto: TV2\" alt=\"\" class=\"\" style=\"--aspect-ratio-image: 1.75; \"\/><\/p>\n<p>\n          KAPTEIN: John Hammersmark har gjort seg bemerket for sin strenge, men rettferdige rolle i \u00abKompani Lauritzen\u00bb. Foto: TV2\n      <\/p>\n<p class=\"font-weight-bold m-font-weight-bold\" data-lab-font_weight=\"font-weight-bold\">Men det er ikke bare p\u00e5 skjermene Hammersmark har brilijert. 52-\u00e5ringen har nemlig en sv\u00e6rt imponerende karriere i milit\u00e6ret i ryggsekken.<\/p>\n<p>    <a itemprop=\"url\" href=\"https:\/\/www.seher.no\/kjendis\/nrk-avkrefter-pizza-rykter\/83836232\" rel=\"nofollow noopener\" target=\"_blank\"><\/p>\n<p>      <img loading=\"lazy\" decoding=\"async\" src=\"https:\/\/www.europesays.com\/no\/wp-content\/uploads\/2025\/11\/1763857630_20_83836224.webp\" width=\"980\" height=\"441\" title=\"NRK avkrefter pizza-rykter\" alt=\"\" class=\"lazyload\" style=\"--aspect-ratio-image: 2.22; \"\/><\/p>\n<p>        NRK avkrefter pizza-rykter<\/p>\n<p>    <\/a><\/p>\n<p>Han startet sin milit\u00e6re karriere som 19-\u00e5ring i Befalsskolen i H\u00e6ren. Derfra gikk han via Krigsskolen, Stab-og sjefskurs p\u00e5 Forsvarets h\u00f8gskole &#8211; og tjenestegjorde blant annet i Forsvarets spesialkommando (FSK) som fallskjermjeger og senere nestkommanderende for hele regimentet.<\/p>\n<p>        TREKKER SEG: \u00abOrken\u00bb var for syk til \u00e5 kunne fortsette \u00e5 delta i \u00abMaskorama\u00bb. Video: NRK<\/p>\n<p>Mange kjenner han best som den myndige kapteinen i \u00abKompani Laurtizen\u00bb, men mange har kanskje ikke f\u00e5tt med seg at \u00abKapteinen\u00bb har deltatt i skarpe operasjoner i b\u00e5de Bosnia og Afghanistan.<\/p>\n<p>          <img loading=\"lazy\" decoding=\"async\" src=\"https:\/\/www.europesays.com\/no\/wp-content\/uploads\/2025\/11\/79235352.webp\" width=\"980\" height=\"559\" title=\"DEGRADERT: John Hammersmark fra Moss er degradert til kaptein i kompani Lauritzen. Han var oberstl\u00f8ytnant f\u00f8r han sluttet i Forsvaret. Fenrik Geir Aker i bakgrunnen. Med Dag Otto Lauritsen. Foto: Privat\" alt=\"\" class=\"\" style=\"--aspect-ratio-image: 1.75; \"\/><\/p>\n<p>\n          DEGRADERT: John Hammersmark fra Moss er degradert til kaptein i kompani Lauritzen. Han var oberstl\u00f8ytnant f\u00f8r han sluttet i Forsvaret. Fenrik Geir Aker i bakgrunnen. Med Dag Otto Lauritsen. Foto: Privat\n      <\/p>\n<p class=\"font-weight-bold m-font-weight-bold\" data-lab-font_weight=\"font-weight-bold\">Etter 23 \u00e5r i forsvaret, med grad som oberstl\u00f8ytnant, la han uniformen p\u00e5 hylla.<\/p>\n<p>Etter endt milit\u00e6rtjeneste tok han jobben som direkt\u00f8r for Sikkerhet og Beredskap i Norges Rederiforbund. Der fikk han ansvar for globale sikkerhets &#8211; og beredskapsutfordringer &#8211; med over 1800 norskkontrollerte skip spredt over hele verden.<\/p>\n<p>    <a itemprop=\"url\" href=\"https:\/\/www.seher.no\/kjendis\/venter-barn-sa-sjokkert\/83834293\" rel=\"nofollow noopener\" target=\"_blank\"><\/p>\n<p>      <img loading=\"lazy\" decoding=\"async\" src=\"https:\/\/www.europesays.com\/no\/wp-content\/uploads\/2025\/11\/83834465.webp\" width=\"980\" height=\"441\" title=\"Venter barn: - S\u00e5 sjokkert\" alt=\"\" class=\"lazyload\" style=\"--aspect-ratio-image: 2.22; \"\/><\/p>\n<p>        Venter barn: &#8211; S\u00e5 sjokkert<\/p>\n<p>    <\/a><\/p>\n<p>I dag g\u00e5r han rundt om foredragsholder, TV-profil &#8211; og hobby-snekker.<\/p>\n<p class=\"font-weight-bold m-font-weight-bold\" data-lab-font_weight=\"font-weight-bold\">\u00abMaskorama\u00bb-deltakelsen er dog 52-\u00e5ringens f\u00f8rste TV-opptreden hvor han ikke blir ledsaget av Dag Otto Lauritzen eller Fenrik Geir Aker &#8230; eller kanskje de skjuler seg i bak noen de gjenv\u00e6rende maskene?<\/p>\n","protected":false},"excerpt":{"rendered":"M\u00e5tte la masken falle: Sjokkerende avsl\u00f8ring i \u00abMaskorama\u00bb \u2013 kapteinens skjulte talent! UTE: Badeanda er ute av \u00e5rets&hellip;\n","protected":false},"author":2,"featured_media":94222,"comment_status":"","ping_status":"","sticky":false,"template":"","format":"standard","meta":{"footnotes":""},"categories":[58],"tags":[6537,4104,71,12219,12220,479,2176,2693,30,28,29,72],"class_list":{"0":"post-94221","1":"post","2":"type-post","3":"status-publish","4":"format-standard","5":"has-post-thumbnail","7":"category-underholdning","8":"tag-dag-otto-lauritzen","9":"tag-eksklusivt","10":"tag-entertainment","11":"tag-geir-aker","12":"tag-john-hammersmark","13":"tag-kjendis","14":"tag-kompani-lauritzen","15":"tag-maskorama","16":"tag-no","17":"tag-norge","18":"tag-norway","19":"tag-underholdning"},"share_on_mastodon":{"url":"https:\/\/pubeurope.com\/@no\/115596181305409211","error":""},"_links":{"self":[{"href":"https:\/\/www.europesays.com\/no\/wp-json\/wp\/v2\/posts\/94221","targetHints":{"allow":["GET"]}}],"collection":[{"href":"https:\/\/www.europesays.com\/no\/wp-json\/wp\/v2\/posts"}],"about":[{"href":"https:\/\/www.europesays.com\/no\/wp-json\/wp\/v2\/types\/post"}],"author":[{"embeddable":true,"href":"https:\/\/www.europesays.com\/no\/wp-json\/wp\/v2\/users\/2"}],"replies":[{"embeddable":true,"href":"https:\/\/www.europesays.com\/no\/wp-json\/wp\/v2\/comments?post=94221"}],"version-history":[{"count":0,"href":"https:\/\/www.europesays.com\/no\/wp-json\/wp\/v2\/posts\/94221\/revisions"}],"wp:featuredmedia":[{"embeddable":true,"href":"https:\/\/www.europesays.com\/no\/wp-json\/wp\/v2\/media\/94222"}],"wp:attachment":[{"href":"https:\/\/www.europesays.com\/no\/wp-json\/wp\/v2\/media?parent=94221"}],"wp:term":[{"taxonomy":"category","embeddable":true,"href":"https:\/\/www.europesays.com\/no\/wp-json\/wp\/v2\/categories?post=94221"},{"taxonomy":"post_tag","embeddable":true,"href":"https:\/\/www.europesays.com\/no\/wp-json\/wp\/v2\/tags?post=94221"}],"curies":[{"name":"wp","href":"https:\/\/api.w.org\/{rel}","templated":true}]}}