{"id":94234,"date":"2025-11-23T01:35:14","date_gmt":"2025-11-23T01:35:14","guid":{"rendered":"https:\/\/www.europesays.com\/no\/94234\/"},"modified":"2025-11-23T01:35:14","modified_gmt":"2025-11-23T01:35:14","slug":"vi-er-enige-om-langt-mer-enn-jeg-trodde","status":"publish","type":"post","link":"https:\/\/www.europesays.com\/no\/94234\/","title":{"rendered":"\u2013 Vi er enige om langt mer enn jeg trodde"},"content":{"rendered":"<p><strong>Det var New Yorks kommende ordf\u00f8rer, Zohran Mamdani, som hadde bedt om m\u00f8te med president Trumo, og det fikk han.<\/strong><\/p>\n<p>Og tonen da de to <a href=\"https:\/\/www.youtube.com\/watch?v=nDanzN1EUeE\" rel=\"nofollow noopener\" target=\"_blank\">m\u00f8tte pressen<\/a> etter en halvtime sammen, overrasket. I ukene f\u00f8r m\u00f8tet hadde begge parter markert avstand, men i etterkant slo b\u00e5de Trump og Mamdani fast at samtalen var produktiv \u2013 og til og med vennskapelig.<\/p>\n<p>Fredag ble Mamadani presset p\u00e5 tidligere uttalelser om at president Donald Trump er en \u00abdespot\u00bb og \u00abfascist\u00bb. St\u00e5ende i Det ovale kontor begynte Mamdani \u00e5 svare \u2013 men ble avbrutt av presidenten.<\/p>\n<p>\u2013 Det er greit, du kan bare si ja. Det er enklere. Det er lettere enn \u00e5 forklare, sa Trump lattermildt mens han klappet Mamdani p\u00e5 armen.<\/p>\n<blockquote class=\"twitter-tweet\">\n<p lang=\"en\" dir=\"ltr\">\ud83d\udea8 Funniest. President. EVER!<\/p>\n<p>REPORTER TO ZOHRAN MAMDANI: &laquo;Are you affirming you think President Trump is a FASCIST?&raquo;<\/p>\n<p>MAMDANI: &laquo;I&#8217;ve-&laquo;<\/p>\n<p>PRESIDENT TRUMP: &laquo;-that&#8217;s OK. You can just say YES. It&#8217;s easier than explaining it, I don&#8217;t mind.&raquo; *Pats Mamdani on the back*<\/p>\n<p>OMG \ud83d\ude2d\ud83d\ude2d <a href=\"https:\/\/t.co\/vBnM9dMi8k\" rel=\"nofollow\">pic.twitter.com\/vBnM9dMi8k<\/a><\/p>\n<p>\u2014 Eric Daugherty (@EricLDaugh) <a href=\"https:\/\/twitter.com\/EricLDaugh\/status\/1991974070527950896?ref_src=twsrc%5Etfw\" rel=\"nofollow noopener\" target=\"_blank\">November 21, 2025<\/a><\/p><\/blockquote>\n<p>P\u00e5 det annet tidspunkt avv\u00e6pnet Trump med at han hadde blitt kalt verre ting en \u00abdespot\u00bb.<\/p>\n<blockquote class=\"twitter-tweet\">\n<p lang=\"en\" dir=\"ltr\">Reporter to Mamdani: You referred to Trump as despot\u2026<\/p>\n<p>Trump: I&#8217;ve been called much worse than a despot. So it&#8217;s not that insulting. <a href=\"https:\/\/t.co\/HySufibW2A\" rel=\"nofollow\">pic.twitter.com\/HySufibW2A<\/a><\/p>\n<p>\u2014 Acyn (@Acyn) <a href=\"https:\/\/twitter.com\/Acyn\/status\/1991971409015537968?ref_src=twsrc%5Etfw\" rel=\"nofollow noopener\" target=\"_blank\">November 21, 2025<\/a><\/p><\/blockquote>\n<p>Trump ble ogs\u00e5 konfrontert med at han har kalt Mamdani for en jihadist.<\/p>\n<blockquote class=\"twitter-tweet\">\n<p lang=\"en\" dir=\"ltr\">Q: Stefanik has called Mamdani a &#8216;jihadist.&#8217; Do you think you&#8217;re standing next to a jihadist right now?<\/p>\n<p>TRUMP: No, I don&#8217;t. I met with a man who&#8217;s a very rational person <a href=\"https:\/\/t.co\/DrdUFhwNHX\" rel=\"nofollow\">pic.twitter.com\/DrdUFhwNHX<\/a><\/p>\n<p>\u2014 Aaron Rupar (@atrupar) <a href=\"https:\/\/twitter.com\/atrupar\/status\/1991977473525895371?ref_src=twsrc%5Etfw\" rel=\"nofollow noopener\" target=\"_blank\">November 21, 2025<\/a><\/p><\/blockquote>\n<p>At tonen skulle v\u00e6re s\u00e5 kollegial, var det f\u00e5 som hadde sett for seg, mener <a href=\"https:\/\/edition.cnn.com\/2025\/11\/21\/politics\/trump-mamdani-oval-office-meeting\" rel=\"nofollow noopener\" target=\"_blank\">CNN<\/a>.<\/p>\n<p>\u2013 Jo bedre han gj\u00f8r det, desto gladere er jeg, sa Trump om den nyvalgte ordf\u00f8reren, og uttrykte ogs\u00e5 \u00e5penhet for \u00e5 flytte tilbake til Mamdanis New York.<\/p>\n<p>Under valgkampen hadde presidenten oppfordret velgere i hjembyen til \u00e5 stemme p\u00e5 tidligere guvern\u00f8r Andrew Cuomo, som stilte som uavhengig kandidat, i stedet for republikaneren. Trump mente Cuomo hadde st\u00f8rre sjanse til \u00e5 sl\u00e5 Mamdani. <\/p>\n<p>Han hadde ogs\u00e5 truet med \u00e5 trekke f\u00f8derale midler fra byen dersom Mamdani vant, antydet bruk av nasjonalgarden og truet med \u00e5 arrestere ordf\u00f8reren \u2013 som han gjentatte ganger har kalt \u00abkommunist\u00bb.<\/p>\n<p>Spurt fredag om han n\u00e5 ville f\u00f8le seg komfortabel med \u00e5 bo i New York, svarte Trump:<\/p>\n<p>\u2013 Absolutt \u2013 spesielt etter m\u00f8tet, absolutt. Vi er enige om langt mer enn jeg egentlig trodde.<\/p>\n<p>Begge understreket ogs\u00e5 betydningen av velgerne som stemte p\u00e5 Mamdani i lokalvalget og Trump i 2024. Presidenten viste respekt for Mamdanis klare valgseier \u2013 over 50 prosent \u2013 drevet av et fokus p\u00e5 arbeiderklasse og l\u00f8fter om \u00e5 gj\u00f8re storbyen mer levelig igjen.<\/p>\n<p>\u00d8konomi er samtidig et omr\u00e5de der Trump sliter. En <a href=\"https:\/\/www.foxnews.com\/politics\/fox-news-poll-voters-say-white-house-doing-more-harm-than-good-economy\" rel=\"nofollow noopener\" target=\"_blank\">Fox News-m\u00e5ling<\/a> denne uken viste at 76 prosent av velgerne har et negativt syn p\u00e5 \u00f8konomien \u2013 en kraftig advarsel til republikanerne foran mellomvalget neste \u00e5r.<\/p>\n<p>For Mamdani er det ogs\u00e5 viktig \u00e5 ha et fungerende forhold til Det hvite hus. New Yorks budsjett for 2026 legger opp til 7,4 milliarder dollar i f\u00f8deral st\u00f8tte, skriver CNN.<\/p>\n<p>Trump og Mamdani sa ogs\u00e5 at de fant felles grunn p\u00e5 temaer som energikostnader, offentlig sikkerhet og fred i Midt\u00f8sten \u2013 en retorisk mykning sammenlignet med deres uenigheter om innvandring og Israel\u2013Hamas-krigen.<\/p>\n<p>Selve iscenesettelsen av m\u00f8tet vakte oppmerksomhet. De to m\u00f8ttes privat i litt over en halvtime f\u00f8r pressen ble invitert inn. I l\u00f8pet av den tiden s\u00e5 de blant annet p\u00e5 et portrett av Franklin D. Roosevelt i Cabinet Room, der Mamdani tok bilde ved siden av maleriet.<\/p>\n<p>Da de m\u00f8tte pressen, satt Trump bak pulten sin \u2013 mens Mamdani sto bak ham. I motsetning til m\u00f8ter med internasjonale ledere, var det ingen likeverdige gule lenestoler.<\/p>\n<p>Hele pressem\u00f8tet kan sees her.<\/p>\n<p><script async src=\"https:\/\/platform.twitter.com\/widgets.js\" charset=\"utf-8\"><\/script><\/p>\n","protected":false},"excerpt":{"rendered":"Det var New Yorks kommende ordf\u00f8rer, Zohran Mamdani, som hadde bedt om m\u00f8te med president Trumo, og det&hellip;\n","protected":false},"author":2,"featured_media":94235,"comment_status":"","ping_status":"","sticky":false,"template":"","format":"standard","meta":{"footnotes":""},"categories":[5],"tags":[20,21,55,24,25,15,19,22,23,17,18,13,30,28,29,14,16,26,27,12221],"class_list":{"0":"post-94234","1":"post","2":"type-post","3":"status-publish","4":"format-standard","5":"has-post-thumbnail","7":"category-overskrifter","8":"tag-breaking-news","9":"tag-breakingnews","10":"tag-donald-trump","11":"tag-featured-news","12":"tag-featurednews","13":"tag-headlines","14":"tag-hovedoppslag","15":"tag-latest-news","16":"tag-latestnews","17":"tag-main-news","18":"tag-mainnews","19":"tag-news","20":"tag-no","21":"tag-norge","22":"tag-norway","23":"tag-nyheter","24":"tag-overskrifter","25":"tag-top-stories","26":"tag-topstories","27":"tag-zoran-mamdani"},"share_on_mastodon":{"url":"https:\/\/pubeurope.com\/@no\/115596448509789802","error":""},"_links":{"self":[{"href":"https:\/\/www.europesays.com\/no\/wp-json\/wp\/v2\/posts\/94234","targetHints":{"allow":["GET"]}}],"collection":[{"href":"https:\/\/www.europesays.com\/no\/wp-json\/wp\/v2\/posts"}],"about":[{"href":"https:\/\/www.europesays.com\/no\/wp-json\/wp\/v2\/types\/post"}],"author":[{"embeddable":true,"href":"https:\/\/www.europesays.com\/no\/wp-json\/wp\/v2\/users\/2"}],"replies":[{"embeddable":true,"href":"https:\/\/www.europesays.com\/no\/wp-json\/wp\/v2\/comments?post=94234"}],"version-history":[{"count":0,"href":"https:\/\/www.europesays.com\/no\/wp-json\/wp\/v2\/posts\/94234\/revisions"}],"wp:featuredmedia":[{"embeddable":true,"href":"https:\/\/www.europesays.com\/no\/wp-json\/wp\/v2\/media\/94235"}],"wp:attachment":[{"href":"https:\/\/www.europesays.com\/no\/wp-json\/wp\/v2\/media?parent=94234"}],"wp:term":[{"taxonomy":"category","embeddable":true,"href":"https:\/\/www.europesays.com\/no\/wp-json\/wp\/v2\/categories?post=94234"},{"taxonomy":"post_tag","embeddable":true,"href":"https:\/\/www.europesays.com\/no\/wp-json\/wp\/v2\/tags?post=94234"}],"curies":[{"name":"wp","href":"https:\/\/api.w.org\/{rel}","templated":true}]}}