{"id":94251,"date":"2025-11-23T02:59:37","date_gmt":"2025-11-23T02:59:37","guid":{"rendered":"https:\/\/www.europesays.com\/no\/94251\/"},"modified":"2025-11-23T02:59:37","modified_gmt":"2025-11-23T02:59:37","slug":"hardkjor-mot-sjefen-dagbladet","status":"publish","type":"post","link":"https:\/\/www.europesays.com\/no\/94251\/","title":{"rendered":"Hardkj\u00f8r mot sjefen &#8211; Dagbladet"},"content":{"rendered":"<ol>\n<li><a href=\"https:\/\/news.google.com\/rss\/articles\/CBMib0FVX3lxTE5PbDk2MUhOLUEtVDFUOUthbHFnUTg4RUlac21PaFJYcHctbDgwczlUczVFd2k2N0lZMWNMSEtpSDJKdWhLLUpnbE12WjlrUkFhblJzb0FUN0VqSnFJMzNWUnA0bHJTeG9leDdud2pOdw?oc=5\" target=\"_blank\" rel=\"nofollow noopener\">Hardkj\u00f8r mot sjefen<\/a>&nbsp;&nbsp;Dagbladet<\/li>\n<li><a href=\"https:\/\/news.google.com\/rss\/articles\/CBMitAFBVV95cUxQUE1LNlFRUmhEZEl6eFJTRFdSM0FmVTktYTdfVzNjcW1DU1lXbXllamFIRlBZcDJ1ejVFWXhZMUNOT2YxQzYwMkwzcFV4VXhyMkNWaElmdEhreTZUaHBKUHJ0djRGSUZLUkhpVkpUQjBqVkhjRGpRWkpscjVVZTBERWhxZS0zRlliay1pQVBOV0ZTVDN1V3NYME9IODcwOExWeFhnSW92VGlWYkNiTDNjOGZjQ2U?oc=5\" target=\"_blank\" rel=\"nofollow noopener\">Mette Frederiksen har ingen planer om \u00e5 g\u00e5 av p\u00e5 tross av valgnederlag<\/a>&nbsp;&nbsp;lister24.no<\/li>\n<li><a href=\"https:\/\/news.google.com\/rss\/articles\/CBMiW0FVX3lxTE5GaWI1SnBxNzBKWG1CdkY0OXIwMXV3X053cVNIRlMwUmlpYjUwLWQ1MkthX1FzcW8wMElaN2VVNDVlVVdBem5STlo5SFFDQTNndjdtM3NFcEFJLVE?oc=5\" target=\"_blank\" rel=\"nofollow noopener\">Frederiksens fabrikk i st\u00e5<\/a>&nbsp;&nbsp;Klassekampen<\/li>\n<li><a href=\"https:\/\/news.google.com\/rss\/articles\/CBMiowFBVV95cUxNMW9raVVKV3EtWjdwVUZBb3NucWlOaV9DR2RNaXpqN3VLSWpHdXpXVVFMQzZEaWRLdHZ4YUoxczdnRTd0SXhrbktfbHctR0hHaG1fOTZCNFAxWmZuMGRzRHNtYjhHRjJDOGFfcXVlY0JLdlk3QnI4bjNFd3hhVVFPdTVjdjhSZS1rZkdiaG10TlVoeUtjMzFLaEU4RWdaS0NiWEdn?oc=5\" target=\"_blank\" rel=\"nofollow noopener\">Valgsmell for danske sosialdemokrater \u2013 statsministeren tar ansvaret<\/a>&nbsp;&nbsp;VG<\/li>\n<li><a href=\"https:\/\/news.google.com\/rss\/articles\/CBMirwFBVV95cUxOUXR0c09UNGVXbVB4NTdGUDB5S1JaOExreUFBaE14b054b1JfVnNtMmtJaEJ6cEtPU3dnWVRaTjFtVG8xOHlfOFVySnMyUEJHQ1liQ3ZreHJwWnFDaGVWSm5TU2hBeVVlRDlGc21yR3dmNzU5RWpBUTV6R3h2SVE3ZWZleGx3MS1LOWJYWDdYaHNpaGtWbGplM0J5VmJmejFRX3RqWW9MckU3Q2h0TEVF?oc=5\" target=\"_blank\" rel=\"nofollow noopener\">Norske politikarar lagar videoar om det danske valet: \u2013 Sv\u00e6rt usedvanleg<\/a>&nbsp;&nbsp;NRK<\/li>\n<\/ol>\n","protected":false},"excerpt":{"rendered":"Hardkj\u00f8r mot sjefen&nbsp;&nbsp;Dagbladet Mette Frederiksen har ingen planer om \u00e5 g\u00e5 av p\u00e5 tross av valgnederlag&nbsp;&nbsp;lister24.no Frederiksens fabrikk&hellip;\n","protected":false},"author":2,"featured_media":91040,"comment_status":"","ping_status":"","sticky":false,"template":"","format":"standard","meta":{"footnotes":""},"categories":[12],"tags":[20,21,1524,24,25,15,2967,22,23,4129,156,2030,13,30,28,29,14,16,26,27,42,43,44,45],"class_list":{"0":"post-94251","1":"post","2":"type-post","3":"status-publish","4":"format-standard","5":"has-post-thumbnail","7":"category-verden","8":"tag-breaking-news","9":"tag-breakingnews","10":"tag-danmark","11":"tag-featured-news","12":"tag-featurednews","13":"tag-headlines","14":"tag-kobenhavn","15":"tag-latest-news","16":"tag-latestnews","17":"tag-leder1","18":"tag-meninger","19":"tag-mette-frederiksen","20":"tag-news","21":"tag-no","22":"tag-norge","23":"tag-norway","24":"tag-nyheter","25":"tag-overskrifter","26":"tag-top-stories","27":"tag-topstories","28":"tag-verden","29":"tag-world","30":"tag-world-news","31":"tag-worldnews"},"share_on_mastodon":{"url":"https:\/\/pubeurope.com\/@no\/115596778784031175","error":""},"_links":{"self":[{"href":"https:\/\/www.europesays.com\/no\/wp-json\/wp\/v2\/posts\/94251","targetHints":{"allow":["GET"]}}],"collection":[{"href":"https:\/\/www.europesays.com\/no\/wp-json\/wp\/v2\/posts"}],"about":[{"href":"https:\/\/www.europesays.com\/no\/wp-json\/wp\/v2\/types\/post"}],"author":[{"embeddable":true,"href":"https:\/\/www.europesays.com\/no\/wp-json\/wp\/v2\/users\/2"}],"replies":[{"embeddable":true,"href":"https:\/\/www.europesays.com\/no\/wp-json\/wp\/v2\/comments?post=94251"}],"version-history":[{"count":0,"href":"https:\/\/www.europesays.com\/no\/wp-json\/wp\/v2\/posts\/94251\/revisions"}],"wp:featuredmedia":[{"embeddable":true,"href":"https:\/\/www.europesays.com\/no\/wp-json\/wp\/v2\/media\/91040"}],"wp:attachment":[{"href":"https:\/\/www.europesays.com\/no\/wp-json\/wp\/v2\/media?parent=94251"}],"wp:term":[{"taxonomy":"category","embeddable":true,"href":"https:\/\/www.europesays.com\/no\/wp-json\/wp\/v2\/categories?post=94251"},{"taxonomy":"post_tag","embeddable":true,"href":"https:\/\/www.europesays.com\/no\/wp-json\/wp\/v2\/tags?post=94251"}],"curies":[{"name":"wp","href":"https:\/\/api.w.org\/{rel}","templated":true}]}}