{"id":94260,"date":"2025-11-23T04:16:09","date_gmt":"2025-11-23T04:16:09","guid":{"rendered":"https:\/\/www.europesays.com\/no\/94260\/"},"modified":"2025-11-23T04:16:09","modified_gmt":"2025-11-23T04:16:09","slug":"venezuela-usa-reuters-kilder-sier-usa-vurderer-ny-fase-mot-venezuela","status":"publish","type":"post","link":"https:\/\/www.europesays.com\/no\/94260\/","title":{"rendered":"Venezuela, USA | Reuters: Kilder sier USA vurderer \u00abny fase\u00bb mot Venezuela"},"content":{"rendered":"\n<p>De fire kildene uttaler seg anonymt til Reuters, og nyhetsbyr\u00e5et har ikke kunnet fastsl\u00e5 tidspunktet eller omfanget for de nye handlingene \u2013 og heller ikke om USAs president Donald Trump har tatt en endelig beslutning om \u00e5 foreta dem.<\/p>\n<p>Meldinger om forest\u00e5ende handlinger og aksjoner har spredt seg de siste ukene da USAs milit\u00e6re har utplassert styrker i Karibia. Forholdet mellom de to landene har blitt mye d\u00e5rligere den siste tiden. <\/p>\n<p>To av tjenestepersonene sier at hemmelige handlinger trolig vil v\u00e6re f\u00f8rste del av den nye fasen rettet mot Venezuelas president Nicol\u00e1s Maduro. <\/p>\n<p>USAs forsvarsdepartement har henvist sp\u00f8rsm\u00e5l til Det hvite hus, som ikke har svart Reuters p\u00e5 foresp\u00f8rselen om kommentar. USAs utenlandsetteretningsbyr\u00e5 CIA har ikke villet kommentere. <\/p>\n<p>To av kildene sier til Reuters at alternativene som blir vurdert inkluderer \u00e5 fors\u00f8ke \u00e5 styrte Maduro.<\/p>\n<p>Stanser flyvninger<\/p>\n<p>Flere flyselskap har ogs\u00e5 stanset sine flyvninger til og fra Venezuela l\u00f8rdag. Det skjer etter det amerikanske luftfartstilsynet (FAA) advarte om \u00f8kt milit\u00e6r aktivitet fordi USA bygger opp sin milit\u00e6re styrke i Karibia, melder nyhetsbyr\u00e5et AFP, if\u00f8lge NRK. <\/p>\n<p>(\u00a9NTB)<\/p>\n","protected":false},"excerpt":{"rendered":"De fire kildene uttaler seg anonymt til Reuters, og nyhetsbyr\u00e5et har ikke kunnet fastsl\u00e5 tidspunktet eller omfanget for&hellip;\n","protected":false},"author":2,"featured_media":94261,"comment_status":"","ping_status":"","sticky":false,"template":"","format":"standard","meta":{"footnotes":""},"categories":[12],"tags":[20,21,24,25,15,22,23,13,30,28,29,14,16,26,27,42,43,44,45],"class_list":{"0":"post-94260","1":"post","2":"type-post","3":"status-publish","4":"format-standard","5":"has-post-thumbnail","7":"category-verden","8":"tag-breaking-news","9":"tag-breakingnews","10":"tag-featured-news","11":"tag-featurednews","12":"tag-headlines","13":"tag-latest-news","14":"tag-latestnews","15":"tag-news","16":"tag-no","17":"tag-norge","18":"tag-norway","19":"tag-nyheter","20":"tag-overskrifter","21":"tag-top-stories","22":"tag-topstories","23":"tag-verden","24":"tag-world","25":"tag-world-news","26":"tag-worldnews"},"share_on_mastodon":{"url":"https:\/\/pubeurope.com\/@no\/115597081523366151","error":""},"_links":{"self":[{"href":"https:\/\/www.europesays.com\/no\/wp-json\/wp\/v2\/posts\/94260","targetHints":{"allow":["GET"]}}],"collection":[{"href":"https:\/\/www.europesays.com\/no\/wp-json\/wp\/v2\/posts"}],"about":[{"href":"https:\/\/www.europesays.com\/no\/wp-json\/wp\/v2\/types\/post"}],"author":[{"embeddable":true,"href":"https:\/\/www.europesays.com\/no\/wp-json\/wp\/v2\/users\/2"}],"replies":[{"embeddable":true,"href":"https:\/\/www.europesays.com\/no\/wp-json\/wp\/v2\/comments?post=94260"}],"version-history":[{"count":0,"href":"https:\/\/www.europesays.com\/no\/wp-json\/wp\/v2\/posts\/94260\/revisions"}],"wp:featuredmedia":[{"embeddable":true,"href":"https:\/\/www.europesays.com\/no\/wp-json\/wp\/v2\/media\/94261"}],"wp:attachment":[{"href":"https:\/\/www.europesays.com\/no\/wp-json\/wp\/v2\/media?parent=94260"}],"wp:term":[{"taxonomy":"category","embeddable":true,"href":"https:\/\/www.europesays.com\/no\/wp-json\/wp\/v2\/categories?post=94260"},{"taxonomy":"post_tag","embeddable":true,"href":"https:\/\/www.europesays.com\/no\/wp-json\/wp\/v2\/tags?post=94260"}],"curies":[{"name":"wp","href":"https:\/\/api.w.org\/{rel}","templated":true}]}}