{"id":94269,"date":"2025-11-23T05:34:07","date_gmt":"2025-11-23T05:34:07","guid":{"rendered":"https:\/\/www.europesays.com\/no\/94269\/"},"modified":"2025-11-23T05:34:07","modified_gmt":"2025-11-23T05:34:07","slug":"drammen-politiaksjon-stor-politiaksjon-i-drammen-mann-pagrepet","status":"publish","type":"post","link":"https:\/\/www.europesays.com\/no\/94269\/","title":{"rendered":"Drammen, Politiaksjon | Stor politiaksjon i Drammen \u2013 mann p\u00e5grepet"},"content":{"rendered":"\n<p>L\u00f8rdag kveld har politiet utf\u00f8rt en aksjon ved en bolig i Drammen, if\u00f8lge <a rel=\"noopener nofollow\" href=\"https:\/\/www.dt.no\/vapnet-politiaksjon\/s\/5-57-2740415\" target=\"_blank\">Drammens Tidende<\/a>. Bilder avisen har fra stedet, viser tungt bev\u00e6pnet politi.<\/p>\n<p>Overfor avisa \u00f8nsket S\u00f8r\u00f8st politidistrikt ikke \u00e5 si hva \u00e5rsaken til aktiviteten var. Natt til s\u00f8ndag f\u00e5r NTB opplyst at politiet p\u00e5 det n\u00e5v\u00e6rende tidspunkt ikke \u00f8nsker \u00e5 si noe om saken.<\/p>\n<p>Drammens Tidende meldte ved 22-tiden at et politihelikopter hadde v\u00e6rt i luften over omr\u00e5det ved Tangen i n\u00e6rmere to timer.<\/p>\n<p>Etter hva <a rel=\"noopener nofollow\" href=\"https:\/\/www.drm24.no\/krim\/mann-pagrepet-av-spesialstyrker\/344289\" target=\"_blank\">DRM24<\/a> erfarer, er en mann blitt p\u00e5grepet i det som beskrives som en n\u00f8ye planlagt politiaksjon med spanere, politihelikopter og politiets innsatsstyrke med pansrede kj\u00f8ret\u00f8y.<\/p>\n<p>Avisa skriver at aksjonen skal ha g\u00e5tt stille og rolig for seg uten noen videre dramatikk. Den p\u00e5grepne skal v\u00e6re brakt til arresten.<\/p>\n","protected":false},"excerpt":{"rendered":"L\u00f8rdag kveld har politiet utf\u00f8rt en aksjon ved en bolig i Drammen, if\u00f8lge Drammens Tidende. Bilder avisen har&hellip;\n","protected":false},"author":2,"featured_media":94270,"comment_status":"","ping_status":"","sticky":false,"template":"","format":"standard","meta":{"footnotes":""},"categories":[10],"tags":[20,21,24,25,15,22,23,13,30,28,29,14,16,26,27],"class_list":{"0":"post-94269","1":"post","2":"type-post","3":"status-publish","4":"format-standard","5":"has-post-thumbnail","7":"category-norge","8":"tag-breaking-news","9":"tag-breakingnews","10":"tag-featured-news","11":"tag-featurednews","12":"tag-headlines","13":"tag-latest-news","14":"tag-latestnews","15":"tag-news","16":"tag-no","17":"tag-norge","18":"tag-norway","19":"tag-nyheter","20":"tag-overskrifter","21":"tag-top-stories","22":"tag-topstories"},"share_on_mastodon":{"url":"https:\/\/pubeurope.com\/@no\/115597388265299238","error":""},"_links":{"self":[{"href":"https:\/\/www.europesays.com\/no\/wp-json\/wp\/v2\/posts\/94269","targetHints":{"allow":["GET"]}}],"collection":[{"href":"https:\/\/www.europesays.com\/no\/wp-json\/wp\/v2\/posts"}],"about":[{"href":"https:\/\/www.europesays.com\/no\/wp-json\/wp\/v2\/types\/post"}],"author":[{"embeddable":true,"href":"https:\/\/www.europesays.com\/no\/wp-json\/wp\/v2\/users\/2"}],"replies":[{"embeddable":true,"href":"https:\/\/www.europesays.com\/no\/wp-json\/wp\/v2\/comments?post=94269"}],"version-history":[{"count":0,"href":"https:\/\/www.europesays.com\/no\/wp-json\/wp\/v2\/posts\/94269\/revisions"}],"wp:featuredmedia":[{"embeddable":true,"href":"https:\/\/www.europesays.com\/no\/wp-json\/wp\/v2\/media\/94270"}],"wp:attachment":[{"href":"https:\/\/www.europesays.com\/no\/wp-json\/wp\/v2\/media?parent=94269"}],"wp:term":[{"taxonomy":"category","embeddable":true,"href":"https:\/\/www.europesays.com\/no\/wp-json\/wp\/v2\/categories?post=94269"},{"taxonomy":"post_tag","embeddable":true,"href":"https:\/\/www.europesays.com\/no\/wp-json\/wp\/v2\/tags?post=94269"}],"curies":[{"name":"wp","href":"https:\/\/api.w.org\/{rel}","templated":true}]}}