{"id":94278,"date":"2025-11-23T06:10:11","date_gmt":"2025-11-23T06:10:11","guid":{"rendered":"https:\/\/www.europesays.com\/no\/94278\/"},"modified":"2025-11-23T06:10:11","modified_gmt":"2025-11-23T06:10:11","slug":"til-tromso-il-knallhard-jobbing-i-kulissene-vi-er-ikke-helt-enig-men-det-er-positivt-nordlys","status":"publish","type":"post","link":"https:\/\/www.europesays.com\/no\/94278\/","title":{"rendered":"TIL, Troms\u00f8 il | Knallhard jobbing i kulissene: \u2013 Vi er ikke helt enig, men det er positivt &#8211; Nordlys"},"content":{"rendered":"<ol>\n<li><a href=\"https:\/\/news.google.com\/rss\/articles\/CBMirAFBVV95cUxPT0RXVzEtajlDNTJORGRORk9mSVBJRXJ6WHJzdmFpamJibTRFSk9LZXZKczRUYm1IMTJBeUM0cElBbDMzZGs3XzZ5RzQ5LWhQRUZvMGZsUk9BRDI2blBrVkw0SXNjX2RIR2lQTFM2bVZFUmRMNE55dmlXU2Myb1lILUFFRGVaOWdBdkhwSS1ndklBRGtST3VfSmxNR0w0bkFfUUR2eEs2NXYzNFMw?oc=5\" target=\"_blank\" rel=\"nofollow noopener\">TIL, Troms\u00f8 il | Knallhard jobbing i kulissene: \u2013 Vi er ikke helt enig, men det er positivt<\/a>&nbsp;&nbsp;Nordlys<\/li>\n<li><a href=\"https:\/\/news.google.com\/rss\/articles\/CBMiowFBVV95cUxPM2tEQnlOc2h6VzlDNklKdWR6OW0ydzIycDBIRkh6YTJoOEkxQ2I0Qkdrck15bnQ0bUdqTjdZT05UcVRfNUkybWtsRnBnMDZMbEE2RW1hWWZoakdNS1RGbmN0WVo2QkZRaHFYRnA4TXVrRjJhVWhaTnFGN0hwZTNBY0F0ZHI2dXRxSVRnckJOUkpYT3JrbnFWaWc3dHhSNWVQSDVz?oc=5\" target=\"_blank\" rel=\"nofollow noopener\">Troms\u00f8 holder liv i bronsedr\u00f8mmen \u2013 klatret forbi Brann p\u00e5 tabellen<\/a>&nbsp;&nbsp;VG<\/li>\n<li><a href=\"https:\/\/news.google.com\/rss\/articles\/CBMiY0FVX3lxTE9VMU1NNnN3Z2k2dXcwM1NwZTNxX2I3MmYyUzRfNTBsejdqbWdBWGdnODVCTzA5Ni1ZRG8yTVB3WmVpUHVOYWYyLTRmMHhSejFhSkFvM21BYlNteHBRV0ZicEpNcw?oc=5\" target=\"_blank\" rel=\"nofollow noopener\">\u2013 Som om de ikke vil<\/a>&nbsp;&nbsp;TV2.no<\/li>\n<li><a href=\"https:\/\/news.google.com\/rss\/articles\/CBMipAFBVV95cUxPX1lLMjU1M1Nvdjc1QkR2NHVtbXlyY2NDdlJfWlVlU25icDRwZ1M2LVdwb3pCQW5vSkVpcUVTOWdiSTREYzZIRXA2ZVZlMm9VY09UMWN2TnlUcHVNMzhRLUYwd3NUS3NiSzRnRF9obXRZMV9CaElUZTFzUmNzOGlCZFlhMGFMNHdoNmQzY1Jfd3lTdDlpcWxLeEhBV25CNTl2ZUJRQg?oc=5\" target=\"_blank\" rel=\"nofollow noopener\">(+) \u2013 TIL er i ferd med \u00e5 bli sesongens store overraskelse!<\/a>&nbsp;&nbsp;itromso.no<\/li>\n<li><a href=\"https:\/\/news.google.com\/rss\/articles\/CBMijAFBVV95cUxOa0lpazFhRDljSl9YblNyYk1Yc2dWMFRIUkhIazdWZEVFTVM5TFdub21uLUItN3lKc013LXJFRlYwMG5yTEREUlFSNTRHbkZxRDdGNnFpT3NzcTB4WXdTdDR5TGJEdjIwdDkzSEhRM1EyRmdZak91ZkYtbkhxMWxSS0Q0REF6VEFDVkpkUQ?oc=5\" target=\"_blank\" rel=\"nofollow noopener\">RBK-smell uten skudd p\u00e5 m\u00e5l: &#8211; T\u00f8ft for spillerne<\/a>&nbsp;&nbsp;adressa.no<\/li>\n<\/ol>\n","protected":false},"excerpt":{"rendered":"TIL, Troms\u00f8 il | Knallhard jobbing i kulissene: \u2013 Vi er ikke helt enig, men det er positivt&nbsp;&nbsp;Nordlys&hellip;\n","protected":false},"author":2,"featured_media":94279,"comment_status":"","ping_status":"","sticky":false,"template":"","format":"standard","meta":{"footnotes":""},"categories":[5],"tags":[20,21,24,25,15,19,22,23,17,18,13,30,28,29,14,16,26,27],"class_list":{"0":"post-94278","1":"post","2":"type-post","3":"status-publish","4":"format-standard","5":"has-post-thumbnail","7":"category-overskrifter","8":"tag-breaking-news","9":"tag-breakingnews","10":"tag-featured-news","11":"tag-featurednews","12":"tag-headlines","13":"tag-hovedoppslag","14":"tag-latest-news","15":"tag-latestnews","16":"tag-main-news","17":"tag-mainnews","18":"tag-news","19":"tag-no","20":"tag-norge","21":"tag-norway","22":"tag-nyheter","23":"tag-overskrifter","24":"tag-top-stories","25":"tag-topstories"},"share_on_mastodon":{"url":"https:\/\/pubeurope.com\/@no\/115597529819833200","error":""},"_links":{"self":[{"href":"https:\/\/www.europesays.com\/no\/wp-json\/wp\/v2\/posts\/94278","targetHints":{"allow":["GET"]}}],"collection":[{"href":"https:\/\/www.europesays.com\/no\/wp-json\/wp\/v2\/posts"}],"about":[{"href":"https:\/\/www.europesays.com\/no\/wp-json\/wp\/v2\/types\/post"}],"author":[{"embeddable":true,"href":"https:\/\/www.europesays.com\/no\/wp-json\/wp\/v2\/users\/2"}],"replies":[{"embeddable":true,"href":"https:\/\/www.europesays.com\/no\/wp-json\/wp\/v2\/comments?post=94278"}],"version-history":[{"count":0,"href":"https:\/\/www.europesays.com\/no\/wp-json\/wp\/v2\/posts\/94278\/revisions"}],"wp:featuredmedia":[{"embeddable":true,"href":"https:\/\/www.europesays.com\/no\/wp-json\/wp\/v2\/media\/94279"}],"wp:attachment":[{"href":"https:\/\/www.europesays.com\/no\/wp-json\/wp\/v2\/media?parent=94278"}],"wp:term":[{"taxonomy":"category","embeddable":true,"href":"https:\/\/www.europesays.com\/no\/wp-json\/wp\/v2\/categories?post=94278"},{"taxonomy":"post_tag","embeddable":true,"href":"https:\/\/www.europesays.com\/no\/wp-json\/wp\/v2\/tags?post=94278"}],"curies":[{"name":"wp","href":"https:\/\/api.w.org\/{rel}","templated":true}]}}