{"id":94291,"date":"2025-11-23T07:13:11","date_gmt":"2025-11-23T07:13:11","guid":{"rendered":"https:\/\/www.europesays.com\/no\/94291\/"},"modified":"2025-11-23T07:13:11","modified_gmt":"2025-11-23T07:13:11","slug":"putin-usa-senatorer-hevder-fredsplan-er-onskeliste-fra-putin-avvises-av-rubio","status":"publish","type":"post","link":"https:\/\/www.europesays.com\/no\/94291\/","title":{"rendered":"Putin, USA | Senatorer hevder fredsplan er \u00ab\u00f8nskeliste\u00bb fra Putin \u2013 avvises av Rubio"},"content":{"rendered":"\n<p>Utenriksministeren har if\u00f8lge senatorene fortalt dem at planen som president Donald Trump presser p\u00e5 for \u00e5 f\u00e5 myndighetene i Kyiv til \u00e5 akseptere, heller er en \u00ab\u00f8nskeliste\u00bb fra russerne.<\/p>\n<p>Den demokratiske senatoren Jeanne Shaheen forteller if\u00f8lge nyhetsbyr\u00e5et AP at Rubio tok kontakt med henne, samt den republikanske senatoren Mike Rounds og den uavhengige Angus King. De tre talte p\u00e5 en internasjonal sikkerhetskongress i Canada l\u00f8rdag.<\/p>\n<p>\u2013 Dette er et russisk forslag. Det er s\u00e5 mye i den planen som er fullstendig uakseptabelt, sier Shaheen. <\/p>\n<p>\u2013 Ikke v\u00e5r fredsplan<\/p>\n<p>Senator Mike Rounds omtaler den som \u00abikke v\u00e5r fredsplan\u00bb.<\/p>\n<p>\u2013 Denne administrasjonen var ikke ansvarlig for denne i sin n\u00e5v\u00e6rende form. De \u00f8nsker \u00e5 bruke den som et utgangspunkt, sier han.<\/p>\n<p>Angus King, som er medlem av Senatets utenrikskomit\u00e9, g\u00e5r s\u00e5 langt som \u00e5 sammenligne forslaget med den britiske statsministeren Neville Chamberlains M\u00fcnchen-avtale med Adolf Hitler i 1938. <\/p>\n<p>\u2013 Den bel\u00f8nner aggresjon. Dette er enkelt og greit. Det finnes ingen etisk, juridisk, moralsk eller politisk begrunnelse for at Russland skal kreve \u00d8st-Ukraina, sa King under en paneldebatt p\u00e5 Halifax International Security Forum.<\/p>\n<p>Rubio: Innspill fra begge sider<\/p>\n<p>Utenriksminister Rubio er p\u00e5 vei til Gen\u00e8ve for samtaler om fredsplanen, if\u00f8lge en tjenesteperson i utenriksdepartementet.<\/p>\n<p>Rubio sier i en uttalelse at fredsplanen er basert p\u00e5 innspill fra russisk side, men ogs\u00e5 basert p\u00e5 tidligere og ferske innspill fra Ukraina.<\/p>\n<p> Tommy Pigott, talsperson for det amerikanske utenriksdepartementet, slo tidligere kraftig tilbake mot p\u00e5standene i en melding p\u00e5 <a href=\"https:\/\/x.com\/StateDeputySpox\/status\/1992400253547651236\" rel=\"nofollow\">X<\/a>.<\/p>\n<p>\u2013 Dette er \u00e5penbart usant. Som utenriksminister Rubio og hele administrasjonen konsekvent har fastholdt, ble denne planen utarbeidet av USA, med innspill fra b\u00e5de russerne og ukrainerne, skriver talspersonen.<\/p>\n<p>Fredsplanen til Trump inneb\u00e6rer blant annet at Ukraina m\u00e5 avst\u00e5 rundt 20 prosent av sitt territorium til Russland, grunnlovsfeste at de aldri skal s\u00f8ke Nato-medlemskap og redusere sine v\u00e6pnede styrker til 600.000 soldater.<\/p>\n<p>St\u00f8re: Trenger mer arbeid<\/p>\n<p>28-punktsplanen for fred i Ukraina trenger mer arbeid, sa ledere fra flere europeiske land, samt Canada og Japan i en felles uttalelse l\u00f8rdag.<\/p>\n<p>Lederne, som har diskutert president Donald Trumps utkast til fredsplan p\u00e5 sidelinjen til G20-toppm\u00f8tet i S\u00f8r-Afrika, er s\u00e6rlig bekymret for foresl\u00e5tte begrensninger p\u00e5 Ukrainas v\u00e6pnede styrker.<\/p>\n<p>\u2013 I m\u00f8tet anerkjente lederne den amerikanske innsatsen for \u00e5 skape fred i Ukraina. Forslaget inneholder elementer som vil v\u00e6re viktige for en fremtidig fredsl\u00f8sning, men den trenger mer arbeid for at den skal kunne lede til en varig og rettferdig fred, sa statsminister Jonas Gahr St\u00f8re (Ap) i en uttalelse til NTB.<\/p>\n<p>(\u00a9NTB)<\/p>\n","protected":false},"excerpt":{"rendered":"Utenriksministeren har if\u00f8lge senatorene fortalt dem at planen som president Donald Trump presser p\u00e5 for \u00e5 f\u00e5 myndighetene&hellip;\n","protected":false},"author":2,"featured_media":94292,"comment_status":"","ping_status":"","sticky":false,"template":"","format":"standard","meta":{"footnotes":""},"categories":[5],"tags":[20,21,24,25,15,19,22,23,17,18,13,30,28,29,14,16,26,27],"class_list":{"0":"post-94291","1":"post","2":"type-post","3":"status-publish","4":"format-standard","5":"has-post-thumbnail","7":"category-overskrifter","8":"tag-breaking-news","9":"tag-breakingnews","10":"tag-featured-news","11":"tag-featurednews","12":"tag-headlines","13":"tag-hovedoppslag","14":"tag-latest-news","15":"tag-latestnews","16":"tag-main-news","17":"tag-mainnews","18":"tag-news","19":"tag-no","20":"tag-norge","21":"tag-norway","22":"tag-nyheter","23":"tag-overskrifter","24":"tag-top-stories","25":"tag-topstories"},"share_on_mastodon":{"url":"https:\/\/pubeurope.com\/@no\/115597777469859478","error":""},"_links":{"self":[{"href":"https:\/\/www.europesays.com\/no\/wp-json\/wp\/v2\/posts\/94291","targetHints":{"allow":["GET"]}}],"collection":[{"href":"https:\/\/www.europesays.com\/no\/wp-json\/wp\/v2\/posts"}],"about":[{"href":"https:\/\/www.europesays.com\/no\/wp-json\/wp\/v2\/types\/post"}],"author":[{"embeddable":true,"href":"https:\/\/www.europesays.com\/no\/wp-json\/wp\/v2\/users\/2"}],"replies":[{"embeddable":true,"href":"https:\/\/www.europesays.com\/no\/wp-json\/wp\/v2\/comments?post=94291"}],"version-history":[{"count":0,"href":"https:\/\/www.europesays.com\/no\/wp-json\/wp\/v2\/posts\/94291\/revisions"}],"wp:featuredmedia":[{"embeddable":true,"href":"https:\/\/www.europesays.com\/no\/wp-json\/wp\/v2\/media\/94292"}],"wp:attachment":[{"href":"https:\/\/www.europesays.com\/no\/wp-json\/wp\/v2\/media?parent=94291"}],"wp:term":[{"taxonomy":"category","embeddable":true,"href":"https:\/\/www.europesays.com\/no\/wp-json\/wp\/v2\/categories?post=94291"},{"taxonomy":"post_tag","embeddable":true,"href":"https:\/\/www.europesays.com\/no\/wp-json\/wp\/v2\/tags?post=94291"}],"curies":[{"name":"wp","href":"https:\/\/api.w.org\/{rel}","templated":true}]}}