{"id":94295,"date":"2025-11-23T07:18:12","date_gmt":"2025-11-23T07:18:12","guid":{"rendered":"https:\/\/www.europesays.com\/no\/94295\/"},"modified":"2025-11-23T07:18:12","modified_gmt":"2025-11-23T07:18:12","slug":"per-sandberg-kjaereste-per-sandberg-65-tar-med-kjaeresten-lucky-39-til-norge-ma-legge-fram-bevis","status":"publish","type":"post","link":"https:\/\/www.europesays.com\/no\/94295\/","title":{"rendered":"Per Sandberg, Kj\u00e6reste | Per Sandberg (65) tar med kj\u00e6resten Lucky (39) til Norge: \u2013 M\u00e5 legge fram bevis"},"content":{"rendered":"\n<p><a rel=\"Follow nofollow noopener\" href=\"https:\/\/www.nettavisen.no\/kjendis\/tidligere-frp-topp-per-sandberg-65-raser-mot-nrk-de-lyver\/s\/5-95-2642417\" target=\"_blank\">Per Sandberg (65)<\/a> er p\u00e5 lynvisitt i Norge. Den tidligere fiskeriministeren i Erna Solbergs regjering kommer rett fra innspilling av \u00ab16 ukers helvete\u00bb p\u00e5 Kypros, f\u00f8r han snart skal hjem igjen til sitt nye hjemland Vietnam.<\/p>\n<p>65-\u00e5ringen ble m\u00f8tt med en norsk vinter som st\u00e5r i grell kontrast til klimaet i \u00f8st.<\/p>\n<p>\u2013 For f\u00f8rste gang p\u00e5 mange \u00e5r kjente jeg et snev av forkj\u00f8lelse da jeg kom hit n\u00e5. Jeg har jo blitt akklimatisert. Men n\u00e5 har det jo ikke v\u00e6rt all verdens godv\u00e6r i Asia, heller, sier Per Sandberg til Nettavisen.<\/p>\n<p>    Vil du se neste video?<\/p>\n<p>    <a href=\"https:\/\/www.nettavisen.no\/sport\/her-bryter-kronprins-haakon-inn-nar-prins-sverre-magnus-svarer-pa-italia-sporsmal-fra-norsk-presse\/v\/5-95-2731534\" class=\"recommend-poster\" data-adp-clicklabel=\"video-recommend\" data-adp-clickvalue=\"poster\" rel=\"nofollow noopener\" target=\"_blank\"><br \/>\n      <img decoding=\"async\" width=\"200\" height=\"200\" loading=\"lazy\" src=\"https:\/\/www.europesays.com\/no\/wp-content\/uploads\/2025\/11\/Kronprins+Haakon+til+cue.jpg\" alt=\"\" class=\"brick-c-cFOWSL\" style=\"--brick-image-ratio: 200 \/ 200;\"\/><\/p>\n<p>Her bryter kronprinsen inn0:38<\/p>\n<p>    <\/a><\/p>\n<p>\u2013 M\u00f8kk lei<\/p>\n<p>Vietnam har blitt <a href=\"https:\/\/www.nettavisen.no\/kjendis\/tidligere-frp-politiker-per-sandberg-trues-av-tyfon-i-vietnam-en-enorm-tragedie\/s\/5-95-2647387\" rel=\"Follow nofollow noopener\" target=\"_blank\">herjet med av sterke naturkrefter denne h\u00f8sten<\/a>. Tyfoner, tsunamier og jordskjelv er s\u00e5 \u00e5 si hverdagskost for vietnameserne, men ikke for en erketr\u00f8nder fra Norge.<\/p>\n<p>\u2013 Jeg blir ikke redd, men man f\u00e5r mer og mer respekt for det. Det har v\u00e6rt 13 tyfoner i Vietnam i \u00e5r. Heldigvis er beredskapen god, s\u00e5 jeg f\u00e5r varsler p\u00e5 mobilen hele tiden. Min by Da Nang har v\u00e6rt sk\u00e5net enn s\u00e5 lenge.<\/p>\n<p>Da det sto p\u00e5 som verst i hovedstaden Hanoi i oktober, kom det bilder av folk som rodde rundt i gatene i sofa.<\/p>\n<p>   <img decoding=\"async\" width=\"7008\" height=\"4672\" fetchpriority=\"low\"  loading=\"lazy\"  src=\"https:\/\/www.europesays.com\/no\/wp-content\/uploads\/2025\/11\/Per_Sandberg_-_191125_--07.jpg\" alt=\"Tidl. Frp-topp, n\u00e5 TV-profil og forretningsmann, Per Sandberg, gjestet Nettavisen for div. intervjuer onsdag 19. november.\" class=\"brick-c-cFOWSL\" style=\"--brick-image-ratio: 7008 \/ 4672;\"\/><\/p>\n<p>      INTERVJU: Nettavisen m\u00f8tte Per Sandberg p\u00e5 lynvisitt til Norge.<br \/>\n      Foto: Martin Habbestad (Nettavisen)\n    <\/p>\n<p>\u2013 Folket der er jo vant til det. De har et veldig avslappet forhold til uv\u00e6r. Men det er naturlig n\u00e5r man opplever tyfoner, tsunamier og jordskjelv hele tiden, mener Sandberg, og fortsetter:<\/p>\n<p>\u2013 Bilen til dama er tatt av flom tre ganger, og huset hennes fire ganger bare i \u00e5r. Hun er m\u00f8kk lei av skader p\u00e5 bil og hus, men har fortsatt stor respekt for det.<\/p>\n<p><b>Les ogs\u00e5: <a rel=\"Follow nofollow noopener\" href=\"https:\/\/www.nettavisen.no\/kjendis\/viggo-venn-avslorer-rikke-er-den-eneste-kvinnen-i-livet-mitt\/s\/5-95-2736112\" target=\"_blank\">\u2013 Rikke er den eneste kvinnen i livet mitt<\/a><\/b><\/p>\n<p>Snur om ekteskap: \u2013 Trenger ikke gifte meg<\/p>\n<p>\u00abDama\u00bb heter Lucky og er 39 \u00e5r gammel. Da Sandberg <a href=\"https:\/\/www.nettavisen.no\/kjendis\/tidligere-frp-topp-per-sandberg-65-bekrefter-ny-kjareste-fra-vietnam-vet-aldri\/s\/5-95-2564935\" rel=\"Follow nofollow noopener\" target=\"_blank\">bekreftet det nye forholdet til Nettavisen i sommer<\/a>, utelukket han ikke et ekteskap p\u00e5 sikt, fordi det ville gj\u00f8re det enklere med oppholdstillatelse i Vietnam.<\/p>\n<p>Men det har han g\u00e5tt tilbake p\u00e5.<\/p>\n<p>\u2013 N\u00e5 er det s\u00e5nn at jeg har f\u00e5tt alt som skal til av oppholdstillatelse og forretningsvisum. S\u00e5 n\u00e5 har jeg ingen problemstillinger knyttet til det. N\u00e5 reiser jeg fritt i hele Asia, s\u00e5 jeg trenger ikke \u00e5 gifte meg, sier Sandberg til Nettavisen.<\/p>\n<p>   <img decoding=\"async\" width=\"1153\" height=\"1104\" fetchpriority=\"low\"  loading=\"lazy\"  src=\"https:\/\/www.europesays.com\/no\/wp-content\/uploads\/2025\/11\/bd50dbb3-ce29-4a6a-a340-d5c8e318cf33+%281%29.jpg\" alt=\"\" class=\"brick-c-cFOWSL\" style=\"--brick-image-ratio: 1153 \/ 1104;\"\/><\/p>\n<p>      TIL NORGE: Neste \u00e5r skal Per Sandberg vise kj\u00e6resten Lucky hjemlandet sitt.<br \/>\n      Foto: Privat\n    <\/p>\n<p>Lucky har aldri v\u00e6rt i Norge, men neste \u00e5r er planen at hun skal f\u00e5 oppleve kj\u00e6restens hjemland.<\/p>\n<p>\u2013 Men Norge har s\u00e5 streng innvandringspolitikk, vet du! skratter Sandberg.<\/p>\n<p>Og forklarer:<\/p>\n<p>\u2013 Det er en prosess \u00e5 f\u00e5 visum, men det er vi i gang med. Du m\u00e5 legge fram en rekke bevis for at det ikke er proforma. S\u00e5 det er masse dokumenter. Men det g\u00e5r i orden.<\/p>\n<p>I Norge skal de leie bobil og kj\u00f8re langs hele kysten.<\/p>\n<p>   <img decoding=\"async\" width=\"7008\" height=\"4672\" fetchpriority=\"low\"  loading=\"lazy\"  src=\"https:\/\/www.europesays.com\/no\/wp-content\/uploads\/2025\/11\/Per_Sandberg_-_191125_--05.jpg\" alt=\"Tidl. Frp-topp, n\u00e5 TV-profil og forretningsmann, Per Sandberg, gjestet Nettavisen for div. intervjuer onsdag 19. november.\" class=\"brick-c-cFOWSL\" style=\"--brick-image-ratio: 7008 \/ 4672;\"\/><\/p>\n<p>      TRIVES: Per Sandberg liker seg i Asia og ser ingen grunn til \u00e5 flytte hjem igjen.<br \/>\n      Foto: Martin Habbestad (Nettavisen)\n    <\/p>\n<p>\u2013 Da skal hun f\u00e5 se Norge. Det blir et lengre opphold i Norge, i hvert fall p\u00e5 halvannen m\u00e5ned.<\/p>\n<p>Forholdet mellom de to g\u00e5r helt str\u00e5lende, bedyrer Sandberg.<\/p>\n<p>\u2013 Vi har forpliktelser overfor hverandre og vi trives. Jeg har bes\u00f8kt familien hennes, som er flott. S\u00e5 vi har det trivelig.<\/p>\n<p>\u2013 Det g\u00e5r p\u00e5 skinner?<\/p>\n<p>\u2013 Nja. Jeg er ikke s\u00e5 glad i skinner, jeg da, ler Sandberg.<\/p>\n<p>    Vil du se neste video?<\/p>\n<p>    <a href=\"https:\/\/www.nettavisen.no\/sport\/her-bryter-kronprins-haakon-inn-nar-prins-sverre-magnus-svarer-pa-italia-sporsmal-fra-norsk-presse\/v\/5-95-2731534\" class=\"recommend-poster\" data-adp-clicklabel=\"video-recommend\" data-adp-clickvalue=\"poster\" rel=\"nofollow noopener\" target=\"_blank\"><br \/>\n      <img decoding=\"async\" width=\"200\" height=\"200\" loading=\"lazy\" src=\"https:\/\/www.europesays.com\/no\/wp-content\/uploads\/2025\/11\/Kronprins+Haakon+til+cue.jpg\" alt=\"\" class=\"brick-c-cFOWSL\" style=\"--brick-image-ratio: 200 \/ 200;\"\/><\/p>\n<p>Her bryter kronprinsen inn0:38<\/p>\n<p>    <\/a><\/p>\n<p>\u2013 Alle er bortskjemte i Norge<\/p>\n<p>Skinner eller ikke: Per Sandberg koser seg gl\u00f8gg i utlendighet og har ingen planer om \u00e5 komme tilbake til Norge p\u00e5 fast basis.<\/p>\n<p>\u2013 Dessuten har jeg laget noen forpliktelser der sammen med dama. Vi jobber sammen innen orientalsk medisin og har planer om \u00e5 \u00e5pne en kjede med helsesentre. Det har blitt litt utsatt p\u00e5 grunn av uv\u00e6ret, s\u00e5 vi har forel\u00f8pig bare \u00e5pnet ett senter.<\/p>\n<p>I sosiale medier kommer det stadig sp\u00f8rsm\u00e5l om hvorfor liberalisten Per Sandberg har flyttet til et kommunistisk land.<\/p>\n<p>   <img decoding=\"async\" width=\"7008\" height=\"4672\" fetchpriority=\"low\"  loading=\"lazy\"  src=\"https:\/\/www.europesays.com\/no\/wp-content\/uploads\/2025\/11\/Per_Sandberg_-_191125_--08.jpg\" alt=\"Tidl. Frp-topp, n\u00e5 TV-profil og forretningsmann, Per Sandberg, gjestet Nettavisen for div. intervjuer onsdag 19. november.\" class=\"brick-c-cFOWSL\" style=\"--brick-image-ratio: 7008 \/ 4672;\"\/><\/p>\n<p>      LIBERALIST: \u2013 Hva er mest kommunistisk av Norge og Vietnam? sp\u00f8r Per Sandberg.<br \/>\n      Foto: Martin Habbestad (Nettavisen)\n    <\/p>\n<p>\u2013 Da lurer jeg p\u00e5 hva som er mest kommunistisk av Vietnam og Norge. Jeg vet det, for jeg har bodd i begge land. I Vietnam er det reinspikka markeds\u00f8konomi, det finnes ikke skatter og avgifter. Styresettet er udemokratisk, ja, men folket bryr seg katta. De smiler, jobber og st\u00e5r p\u00e5. S\u00e5nn blir folket skapt, sier Sandberg, og sammenligner med gamlelandet:<\/p>\n<p>\u2013 I motsetning til Norge, der alle er s\u00e5 bortskjemt som f\u00f8lge av at vi lever etter sosialdemokratenes gamle slagord om at \u00aballe skal med\u00bb. Alle skal f\u00e5, alle skal med, og alt er gratis. Likevel har vi helsek\u00f8 og eldrek\u00f8 og monopol.<\/p>\n<p>I Vietnam f\u00e5r han tregangeren igjen av pensjonen sin.<\/p>\n<p>\u2013 Etter f\u00f8rti-femti \u00e5r bli man rimelig lei av \u00e5 sitte hver dag og se hvilken faktura som skal betales i dag. I dag har jeg ikke en eneste en. Det er herlig.<\/p>\n<p><b>Les ogs\u00e5: <a href=\"https:\/\/www.nettavisen.no\/kjendis\/tidligere-frp-topp-per-sandberg-65-raser-mot-nrk-de-lyver\/s\/5-95-2642417\" rel=\"Follow nofollow noopener\" target=\"_blank\">Per Sandberg raser mot NRK: \u2013 De lyver<\/a><\/b><\/p>\n<p>Tidligere i \u00e5r meldte han permanent utflytting til Thailand, der han har residens.<\/p>\n<p>\u2013 Etter ett \u00e5r g\u00e5r jeg ut av folketrygden.<\/p>\n<p>\u2013 G\u00e5r det den veien?<\/p>\n<p>\u2013 Ja, det gj\u00f8r det. S\u00e5 f\u00e5r vi se hva som skjer, man vet jo aldri. Men jeg tror ikke det g\u00e5r an \u00e5 bli lei av Asia, avslutter Per Sandberg.<\/p>\n","protected":false},"excerpt":{"rendered":"Per Sandberg (65) er p\u00e5 lynvisitt i Norge. Den tidligere fiskeriministeren i Erna Solbergs regjering kommer rett fra&hellip;\n","protected":false},"author":2,"featured_media":94296,"comment_status":"","ping_status":"","sticky":false,"template":"","format":"standard","meta":{"footnotes":""},"categories":[12],"tags":[20,21,24,25,15,22,23,13,30,28,29,14,16,26,27,42,43,44,45],"class_list":{"0":"post-94295","1":"post","2":"type-post","3":"status-publish","4":"format-standard","5":"has-post-thumbnail","7":"category-verden","8":"tag-breaking-news","9":"tag-breakingnews","10":"tag-featured-news","11":"tag-featurednews","12":"tag-headlines","13":"tag-latest-news","14":"tag-latestnews","15":"tag-news","16":"tag-no","17":"tag-norge","18":"tag-norway","19":"tag-nyheter","20":"tag-overskrifter","21":"tag-top-stories","22":"tag-topstories","23":"tag-verden","24":"tag-world","25":"tag-world-news","26":"tag-worldnews"},"share_on_mastodon":{"url":"https:\/\/pubeurope.com\/@no\/115597797666725056","error":""},"_links":{"self":[{"href":"https:\/\/www.europesays.com\/no\/wp-json\/wp\/v2\/posts\/94295","targetHints":{"allow":["GET"]}}],"collection":[{"href":"https:\/\/www.europesays.com\/no\/wp-json\/wp\/v2\/posts"}],"about":[{"href":"https:\/\/www.europesays.com\/no\/wp-json\/wp\/v2\/types\/post"}],"author":[{"embeddable":true,"href":"https:\/\/www.europesays.com\/no\/wp-json\/wp\/v2\/users\/2"}],"replies":[{"embeddable":true,"href":"https:\/\/www.europesays.com\/no\/wp-json\/wp\/v2\/comments?post=94295"}],"version-history":[{"count":0,"href":"https:\/\/www.europesays.com\/no\/wp-json\/wp\/v2\/posts\/94295\/revisions"}],"wp:featuredmedia":[{"embeddable":true,"href":"https:\/\/www.europesays.com\/no\/wp-json\/wp\/v2\/media\/94296"}],"wp:attachment":[{"href":"https:\/\/www.europesays.com\/no\/wp-json\/wp\/v2\/media?parent=94295"}],"wp:term":[{"taxonomy":"category","embeddable":true,"href":"https:\/\/www.europesays.com\/no\/wp-json\/wp\/v2\/categories?post=94295"},{"taxonomy":"post_tag","embeddable":true,"href":"https:\/\/www.europesays.com\/no\/wp-json\/wp\/v2\/tags?post=94295"}],"curies":[{"name":"wp","href":"https:\/\/api.w.org\/{rel}","templated":true}]}}