{"id":94315,"date":"2025-11-23T07:48:13","date_gmt":"2025-11-23T07:48:13","guid":{"rendered":"https:\/\/www.europesays.com\/no\/94315\/"},"modified":"2025-11-23T07:48:13","modified_gmt":"2025-11-23T07:48:13","slug":"derfor-far-saudi-arabia-amerikanske-f-35-fly","status":"publish","type":"post","link":"https:\/\/www.europesays.com\/no\/94315\/","title":{"rendered":"Derfor f\u00e5r Saudi-Arabia amerikanske F-35-fly"},"content":{"rendered":"<p>    Og derfor f\u00e5r Ukraina \u00abbare\u00bb F-16.<\/p>\n<p>\n        Saudi-Arabia har nylig landet en avtale med USA om handel av amerikanske F-35 fly.<br \/>\n        Dirk Waem \/ AFP \/ NTB\n    <\/p>\n<p>Nylig var Saudi-Arabias prins Mohammed bin Salman p\u00e5 bes\u00f8k hos president Donald Trump. Landene ble der enige om <a href=\"https:\/\/www.abcnyheter.no\/nyheter\/trump-utpeker-saudi-arabia-som-viktig-alliert\/1294819\" target=\"_blank\" rel=\"nofollow noopener\">blant annet salg av F-35 fly.<\/a>\u00a0<\/p>\n<p>\u2013 I kveld er det en glede \u00e5 kunngj\u00f8re at vi tar det milit\u00e6re samarbeidet til nye h\u00f8yder ved formelt \u00e5 utpeke Saudi-Arabia som en viktig alliert utenfor Nato, noe som er sv\u00e6rt viktig for dem, sa Trump.<\/p>\n<p>Saudi-Arabia f\u00e5r alts\u00e5 fremtidige leveranser av det avanserte kampflyet F-35. Et fly ogs\u00e5 Norge bruker.<\/p>\n<p>                <img decoding=\"async\" src=\"https:\/\/www.europesays.com\/no\/wp-content\/uploads\/2025\/11\/1298868.webp\" width=\"480\" height=\"303\" title=\"Donald Trump Mohammed bin Salman ser p\u00e5 flyene over Det hvite hus.\" alt=\"\" loading=\"lazy\" style=\"\"\/><\/p>\n<p>\n            Donald Trump Mohammed bin Salman ser p\u00e5 flyene over Det hvite hus.<br \/>\n            Evan Vucci \/ AP \/ NTB\n        <\/p>\n<p>Men et land som er i krig, Ukraina, fikk \u00abbare\u00bb F-16. Det tror F\u00f8rsteamanuensis Lars Peder Haga ved seksjon for luftmakt og milit\u00e6r ledelse ved Luftkrigsskolen det er en grunn til.<\/p>\n<p>\u2013 Ukraina har f\u00e5tt brukte F-16-fly fra nasjoner som er i ferd med \u00e5 skifte dem ut med nettopp F-35. Selv om overf\u00f8ringen av F-16 m\u00e5tte godkjennes av amerikanske myndigheter, som stort sett all slags avhending av amerikansk krigsmateriell, var det en enklere avgj\u00f8relse \u00e5 f\u00e5 gjennom enn en eventuell leveranse av F-35, sier han til ABC Nyheter.<\/p>\n<p>Svenske fly<\/p>\n<p>Skulle Ukraina f\u00e5tt F-35-fly m\u00e5tte de ha f\u00e5tt eller kj\u00f8pt direkte fra USA, forklarer Haga.\u00a0<\/p>\n<p>\u2013 Det ville v\u00e6rt sv\u00e6rt kostbart, og det var nok ikke noen politisk vilje til \u00e5 komme opp med en s\u00e5 fleksibel betalingsl\u00f8sning som Sverige har gitt for Gripen, sier han.<\/p>\n<p>                <img decoding=\"async\" src=\"https:\/\/www.europesays.com\/no\/wp-content\/uploads\/2025\/11\/1298870.webp\" width=\"480\" height=\"274\" title=\"Sveriges statsminister Ulf Kristersson og ukrainas president Volodymyr Zelenskiyj ble i oktober enig om kj\u00f8p av over 100 svenske jagerfly.\" alt=\"\" loading=\"lazy\" style=\"\"\/><\/p>\n<p>\n            Sveriges statsminister Ulf Kristersson og ukrainas president Volodymyr Zelenskiyj ble i oktober enig om kj\u00f8p av over 100 svenske jagerfly.<br \/>\n            Fredrik Sandberg \/ TT \/ Reuters \/ NTB\n        <\/p>\n<p>I oktober inngikk Volodymyr Zelenskyj en avtale med Sverige om \u00e5 <a href=\"https:\/\/www.abcnyheter.no\/nyheter\/sverige-skal-selge-100-til-150-jas-gripen-kampfly-til-ukraina\/1261352\" target=\"_blank\" rel=\"nofollow noopener\">kj\u00f8pe opptil 150 svenske jagerfly av typen Gripen<\/a>.<\/p>\n<p>Zelenskyj antydet at fryste russiske midler kan brukes til \u00e5 betale for flyene.<\/p>\n<p>Rik p\u00e5 olje<\/p>\n<p>Men i Saudi-Arabia er den \u00f8konomiske situasjonen en helt annen. Gulfstaten, i likhet med Norge, har tjent seg rik p\u00e5 oljeproduksjon.<\/p>\n<p>\u2013 Saudi-Arabia har ingen betalingsproblemer, s\u00e5 her er det klart at \u00f8konomien har noe \u00e5 si. Saudi-Arabia har ogs\u00e5 v\u00e6rt en n\u00e6r alliert av USA i mange ti\u00e5r og har slik mer politisk kapital i forholdet sitt til USA, sier Haga.<\/p>\n<p>                <img decoding=\"async\" src=\"https:\/\/www.europesays.com\/no\/wp-content\/uploads\/2025\/11\/1298869.webp\" width=\"480\" height=\"274\" title=\"President Donald Trump og Saudi-Arabias kronprins Mohammed bin Salman har et godt forhold.\" alt=\"\" loading=\"lazy\" style=\"\"\/><\/p>\n<p>\n            President Donald Trump og Saudi-Arabias kronprins Mohammed bin Salman har et godt forhold.<br \/>\n            Evan Vucci \/ AP \/ NTB\n        <\/p>\n<p>Han legger til at da Ukraina lagde et veikart for utvikling av flyv\u00e5penet f\u00f8r fullskalainvasjonen, var ikke F-35 nevnt som et alternativ. Antagelig av \u00f8konomiske og politiske grunner, sier Haga.<\/p>\n<p>\u2013 Det ville blitt for dyrt, og det ukrainske forsvaret hadde antagelig ikke tro p\u00e5 at et salg ville g\u00e5tt i orden.<\/p>\n<p>\u2013 Falle i feil hender<\/p>\n<p>If\u00f8lge Haga var Biden-administrasjonen bekymret for en skaleringsfare og for \u00e5 bli bundet til langsiktige \u00f8konomiske forpliktelser ved overf\u00f8ring av F-16 til Ukraina.<\/p>\n<p>\u2013 Disse kunne potensielt v\u00e6re enda st\u00f8rre ved overf\u00f8ring av F-35, sier han.<\/p>\n<p>F-35 er en helt ny generasjon og et mye mer avansert fly enn F-16, forklarer Haga.<\/p>\n<p>                <img decoding=\"async\" src=\"https:\/\/www.europesays.com\/no\/wp-content\/uploads\/2025\/11\/1298866.webp\" width=\"480\" height=\"274\" title=\"Et F-16 fly som brukes i Ukraina.\" alt=\"\" loading=\"lazy\" style=\"\"\/><\/p>\n<p>\n            Et F-16 fly som brukes i Ukraina.<br \/>\n            Efrem Lukatsky \/ AP \/ NTB\n        <\/p>\n<p>\u2013 Derfor ville nok USA ogs\u00e5 v\u00e6rt bekymret for at F-35 skulle bli skutt ned over russiskkontrollert territorium og teknologi fra flyet falle i feil hender, sier han.<\/p>\n<p>\u2013 Farlige for russerne<\/p>\n<p>Haga p\u00e5peker at en innf\u00f8ring av F-35 ville tatt lengre tid enn innf\u00f8ringen av F-16.<\/p>\n<p>\u2013 Til gjengjeld ville F-35, i tilstrekkelig mengde og med de riktige v\u00e5pnene og st\u00f8ttesystemene v\u00e6rt sv\u00e6rt farlige for russerne. Det har egenskaper som gj\u00f8r det til en veldig farlig motstander for alle russiske kampfly og for russisk luftvern, sier Haga.<\/p>\n<p>Han tror Ukraina kunnet ha nytte av F-35-fly.<\/p>\n<p>\u2013 Med F-35 ville trolig Ukraina blitt satt i stand til \u00e5 i begrenset tid og i et begrenset omr\u00e5de fly inn over russiskkontrollert territorium og utf\u00f8re \u00f8deleggende presisjonsangrep mot viktige m\u00e5l. De ville trolig ogs\u00e5 tvunget russiske kampfly til \u00e5 holde seg lenger bak fronten enn de gj\u00f8r i dag, og slik redusert effekten av russiske glidebomber, sier han.<\/p>\n","protected":false},"excerpt":{"rendered":"Og derfor f\u00e5r Ukraina \u00abbare\u00bb F-16. Saudi-Arabia har nylig landet en avtale med USA om handel av amerikanske&hellip;\n","protected":false},"author":2,"featured_media":94316,"comment_status":"","ping_status":"","sticky":false,"template":"","format":"standard","meta":{"footnotes":""},"categories":[12],"tags":[20,21,24,25,15,22,23,13,30,28,29,14,16,26,27,42,43,44,45],"class_list":{"0":"post-94315","1":"post","2":"type-post","3":"status-publish","4":"format-standard","5":"has-post-thumbnail","7":"category-verden","8":"tag-breaking-news","9":"tag-breakingnews","10":"tag-featured-news","11":"tag-featurednews","12":"tag-headlines","13":"tag-latest-news","14":"tag-latestnews","15":"tag-news","16":"tag-no","17":"tag-norge","18":"tag-norway","19":"tag-nyheter","20":"tag-overskrifter","21":"tag-top-stories","22":"tag-topstories","23":"tag-verden","24":"tag-world","25":"tag-world-news","26":"tag-worldnews"},"share_on_mastodon":{"url":"https:\/\/pubeurope.com\/@no\/115597915337082521","error":""},"_links":{"self":[{"href":"https:\/\/www.europesays.com\/no\/wp-json\/wp\/v2\/posts\/94315","targetHints":{"allow":["GET"]}}],"collection":[{"href":"https:\/\/www.europesays.com\/no\/wp-json\/wp\/v2\/posts"}],"about":[{"href":"https:\/\/www.europesays.com\/no\/wp-json\/wp\/v2\/types\/post"}],"author":[{"embeddable":true,"href":"https:\/\/www.europesays.com\/no\/wp-json\/wp\/v2\/users\/2"}],"replies":[{"embeddable":true,"href":"https:\/\/www.europesays.com\/no\/wp-json\/wp\/v2\/comments?post=94315"}],"version-history":[{"count":0,"href":"https:\/\/www.europesays.com\/no\/wp-json\/wp\/v2\/posts\/94315\/revisions"}],"wp:featuredmedia":[{"embeddable":true,"href":"https:\/\/www.europesays.com\/no\/wp-json\/wp\/v2\/media\/94316"}],"wp:attachment":[{"href":"https:\/\/www.europesays.com\/no\/wp-json\/wp\/v2\/media?parent=94315"}],"wp:term":[{"taxonomy":"category","embeddable":true,"href":"https:\/\/www.europesays.com\/no\/wp-json\/wp\/v2\/categories?post=94315"},{"taxonomy":"post_tag","embeddable":true,"href":"https:\/\/www.europesays.com\/no\/wp-json\/wp\/v2\/tags?post=94315"}],"curies":[{"name":"wp","href":"https:\/\/api.w.org\/{rel}","templated":true}]}}