{"id":94317,"date":"2025-11-23T08:10:12","date_gmt":"2025-11-23T08:10:12","guid":{"rendered":"https:\/\/www.europesays.com\/no\/94317\/"},"modified":"2025-11-23T08:10:12","modified_gmt":"2025-11-23T08:10:12","slug":"stryn-loen-helikopter-matte-snu-frivillige-redda-nedkjolte-turistar","status":"publish","type":"post","link":"https:\/\/www.europesays.com\/no\/94317\/","title":{"rendered":"Stryn, Loen | Helikopter m\u00e5tte snu. Frivillige redda nedkj\u00f8lte turistar"},"content":{"rendered":"\n<p>Laurdag kveld klokka 19.25 fekk to turistar problem p\u00e5 veg opp Sk\u00e5la.<\/p>\n<p>Ei ski gjekk i stykker, og dei fekk problem med \u00e5 ta seg vidare p\u00e5 eiga hand.<\/p>\n<p>\u2013 Bindingen p\u00e5 skia til den eine var \u00f8ydelagt. Dei meinte at dei ikkje klarte \u00e5 komme seg ned igjen med berre ein ski, seier Frode Kolltveit, operasjonsleiar i Vest politidistrikt.<\/p>\n<p>Frivillige fr\u00e5 R\u00f8de Kors og Norsk Folkehjelp rykte ut til fjellet. Dei k\u00f8yrde sn\u00f8scooter dei f\u00f8rste 400 h\u00f8gdemeterane, og gjekk resten til fots.<\/p>\n<p>Dei var framme litt f\u00f8r midnatt.<\/p>\n<p>Turistane m\u00f8tte mannskapet ved Sk\u00e5lavatnet.<\/p>\n<p>Eit redningshelikopter pr\u00f8vde \u00f2g \u00e5 kome seg til fjellet, men m\u00e5tte snu p\u00e5 grunn av d\u00e5rleg flyv\u00ear.<\/p>\n<p>Turistane hadde d\u00e5 vore i kulda i mange timar, og var noko nedkj\u00f8lte.<\/p>\n<p>Dei fekk p\u00e5 seg t\u00f8rre klede. Klokka 03.19 melde politiet at turistane var nede fr\u00e5 fjellet.<\/p>\n<p>Helsepersonell unders\u00f8kte dei der. Helsepersonell klarerte den eine med ein gong, og den andre etter konsultasjon med lege.<\/p>\n<p>  <a href=\"https:\/\/www.firda.no\/5-15-1976199\" class=\"related-teaser has-image default-story-teaser article--c-eRUmMG article--c-eRUmMG-jKCPdD-design-default\" rel=\"nofollow noopener\" target=\"_blank\"><\/p>\n<p>    <img decoding=\"async\" loading=\"lazy\"  src=\"https:\/\/www.europesays.com\/no\/wp-content\/uploads\/2025\/11\/Knut+og+m%C3%B8rk+gate.jpg\" alt=\"\" class=\"brick-c-cFOWSL\" style=\"\"\/><\/p>\n<p>\n            Les ogs\u00e5<\/p>\n<p>              Knut har venta eitt \u00e5r p\u00e5 \u00e5 f\u00e5 lys her: \u2013 Tragikomisk\n        <\/p>\n<p>  <\/a><\/p>\n<p>  <a href=\"https:\/\/www.firda.no\/5-15-1973842\" class=\"related-teaser has-image default-story-teaser article--c-eRUmMG article--c-eRUmMG-jKCPdD-design-default\" rel=\"nofollow noopener\" target=\"_blank\"><\/p>\n<p>    <img decoding=\"async\" loading=\"lazy\"  src=\"https:\/\/www.europesays.com\/no\/wp-content\/uploads\/2025\/11\/7K1A9472-2.jpg\" alt=\"\" class=\"brick-c-cFOWSL\" style=\"\"\/><\/p>\n<p>\n            Les ogs\u00e5<\/p>\n<p>              Tek sikkerheita p\u00e5 alvor: \u2013 Tilsette ved Bregnetunet er aldri \u00e5leine p\u00e5 jobb\n        <\/p>\n<p>  <\/a><\/p>\n<p>  <a href=\"https:\/\/www.firda.no\/5-15-1978628\" class=\"related-teaser has-image default-story-teaser article--c-eRUmMG article--c-eRUmMG-jKCPdD-design-default\" rel=\"nofollow noopener\" target=\"_blank\"><\/p>\n<p>    <img decoding=\"async\" loading=\"lazy\"  src=\"https:\/\/www.europesays.com\/no\/wp-content\/uploads\/2025\/11\/251122+F%C3%98RDE+Rednindshund+trening+kor+001.jpg\" alt=\"\" class=\"brick-c-cFOWSL\" style=\"\"\/><\/p>\n<p>\n            Les ogs\u00e5<\/p>\n<p>              Gav 60.000 kroner til han her\n        <\/p>\n<p>  <\/a><\/p>\n","protected":false},"excerpt":{"rendered":"Laurdag kveld klokka 19.25 fekk to turistar problem p\u00e5 veg opp Sk\u00e5la. Ei ski gjekk i stykker, og&hellip;\n","protected":false},"author":2,"featured_media":231,"comment_status":"","ping_status":"","sticky":false,"template":"","format":"standard","meta":{"footnotes":""},"categories":[10],"tags":[36,20,21,24,25,15,22,23,10335,13,30,5268,28,29,14,16,254,2184,111,12230,1510,3344,26,27],"class_list":{"0":"post-94317","1":"post","2":"type-post","3":"status-publish","4":"format-standard","5":"has-post-thumbnail","7":"category-norge","8":"tag-art","9":"tag-breaking-news","10":"tag-breakingnews","11":"tag-featured-news","12":"tag-featurednews","13":"tag-headlines","14":"tag-latest-news","15":"tag-latestnews","16":"tag-loen","17":"tag-news","18":"tag-no","19":"tag-nordfjord","20":"tag-norge","21":"tag-norway","22":"tag-nyheter","23":"tag-overskrifter","24":"tag-politi","25":"tag-redning","26":"tag-redningsaksjon","27":"tag-skala","28":"tag-story","29":"tag-stryn","30":"tag-top-stories","31":"tag-topstories"},"share_on_mastodon":{"url":"https:\/\/pubeurope.com\/@no\/115598001787567801","error":""},"_links":{"self":[{"href":"https:\/\/www.europesays.com\/no\/wp-json\/wp\/v2\/posts\/94317","targetHints":{"allow":["GET"]}}],"collection":[{"href":"https:\/\/www.europesays.com\/no\/wp-json\/wp\/v2\/posts"}],"about":[{"href":"https:\/\/www.europesays.com\/no\/wp-json\/wp\/v2\/types\/post"}],"author":[{"embeddable":true,"href":"https:\/\/www.europesays.com\/no\/wp-json\/wp\/v2\/users\/2"}],"replies":[{"embeddable":true,"href":"https:\/\/www.europesays.com\/no\/wp-json\/wp\/v2\/comments?post=94317"}],"version-history":[{"count":0,"href":"https:\/\/www.europesays.com\/no\/wp-json\/wp\/v2\/posts\/94317\/revisions"}],"wp:featuredmedia":[{"embeddable":true,"href":"https:\/\/www.europesays.com\/no\/wp-json\/wp\/v2\/media\/231"}],"wp:attachment":[{"href":"https:\/\/www.europesays.com\/no\/wp-json\/wp\/v2\/media?parent=94317"}],"wp:term":[{"taxonomy":"category","embeddable":true,"href":"https:\/\/www.europesays.com\/no\/wp-json\/wp\/v2\/categories?post=94317"},{"taxonomy":"post_tag","embeddable":true,"href":"https:\/\/www.europesays.com\/no\/wp-json\/wp\/v2\/tags?post=94317"}],"curies":[{"name":"wp","href":"https:\/\/api.w.org\/{rel}","templated":true}]}}