{"id":94324,"date":"2025-11-23T08:25:14","date_gmt":"2025-11-23T08:25:14","guid":{"rendered":"https:\/\/www.europesays.com\/no\/94324\/"},"modified":"2025-11-23T08:25:14","modified_gmt":"2025-11-23T08:25:14","slug":"morgenrapport-politiloggen-flere-slet-med-a-oppfore-seg-pa-byen","status":"publish","type":"post","link":"https:\/\/www.europesays.com\/no\/94324\/","title":{"rendered":"Morgenrapport, Politiloggen | Flere slet med \u00e5 oppf\u00f8re seg p\u00e5 byen"},"content":{"rendered":"\n<p>Det har v\u00e6rt ei natt med flere ordensforstyrrelser og bortvisninger i Tr\u00f8ndelag. Det forteller politiets operasjonsleder Martin Skjerve s\u00f8ndag morgen:<\/p>\n<ul>\n<li>I <b>Verdal<\/b> ble en person bortvist fra sentrum etter \u00e5 ha skapt st\u00f8y og uro i byen.<\/li>\n<li>I <b>Levanger<\/b> ble en person bortvist fra sentrum etter \u00e5 ha startet br\u00e5k i byen. Han vaiet ogs\u00e5 ut i vegbanen.<\/li>\n<li>I <b>Stj\u00f8rdal<\/b> m\u00e5tte politiet rykke ut til et utested da en gjest utagerte mot en vekter.<\/li>\n<li>Kort tid etter, ogs\u00e5 det i <b>Stj\u00f8rdal<\/b>, m\u00e5tte politiet bist\u00e5 en annen vekter. En mann var fors\u00f8kt bortvist flere ganger, uten at han ville forholde seg til det. Mannen ble tatt med til arresten og blir anmeldt for ordensforstyrrelse.<\/li>\n<li>Ogs\u00e5 i <b>Trondheim<\/b> var det en rekke brudd p\u00e5 ro og orden. Blant annet ble en mann bortvist etter at han skal ha uttrykt hatefulle ytringer, som skal ha f\u00f8rt til en voldshendelse. Ingen ble skadd i hendelsen. Mannen blir anmeldt for hatkriminalitet.<\/li>\n<\/ul>\n<p>Mer mildv\u00e6r<\/p>\n<p>S\u00f8ndag ser ut til \u00e5 bli en dag med mer mildv\u00e6r. P\u00e5 Innherred er det ventet to-tre plussgrader og periodevis noe nedb\u00f8r.<\/p>\n<p>Dette sier Yrs tekstvarsel:<\/p>\n<p>\u00abS\u00f8rvestlig liten kuling p\u00e5 kysten i s\u00f8r ellers nordlig bris, dreiende \u00f8stlig utover dagen. Skyet eller delvis skyet. Periodevis litt regn, sludd eller sn\u00f8 i indre og h\u00f8yere str\u00f8k.\u00bb<\/p>\n<p>P\u00e5 T-A.no<\/p>\n<p>I 35 \u00e5r har Sissel Norum drevet bedrift med sin bror og far. N\u00e5 er tiden inne for \u00e5 avvikle \u2013 men 66-\u00e5ringen legger ikke helt bort hammeren:<\/p>\n<p>  <a href=\"https:\/\/www.t-a.no\/5-116-2259355\" class=\"related-teaser has-image default-feature-teaser article--c-eRUmMG article--c-eRUmMG-jKCPdD-design-default\" rel=\"nofollow noopener\" target=\"_blank\"><\/p>\n<p>    <img decoding=\"async\" loading=\"lazy\"  src=\"https:\/\/www.europesays.com\/no\/wp-content\/uploads\/2025\/11\/Sissel+Norum+-+AHBN01_1.jpg\" alt=\"\" class=\"brick-c-cFOWSL\" style=\"\"\/><\/p>\n<p>\n            Les ogs\u00e5<\/p>\n<p>              Over 40 \u00e5r i mannsdominert yrke: \u2013 Det var litt spesielt\n        <\/p>\n<p>  <\/a><\/p>\n<p>Verdal IL frykter millionsmell \u2013 og at treningsavgiftene m\u00e5 dobles eller tredobles \u2013 som f\u00f8lge av kutt i halleie-ordning:<\/p>\n<p>  <a href=\"https:\/\/www.t-a.no\/5-116-2260247\" class=\"related-teaser has-image default-story-teaser article--c-eRUmMG article--c-eRUmMG-jKCPdD-design-default\" rel=\"nofollow noopener\" target=\"_blank\"><\/p>\n<p>    <img decoding=\"async\" loading=\"lazy\"  src=\"https:\/\/www.europesays.com\/no\/wp-content\/uploads\/2025\/11\/Verdal+IL.jpg\" alt=\"\" class=\"brick-c-cFOWSL\" style=\"\"\/><\/p>\n<p>\n            Les ogs\u00e5<\/p>\n<p>              Sl\u00e5r alarm: \u2013 Leker med barnas psykiske helse\n        <\/p>\n<p>  <\/a><\/p>\n<p>Her er alle eiendomsoverdragelsene i Nord-Tr\u00f8ndelag den siste tida:<\/p>\n<p>  <a href=\"https:\/\/www.t-a.no\/5-116-2259317\" class=\"related-teaser has-image default-story-teaser article--c-eRUmMG article--c-eRUmMG-jKCPdD-design-default\" rel=\"nofollow noopener\" target=\"_blank\"><\/p>\n<p>    <img decoding=\"async\" loading=\"lazy\"  src=\"https:\/\/www.europesays.com\/no\/wp-content\/uploads\/2025\/11\/Bla%CC%8Aklokkevegen10.jpg\" alt=\"\" class=\"brick-c-cFOWSL\" style=\"\"\/><\/p>\n<p>\n            Les ogs\u00e5<\/p>\n<p>              UKAS BOLIGSALG:<br \/>\nHuset ble solgt langt over prisantydning\n        <\/p>\n<p>  <\/a><\/p>\n","protected":false},"excerpt":{"rendered":"Det har v\u00e6rt ei natt med flere ordensforstyrrelser og bortvisninger i Tr\u00f8ndelag. Det forteller politiets operasjonsleder Martin Skjerve&hellip;\n","protected":false},"author":2,"featured_media":3842,"comment_status":"","ping_status":"","sticky":false,"template":"","format":"standard","meta":{"footnotes":""},"categories":[10],"tags":[36,20,21,24,25,15,983,22,23,492,739,13,30,28,29,14,16,782,756,1510,26,27,941,553,2133],"class_list":{"0":"post-94324","1":"post","2":"type-post","3":"status-publish","4":"format-standard","5":"has-post-thumbnail","7":"category-norge","8":"tag-art","9":"tag-breaking-news","10":"tag-breakingnews","11":"tag-featured-news","12":"tag-featurednews","13":"tag-headlines","14":"tag-krim","15":"tag-latest-news","16":"tag-latestnews","17":"tag-levanger","18":"tag-morgenrapport","19":"tag-news","20":"tag-no","21":"tag-norge","22":"tag-norway","23":"tag-nyheter","24":"tag-overskrifter","25":"tag-politiloggen","26":"tag-stjordal","27":"tag-story","28":"tag-top-stories","29":"tag-topstories","30":"tag-ulykker-og-hendelser","31":"tag-vaer","32":"tag-verdal"},"share_on_mastodon":{"url":"https:\/\/pubeurope.com\/@no\/115598061122601568","error":""},"_links":{"self":[{"href":"https:\/\/www.europesays.com\/no\/wp-json\/wp\/v2\/posts\/94324","targetHints":{"allow":["GET"]}}],"collection":[{"href":"https:\/\/www.europesays.com\/no\/wp-json\/wp\/v2\/posts"}],"about":[{"href":"https:\/\/www.europesays.com\/no\/wp-json\/wp\/v2\/types\/post"}],"author":[{"embeddable":true,"href":"https:\/\/www.europesays.com\/no\/wp-json\/wp\/v2\/users\/2"}],"replies":[{"embeddable":true,"href":"https:\/\/www.europesays.com\/no\/wp-json\/wp\/v2\/comments?post=94324"}],"version-history":[{"count":0,"href":"https:\/\/www.europesays.com\/no\/wp-json\/wp\/v2\/posts\/94324\/revisions"}],"wp:featuredmedia":[{"embeddable":true,"href":"https:\/\/www.europesays.com\/no\/wp-json\/wp\/v2\/media\/3842"}],"wp:attachment":[{"href":"https:\/\/www.europesays.com\/no\/wp-json\/wp\/v2\/media?parent=94324"}],"wp:term":[{"taxonomy":"category","embeddable":true,"href":"https:\/\/www.europesays.com\/no\/wp-json\/wp\/v2\/categories?post=94324"},{"taxonomy":"post_tag","embeddable":true,"href":"https:\/\/www.europesays.com\/no\/wp-json\/wp\/v2\/tags?post=94324"}],"curies":[{"name":"wp","href":"https:\/\/api.w.org\/{rel}","templated":true}]}}