{"id":94325,"date":"2025-11-23T08:26:12","date_gmt":"2025-11-23T08:26:12","guid":{"rendered":"https:\/\/www.europesays.com\/no\/94325\/"},"modified":"2025-11-23T08:26:12","modified_gmt":"2025-11-23T08:26:12","slug":"ukraina-russland-norge-skal-sende-tetiana-til-rivne-i-ukraina-hvis-jeg-dor-er-det-norges-ansvar","status":"publish","type":"post","link":"https:\/\/www.europesays.com\/no\/94325\/","title":{"rendered":"Ukraina, Russland | Norge skal sende Tetiana til Rivne i Ukraina: \u2013 Hvis jeg d\u00f8r, er det Norges ansvar"},"content":{"rendered":"\n<p>\u2013 Jeg fikk beskjed om \u00e5 forlate Norge innen tre uker. Vi blir tvunget til \u00e5 flytte til Ukraina. Hvis jeg d\u00f8r, er det Norge som ikke har passet p\u00e5 at vi er trygge, sier Tetiana Sergan til Nettavisen.<\/p>\n<p>Mens vennene hennes fra hjembyen Rivne i Ukraina fikk innvilget kollektiv beskyttelse da de kom til Norge, m\u00e5tte Sergan s\u00f8ke om individuell beskyttelse siden hun ikke var bosatt i Ukraina da den fullskalainvasjonen startet i februar 2022.<\/p>\n<p>Da krigen br\u00f8t ut i hjemlandet Ukraina, bodde hun nemlig i Midt\u00f8sten. Der jobbet Sergan som flyvertinne for Emirates, men dr\u00f8mmen var \u00e5 bli pilot.<\/p>\n<p>Da arbeidsvisumet i Emiratene utl\u00f8p, visste hun ikke hvor hun skulle dra. Nettavisen m\u00f8tte henne f\u00f8rst i sommer. Da hadde hun st\u00e5tt i asylk\u00f8 hos UDI i over ett og et halvt \u00e5r.<\/p>\n<p>\u2013 Jeg levde i uvitenhet. Hvor lenge m\u00e5 jeg vente? Jeg hadde null rettigheter, ikke rett til \u00e5 jobbe og ingen \u00f8konomisk st\u00f8tte fra staten.<\/p>\n<p><b>Les f\u00f8rste sak her: <a rel=\"Follow nofollow noopener\" href=\"https:\/\/www.nettavisen.no\/nyheter\/tetiana-kan-bli-sendt-ut-av-norge-da-gar-alle-pengene-mine-tapt\/s\/5-95-2428353\" target=\"_blank\">Tetiana kan bli sendt ut av Norge: \u2013 Da g\u00e5r alle pengene mine tapt<\/a><\/b><\/p>\n<p>Brukt over 650.000 kroner<\/p>\n<p>Sergan har bodd her f\u00f8r, kan norsk, har en norsk samboer n\u00e5 og har ukrainske venner og familie som bor i Norge p\u00e5 grunn av krigen.<\/p>\n<p>   <img decoding=\"async\" width=\"2923\" height=\"1536\" fetchpriority=\"low\"  loading=\"lazy\"  src=\"https:\/\/www.europesays.com\/no\/wp-content\/uploads\/2025\/11\/IMG_8479+%281%29.jpeg\" alt=\"\" class=\"brick-c-cFOWSL\" style=\"--brick-image-ratio: 2923 \/ 1536;\"\/><\/p>\n<p>      REISTE I PANIKK TIL NORGE:  Da Tetianas arbeidsvisum i Emiratene gikk ut, visste hun ikke hvor hun skulle dra. Valget falt p\u00e5 Norge siden hun har bodd her f\u00f8r og kan spr\u00e5ket. Her avbildet p\u00e5 skitur.<br \/>\n      Foto: Privat\n    <\/p>\n<p>Hun studerer i Sandefjord for \u00e5 bli pilot og har brukt over 650.000 kroner p\u00e5 studiet. Disse pengene frykter hun n\u00e5 g\u00e5r i vasken.<\/p>\n<p>\u2013 Hvis jeg avbryter studiene, mister jeg alt: tiden min, energien min og \u00f8konomien. Jeg er ikke sikker p\u00e5 om jeg vil v\u00e6re i live. Det er krig hjemme.<\/p>\n<p><b>Norske myndigheter har avvist asyls\u00f8knaden hennes og skal sende Sergan hjem. <\/b><\/p>\n<p>Advokaten hennes har klagd p\u00e5 vedtaket, men hun har f\u00e5tt et nytt avslag. Neste steg er Utlendingsnemnda.<\/p>\n<p>Nettavisen har sett avslagene, klagen og dokumentasjonen p\u00e5 skolepengene. <\/p>\n<p><b>Les ogs\u00e5: <a class=\"simple-relation related-teaser article--c-eRUmMG article--c-eRUmMG-fZoQSp-design-nettavisen article--c-eRUmMG-gwthdJ-cv\" href=\"https:\/\/www.nettavisen.no\/hver-femte-ukrainer-med-beskyttelse-i-norge-er-en-mann-i-stridsdyktig-alder\/s\/5-95-2676135\" rel=\"nofollow noopener\" target=\"_blank\">Hver femte ukrainer med beskyttelse i Norge er en mann i stridsdyktig alder<\/a><\/b><\/p>\n<p>Hvis hun m\u00e5 forlate Norge, tviler hun p\u00e5 at hun f\u00e5r fullf\u00f8rt utdanningen sin. I Ukraina er det ingen mulighet for \u00e5 f\u00e5 den n\u00f8dvendige flytreningen hun trenger.<\/p>\n<p>\u2013 All flytrafikken er stengt. Jeg vet ikke hva som skjer med livet mitt og fremtiden min. Det f\u00f8les som jeg ikke har menneskerettigheter.<\/p>\n<p>Utdanningen m\u00e5 ogs\u00e5 fullf\u00f8res innen september 2026 for at den skal v\u00e6re gyldig.<\/p>\n<p>\u2013 Jeg v\u00e5kner opp hver dag og lurer p\u00e5 om jeg rekker \u00e5 fullf\u00f8re skolen, eller om jeg blir kastet ut tidligere? Om beskjeden kommer om fem m\u00e5neder eller 11 m\u00e5neder, det vet jeg ikke. Jeg har allerede begynt \u00e5 pakke i hodet mitt.<\/p>\n<p>Alt hun vil ha er oppholdstillatelse i Norge.<\/p>\n<p>\u2013 Jeg har ikke bedt om en eneste krone. Jeg hadde oppsparte midler da jeg kom hit. Jeg begynte \u00e5 studere. Jeg hadde lyst til \u00e5 gj\u00f8re alt selv.<\/p>\n<p>Hun ansl\u00e5r at hun har brukt rundt en million kroner av egne midler til n\u00e5.<\/p>\n<p>Du f\u00e5r nemlig ikke store summer av norske myndigheter mens du venter p\u00e5 at s\u00f8knaden din <\/p>\n<p>Hvis hun kunne, hadde hun s\u00f8kt om studiel\u00e5n. Men hun fikk avslag siden hun har tatt utdanning i Norge allerede.<\/p>\n<p><b>Les ogs\u00e5: <a class=\"simple-relation related-teaser article--c-eRUmMG article--c-eRUmMG-fZoQSp-design-nettavisen article--c-eRUmMG-gwthdJ-cv\" href=\"https:\/\/www.nettavisen.no\/vi-i-norge-har-spilt-oss-selv-ut-over-sidelinjen\/s\/5-95-2683160\" rel=\"nofollow noopener\" target=\"_blank\">\u2013 Vi i Norge har spilt oss selv ut over sidelinjen<\/a><\/b><\/p>\n<p>Kritisk til UDI<\/p>\n<p>UDI mener det ikke foreligger menneskelige hensyn som tilsier at Sergan ikke b\u00f8r sendes hjem til Rivne i Ukraina.<\/p>\n<p>            Norges begrunnelse for \u00e5 sende Tetiana Sergan hjem til Ukraina<\/p>\n<p>Denne begrunnelsen er hentet fra avslaget Tetiana Sergan fikk i september 2025. <\/p>\n<p>\u00abVi mener at det ikke er sterke menneskelige hensyn i saken din.<\/p>\n<p>Vi er kjent med at den sosiale og humanit\u00e6re situasjonen har blitt mer utfordrende i Ukraina etter Russlands invasjon. Dette er ikke forhold som i seg selv som danner grunnlag for tillatelse etter utl. \u00a7 38.<\/p>\n<p>Lokale myndigheter, lokale og internasjonale organisasjoner, NGO-er og frivillige har sammen bidratt med humanit\u00e6r hjelp til befolkningen p\u00e5 ditt hjemsted i Rivne fylke. De humanit\u00e6re tiltakene omfatter blant annet distribusjon av mat og andre behovsartikler, informasjonsformidling, rettshjelp og ulike former for \u00f8konomisk bistand i tillegg til boligstand.<\/p>\n<p>D\u00e5rlig \u00f8konomi er en av de mest utbredte utfordringene b\u00e5de blant ikke-fordrevne og internt fordrevne. Ukrainske myndigheter bist\u00e5r imidlertid befolkningen med ulike former for offentlige ytelser, som blant annet pensjonsutbetalinger, sosialst\u00f8nader, kontantst\u00f8nad, boligst\u00f8nad eller sosialst\u00f8nad mv. Det er videre det fremg\u00e5r av v\u00e5re kilder og offentlige statistikker at andelen av personer som levde under fattigdomsgrensen i 2023 var noe redusert i 2023 sammenlignet med 2022.<\/p>\n<p>Vi er ogs\u00e5 kjent med at det kan v\u00e6re utfordrende \u00e5 skaffe seg jobb, men p\u00e5 landsbasis var det i februar 2024 imidlertid rundt ti prosent arbeidsledige, noe som er omtrent en halvering fra 2023.<\/p>\n<p>Selv om deler av befolkningen mener det er mangelfull tilgang til helsetjenester, sier tilgjengelig landinformasjon at juli 2024 hadde 1865 helseinstitusjoner blitt rammet i angrepet. Til tross for de store negative effektene av krigen, er landets helsesystem fortsatt operativt, og tilgangen til helsetjenester anses som god. Vi viser til at lokale myndigheter i blant annet Lviv fylke opplyser om at de har opprettholdt normal drift innenfor helsetjenesten, med tilstrekkelig bomberomkapasitet. Vi mener f\u00f8lgelig at du vil f\u00e5 tilgang til forsvarlig helsehjelp ved retur Rivne fylke.<\/p>\n<p>UDI har vurdert dine individuelle forutsetninger for retur og situasjonen p\u00e5 ditt hjemsted i Rivne fylke, og mener at det ikke foreligger sterke menneskelige hensyn som kan begrunne at du ikke henvises til ditt hjemsted i Rivne fylke.<\/p>\n<p>UDI viser videre til at du fremst\u00e5r som ressurssterk, idet du etter det opplyste er frisk, arbeidsf\u00f8r, og uten fors\u00f8rgeransvar. Vi har ogs\u00e5 sett hen til at du vil ha familie og hjem p\u00e5 hjemstedet. UDI mener derfor at du har tilstrekkelig ressurser til \u00e5 klare deg i Rivne ved retur dit.<\/p>\n<p>UDI mener at det ikke foreligger sterke menneskelige hensyn som kan begrunne at du ikke kan reise tilbake til ditt hjemsted i Rivne fylke.<\/p>\n<p>Staten mener ogs\u00e5 Sergan er ressurssterk nok til \u00e5 klare seg i Ukraina.<\/p>\n<p>\u2013 Ja, jeg er en ressurs. Men jeg har ikke noe milit\u00e6r bakgrunn, og det er ikke trygt hjemme. S\u00e5 jeg forst\u00e5r ikke helt hva UDI mener.<\/p>\n<p>UDI viser ogs\u00e5 til at hun fortsatt har familie i hjembyen Rivne.<\/p>\n<p>\u2013 Foreldrene mine har bodd der hele livet. \u00c5 miste huset er utenkelig for dem. De synes det er bedre \u00e5 d\u00f8 der enn \u00e5 flytte et annet sted de ikke h\u00f8rer hjemme.<\/p>\n<p>For henne er det annerledes.<\/p>\n<p>\u2013 Jeg er ung og jeg setter pris p\u00e5 livet mitt. Det er derfor jeg ikke vil flytte dit. Hvis jeg blir i Norge, fortsetter livet mitt.<\/p>\n<p>   <img decoding=\"async\" width=\"2588\" height=\"2013\" fetchpriority=\"low\"  loading=\"lazy\"  src=\"https:\/\/www.europesays.com\/no\/wp-content\/uploads\/2025\/11\/FullSizeRender_1.jpeg\" alt=\"\" class=\"brick-c-cFOWSL\" style=\"--brick-image-ratio: 2588 \/ 2013;\"\/><\/p>\n<p>      Tetiana forteller at s\u00f8steren, tanten og grandtanten (avbildet) flyktet til Norge i 2022. Her er hun avbildet med sistnevnte p\u00e5 17. mai.<br \/>\n      Foto: Privat\n    <\/p>\n<p>Til n\u00e5 har 4375 personer reist hjem til Ukraina med tilbakevendingsst\u00f8tte. Fire personer har f\u00e5tt assistert retur, if\u00f8lge Utlendingsdirektoratet.<\/p>\n<p>Justisdepartementet er forelagt kritikken fra Tetiana Sergan. Justisminister Astri Aas-Hansen har takket nei til \u00e5 stille til intervju og begrunner det med at hun ikke kommenterer enkeltsaker. <\/p>\n<p> \u2013 Kan ikke forestille meg \u00e5 bo i et land i krig<\/p>\n<p>\u2013 Hvordan vil hverdagen din se ut hvis du skal bosette deg i Rivne igjen? <\/p>\n<p>\u2013 Jeg gruer meg. Jeg kan ikke forestille meg \u00e5 bo i et land i krig. Jeg synes jeg, som alle andre, burde ha rett til \u00e5 ha en varm seng og en god natts s\u00f8vn.<\/p>\n<p>Sergan mener det b\u00f8r v\u00e6re opp til hver enkelt ukrainer om de har lyst til \u00e5 bo i Ukraina eller ikke mens krigen p\u00e5g\u00e5r.<\/p>\n<p>\u2013 Begge alternativene er vanskelige. Det finnes ikke et rett eller galt svar, konstaterer hun.<\/p>\n<p>I avslaget peker UDI ogs\u00e5 p\u00e5 at kamphandlingene foreg\u00e5r fra grensen mot Russland i nord\u00f8st, og at mesteparten av luftangrep mot ulike byer og steder blir avverget av det ukrainske forsvaret. Sivile tap har v\u00e6rt f\u00e5, konstaterer UDI.<\/p>\n<p>\u2013 Hvorfor mener du at du b\u00f8r f\u00e5 lov \u00e5 bli i Norge?<\/p>\n<p>\u2013 Det er krig. Man kan ikke si at en by ikke er i krig, mens en annen by er i krig. Det er 2025. Det er missiler, det er raketter, det er droner. Ting kan falle ned p\u00e5 hodet eller huset ditt fra lufta. Man kan ikke si at det er trygt, det er et lotteri, sier Sergan.<\/p>\n<p>14 omr\u00e5der, inkludert Rivne, er regnet som trygge av UDI n\u00e5. Ukrainere fra disse omr\u00e5dene f\u00e5r heller ikke innvilget kollektiv beskyttelse n\u00e5.<\/p>\n<p>I hjembyen forbereder innbyggerne seg p\u00e5 en kald vinter i vente.<\/p>\n<p>\u2013 Russland har lyst til \u00e5 \u00f8delegge infrastrukturen. De pr\u00f8ver \u00e5 \u00f8delegge str\u00f8mmen for oss. Folk har ikke engang lys.<\/p>\n<p>I Rivne ligger ogs\u00e5 et av Ukrainas fire atomkraftverk. <a rel=\"Follow nofollow noopener\" href=\"https:\/\/kyivindependent.com\/russia-targeted-substations-that-power-nuclear-power-plants-during-large-scale-overnight-attacks-sybiha-says\/\" target=\"_blank\">Infrastrukturen ble nylig n\u00e5 i november utsatt for angrep av Russland.<\/a><\/p>\n<p><b>Les den ukrainske ambassad\u00f8rens advarsel: <a rel=\"Follow nofollow noopener\" href=\"https:\/\/www.nettavisen.no\/nyheter\/advarer-mot-putins-bombing-risikerer-en-atomkatastrofe-i-hjertet-av-europa\/s\/5-95-2726375\" target=\"_blank\">Frykter atomkatastrofe: \u2013 N\u00f8ye planlagt angrep<\/a><\/b><\/p>\n<p>\u2013 Den norske regjeringens ansvar<\/p>\n<p>Norges utenriksminister Espen Barth Eide bes\u00f8kte Rivne atomkraftverk i oktober 2024. Det er rundt to timer fra der Sergans bosted vil v\u00e6re.<\/p>\n<p>\u2013 Russiske angrep mot det ukrainske str\u00f8mnettet kan sette atomsikkerheten i fare selv om atomkraftverkene ikke rammes direkte. Folkeretten legger et tydelig ansvar p\u00e5 partene for \u00e5 unng\u00e5 uforholdsmessige sivile skader, er Barth Eide sitert p\u00e5 i en pressemelding.<\/p>\n<p>Regjeringen advarte om at en atomhendelse kan f\u00e5 konsekvenser over landegrensene. Likevel er Rivne ogs\u00e5 ansett som trygt og hvis du kommer fra Rivne n\u00e5 vil du heller ikke f\u00e5 kollektiv beskyttelse lenger.<\/p>\n<p>\u2013 Hva er ditt budskap til regjeringen som da velger \u00e5 sende deg hjem? <\/p>\n<p>\u2013 Hvis Russland tar livet mitt, s\u00e5 mener jeg det er den norske regjerings ansvar. Jeg f\u00f8ler meg ikke trygg og de fleste vet at det ikke er trygt. Jeg forst\u00e5r ikke hvordan de kan fatte et s\u00e5nt vedtak. N\u00e5r vi ikke er i live lenger, kommer de til \u00e5 ha d\u00e5rlig samvittighet for at de sendte oss ut.<\/p>\n<p>Justisdepartementet vil ikke kommentere enkeltsaker. Statssekret\u00e6r Jokim \u00d8ren sier at departementet har tillit til at UDI og UNE gj\u00f8r grundige vurderinger i tr\u00e5d med norsk rett og internasjonale forpliktelser.<\/p>\n<p>\u2013 Utlendingsforvaltningens vurderinger av sikkerhetssituasjonen bygger s\u00e6rlig p\u00e5 publikasjoner fra Landinfo, utlendingsforvaltningens faglig uavhengige enhet for landinformasjon. De bygger i sin tur p\u00e5 informasjon fra mange kilder, inkludert egne informasjonsinnhentingsreiser, skriver han i en e-post til Nettavisen gjennom kommunikasjonsavdelingen.<\/p>\n<p>Justisministeren Astri Aas-Hansen vil ikke stille til intervju.<\/p>\n<p>\u2013 Jeg fikk beskjed om \u00e5 forlate Norge<\/p>\n<p>Sergan opplever ogs\u00e5 at det er urettferdig at andre ukrainere f\u00e5r lov \u00e5 bli i Norge.<\/p>\n<p>\u2013 Jeg synes jeg burde ha rett til \u00e5 bo et sted der det ikke er krig. Andre ukrainere, de som flyttet fra Ukraina, fikk jo den retten. Jeg er ogs\u00e5 ukrainer. Hvorfor har ikke jeg retten til et trygt liv? Det kan jeg ikke forst\u00e5. Hvorfor blir andre ukrainere beskyttet mens jeg ikke f\u00e5r den muligheten?<\/p>\n<p>Ordningen for midlertidig beskyttelse er ogs\u00e5 strammet inn siden invasjonen startet. Siden september 2024 m\u00e5 alle nye s\u00f8kere som kommer fra omr\u00e5der i Ukraina som anses tilstrekkelig trygge, s\u00f8ke om individuell beskyttelse.<\/p>\n","protected":false},"excerpt":{"rendered":"\u2013 Jeg fikk beskjed om \u00e5 forlate Norge innen tre uker. Vi blir tvunget til \u00e5 flytte til&hellip;\n","protected":false},"author":2,"featured_media":94326,"comment_status":"","ping_status":"","sticky":false,"template":"","format":"standard","meta":{"footnotes":""},"categories":[5],"tags":[20,21,24,25,15,19,22,23,17,18,13,30,28,29,14,16,26,27],"class_list":{"0":"post-94325","1":"post","2":"type-post","3":"status-publish","4":"format-standard","5":"has-post-thumbnail","7":"category-overskrifter","8":"tag-breaking-news","9":"tag-breakingnews","10":"tag-featured-news","11":"tag-featurednews","12":"tag-headlines","13":"tag-hovedoppslag","14":"tag-latest-news","15":"tag-latestnews","16":"tag-main-news","17":"tag-mainnews","18":"tag-news","19":"tag-no","20":"tag-norge","21":"tag-norway","22":"tag-nyheter","23":"tag-overskrifter","24":"tag-top-stories","25":"tag-topstories"},"share_on_mastodon":{"url":"https:\/\/pubeurope.com\/@no\/115598064742671664","error":""},"_links":{"self":[{"href":"https:\/\/www.europesays.com\/no\/wp-json\/wp\/v2\/posts\/94325","targetHints":{"allow":["GET"]}}],"collection":[{"href":"https:\/\/www.europesays.com\/no\/wp-json\/wp\/v2\/posts"}],"about":[{"href":"https:\/\/www.europesays.com\/no\/wp-json\/wp\/v2\/types\/post"}],"author":[{"embeddable":true,"href":"https:\/\/www.europesays.com\/no\/wp-json\/wp\/v2\/users\/2"}],"replies":[{"embeddable":true,"href":"https:\/\/www.europesays.com\/no\/wp-json\/wp\/v2\/comments?post=94325"}],"version-history":[{"count":0,"href":"https:\/\/www.europesays.com\/no\/wp-json\/wp\/v2\/posts\/94325\/revisions"}],"wp:featuredmedia":[{"embeddable":true,"href":"https:\/\/www.europesays.com\/no\/wp-json\/wp\/v2\/media\/94326"}],"wp:attachment":[{"href":"https:\/\/www.europesays.com\/no\/wp-json\/wp\/v2\/media?parent=94325"}],"wp:term":[{"taxonomy":"category","embeddable":true,"href":"https:\/\/www.europesays.com\/no\/wp-json\/wp\/v2\/categories?post=94325"},{"taxonomy":"post_tag","embeddable":true,"href":"https:\/\/www.europesays.com\/no\/wp-json\/wp\/v2\/tags?post=94325"}],"curies":[{"name":"wp","href":"https:\/\/api.w.org\/{rel}","templated":true}]}}