{"id":94327,"date":"2025-11-23T08:32:16","date_gmt":"2025-11-23T08:32:16","guid":{"rendered":"https:\/\/www.europesays.com\/no\/94327\/"},"modified":"2025-11-23T08:32:16","modified_gmt":"2025-11-23T08:32:16","slug":"jeg-boikotter-hele-uken-e24","status":"publish","type":"post","link":"https:\/\/www.europesays.com\/no\/94327\/","title":{"rendered":"\u2013 Jeg boikotter hele uken \u2013 E24"},"content":{"rendered":"<p class=\"fullWidthDesktop hyperion-css-71ztg2\" data-test-tag=\"lead-text\">Eirin Helgesen og Frida Amdahl boikotter Black Week. NHH-professor Tor W. Andreassen mener konseptet har utspilt sin rolle.<\/p>\n<p><img decoding=\"async\" class=\"image-asset hyperion-css-1s6negh\" data-test-tag=\"image-asset\" src=\"https:\/\/www.europesays.com\/no\/wp-content\/uploads\/2025\/11\/4543c361-f650-47c9-b694-e143ffc1bb72\"  alt=\"BOIKOTT: Av milj\u00f8hensyn boikotter Eirin Helgesen og Frida Myklebust Amdahl hele Black Week.\"  loading=\"eager\" fetchpriority=\"high\" style=\"aspect-ratio:1900 \/ 1425\"\/>BOIKOTT: Av milj\u00f8hensyn boikotter Eirin Helgesen og Frida Myklebust Amdahl hele Black Week. Foto: Kristoffer L\u00f8ge HedmanPublisert: <\/p>\n<p>I dag 06:00<\/p>\n<p>Oppdatert for mindre enn 2 timer siden<\/p>\n<ul class=\"hyperion-css-pte5x0\">\n<li aria-label=\"link\" class=\"narrow-button hyperion-css-1sz7d3n\">Kopier lenke<\/li>\n<li aria-label=\"link\" class=\"wide-button hyperion-css-1sz7d3n\">Kopier lenke<\/li>\n<li aria-label=\"facebook\" class=\"narrow-button hyperion-css-1sz7d3n\">Del p\u00e5 Facebook<\/li>\n<li aria-label=\"facebook\" class=\"wide-button hyperion-css-1sz7d3n\">Del p\u00e5 Facebook<\/li>\n<li aria-label=\"email\" class=\"narrow-button hyperion-css-1sz7d3n\">Del med e-post<\/li>\n<li aria-label=\"email\" class=\"wide-button hyperion-css-1sz7d3n\">Del med e-post<\/li>\n<\/ul>\n<p class=\"hyperion-css-1lemvax\">Til uken starter Black Week for fullt i norske butikker. <\/p>\n<p class=\"hyperion-css-1lemvax\">Den popul\u00e6re handelsuken m\u00f8tes imidlertid med stor skepsis, if\u00f8lge en ny <a aria-label=\"unders\u00f8kelse fra Prisjakt\" class=\"default hyperion-css-1rezu2g\" href=\"https:\/\/www.tek.no\/nyheter\/nyhet\/i\/LMvQ6P\/rekordlav-tillit-til-black-week-tilbudene?srsltid=AfmBOooyWD9a8w1px_XOJ4oR6x5LDaQw-HPXP2l0XTfNN018FQqwT6l6\" rel=\"noopener nofollow noreferrer\" data-test-tag=\"external-link\" target=\"_blank\">unders\u00f8kelse fra Prisjakt<\/a>.<\/p>\n<p class=\"hyperion-css-1lemvax\">Eirin Helgesen og Frida Myklebust Amdahl unng\u00e5r \u00e5 kj\u00f8pe noe under tilbudsuken.<\/p>\n<p class=\"hyperion-css-1lemvax\">\u2013 Jeg boikotter hele uken, sier Amdahl til E24. <\/p>\n<p><a data-test-tag=\"teaser-small:link-internal\" href=\"https:\/\/e24.no\/naeringsliv\/i\/73ezdV\/slik-faar-du-gullkort\" class=\"imagePosition-top inline hyperion-css-6238vu\" rel=\"nofollow noopener\" target=\"\" aria-label=\"Slik f\u00e5r du gullkort hos SAS\"><\/p>\n<p>Les p\u00e5 E24+<\/p>\n<p>Slik f\u00e5r du gullkort hos SAS<\/p>\n<p><\/a>Boikotter uken<\/p>\n<p class=\"hyperion-css-1lemvax\">Etter \u00e5 ha v\u00e6rt aktiv i flere milj\u00f8organisasjoner og n\u00e5 Sosialistisk Ungdom, har Amdahl sett seg lei av Black Week. <\/p>\n<p class=\"hyperion-css-1lemvax\">\u2013 Det fremmer bare \u00abfast fashion\u00bb og overkonsum, mener hun. <\/p>\n<p class=\"hyperion-css-1lemvax\">Kollega Helgesen sier seg enig.<\/p>\n<p class=\"hyperion-css-1lemvax\">\u2013 Vi b\u00f8r handle ut fra behov, ikke etter salg, mener Helgesen, som er generalsekret\u00e6r i organisasjonen. <\/p>\n<p><img decoding=\"async\" class=\"image-asset hyperion-css-100vlca\" data-test-tag=\"image-asset\" src=\"https:\/\/www.europesays.com\/no\/wp-content\/uploads\/2025\/11\/10c55189-fe2c-41e3-abc6-d8713988be51\"  alt=\"UTVANNET: Mengden rabatter og tilbud gjennom \u00e5ret gj\u00f8r at Black Week har mistet sin effekt, mener professor Tor W. Andreassen ved Norges Handelsh\u00f8yskole. \"  loading=\"eager\" fetchpriority=\"high\" style=\"aspect-ratio:1900 \/ 1900\"\/>UTVANNET: Mengden rabatter og tilbud gjennom \u00e5ret gj\u00f8r at Black Week har mistet sin effekt, mener professor Tor W. Andreassen ved Norges Handelsh\u00f8yskole. Foto: ODD MEHUS\u2013 Mistet effekten<\/p>\n<p class=\"hyperion-css-1lemvax\">\u2013 Black Week har utspilt sin rolle. Det har blitt helt inflatert, mener professoren fra Norges Handelsh\u00f8yskole (NHH). <\/p>\n<p class=\"hyperion-css-1lemvax\">Tidligere var tilbudene kun tilgjengelige \u00e9n dag, forklarer professoren. Da m\u00e5tte man handle den ene dagen for \u00e5 f\u00e5 tilbudet.<\/p>\n<p class=\"hyperion-css-1lemvax\">\u2013 Det er ikke noe vits \u00e5 krangle over en olabukse p\u00e5 tilbud lenger, mener Andreassen.<\/p>\n<p><img decoding=\"async\" class=\"image-asset hyperion-css-hgvu9d\" data-test-tag=\"image-asset\" src=\"https:\/\/www.europesays.com\/no\/wp-content\/uploads\/2025\/11\/30fcb39c-eb05-421c-99fd-b137ee61c2b9\"  alt=\"NESTE UKE STARTER DET: Black Week starter neste uke, men flere er skeptiske til tilbudene.\"  loading=\"eager\" fetchpriority=\"high\" style=\"aspect-ratio:1900 \/ 1267\"\/>NESTE UKE STARTER DET: Black Week starter neste uke, men flere er skeptiske til tilbudene. Foto: Terje Pedersen \/ NTB<\/p>\n<p class=\"hyperion-css-1lemvax\">\u2013 F\u00f8r hadde vi bare \u00abBlack Friday\u00bb og s\u00e5 \u00abCyber Monday\u00bb. N\u00e5 har det glidd ut over de andre dagene og mistet effekten, mener professoren. <\/p>\n<p class=\"hyperion-css-1lemvax\">Han ser ogs\u00e5 at flere av butikkene \u00f8ker prisene f\u00f8r 30-dagersmerket30-dagersmerketIf\u00f8lge prisopplysningsforskriften 9a plikter butikkene \u00e5 vise den rimeligste f\u00f8rprisen de siste 30 dagene n\u00e5r en vare blir merket med nedsatt pris. , slik at rabatten ser bedre ut.<\/p>\n<p class=\"hyperion-css-1lemvax\">\u2013 Rabattene settes p\u00e5 falske premisser, mener Andreassen.<\/p>\n<p><a data-test-tag=\"teaser-small:link-internal\" href=\"https:\/\/e24.no\/boers-og-finans\/i\/e7WJWl\/dnb-forvalter-slik-utnytter-vi-boersuro\" class=\"imagePosition-top inline hyperion-css-6238vu\" rel=\"nofollow noopener\" target=\"\" aria-label=\"DNB-forvalter: Slik utnytter vi b\u00f8rsuro\"><\/p>\n<p>Les p\u00e5 E24+<\/p>\n<p>DNB-forvalter: Slik utnytter vi b\u00f8rsuro<\/p>\n<p><\/a><\/p>\n<p class=\"hyperion-css-1lemvax\">Professoren tror ikke at butikkene vil oppleve en stor \u00f8kning i Black Week-salget, til tross for rabattene. <\/p>\n<p class=\"hyperion-css-1lemvax\">Det store antallet salg og rabatter gjennom \u00e5ret gj\u00f8r at kundene ikke lenger kaster seg p\u00e5 tilbudene som f\u00f8r, if\u00f8lge Andreassen.<\/p>\n<p class=\"hyperion-css-1lemvax\">\u2013 N\u00e5r er det normale priser i Norge? sp\u00f8r professoren.<\/p>\n<p class=\"hyperion-css-1lemvax\">\u2013 Til og med julen er p\u00e5 salg, legger han til. <\/p>\n<p class=\"hyperion-css-1lemvax\">Les professorens Black Week-tips lenger ned i saken.<\/p>\n<p>\u2013 M\u00e5 f\u00f8lge med<\/p>\n<p class=\"hyperion-css-1lemvax\">E24 tok til gatene for \u00e5 h\u00f8re hva folks kj\u00f8psplaner er for Black Week. <\/p>\n<p class=\"hyperion-css-1lemvax\">\u2013 Det hender jeg kan g\u00e5 for et tilbud i julehandelen, men jeg har ingen liste, sier Johan Almqvist. <\/p>\n<p><img decoding=\"async\" class=\"image-asset hyperion-css-usstc5\" data-test-tag=\"image-asset\" src=\"https:\/\/www.europesays.com\/no\/wp-content\/uploads\/2025\/11\/b90eb879-e422-41bc-aacd-8dedd344f2a2\"  alt=\"SETTER OPP PRISENE: Johan Almqvist mener man m\u00e5 f\u00f8lge godt med p\u00e5 Black Week-prisene for at det skal l\u00f8nne seg. \"  loading=\"eager\" fetchpriority=\"high\" style=\"aspect-ratio:1900 \/ 1425\"\/>SETTER OPP PRISENE: Johan Almqvist mener man m\u00e5 f\u00f8lge godt med p\u00e5 Black Week-prisene for at det skal l\u00f8nne seg. Foto: Kristoffer L\u00f8ge Hedman<\/p>\n<p class=\"hyperion-css-1lemvax\">For at Black Week skal l\u00f8nne seg, m\u00e5 man f\u00f8lge godt med p\u00e5 prisene, mener han.<\/p>\n<p class=\"hyperion-css-1lemvax\">\u2013 De setter jo opp prisene p\u00e5 forh\u00e5nd. S\u00e5 man m\u00e5 f\u00f8lge godt med, hvis man skal f\u00e5 noe ut av det, mener Almqvist. <\/p>\n<p>Varer for lenge<\/p>\n<p class=\"hyperion-css-1lemvax\">Familien Skei har reist til Oslo fra Vestlandet, men m\u00e5let med turen er ikke \u00e5 handle.<\/p>\n<p class=\"hyperion-css-1lemvax\">\u2013 Jeg synes det hele varer litt for lenge n\u00e5 for tiden, mener Synneve Skei. <\/p>\n<p><img decoding=\"async\" class=\"image-asset hyperion-css-1nmh6tf\" data-test-tag=\"image-asset\" src=\"https:\/\/www.europesays.com\/no\/wp-content\/uploads\/2025\/11\/b3ca9ff9-af91-47dd-aee7-c61deca08454\"  alt=\"TILBUD HELE \u00c5RET: Helena Skei Mo, Synneve Skei og Maud Skei Mo er p\u00e5 tur i Oslo, men de haster ikke med \u00e5 handle under Black Week.\"  loading=\"eager\" fetchpriority=\"high\" style=\"aspect-ratio:1900 \/ 1425\"\/>TILBUD HELE \u00c5RET: Helena Skei Mo, Synneve Skei og Maud Skei Mo er p\u00e5 tur i Oslo, men de haster ikke med \u00e5 handle under Black Week. Foto: Kristoffer L\u00f8ge Hedman<\/p>\n<p class=\"hyperion-css-1lemvax\">\u2013 Det er gode tilbud hele \u00e5ret, s\u00e5 man trenger ikke haste for \u00e5 handle den uken, mener hun. <\/p>\n<p class=\"hyperion-css-1lemvax\">De vil heller bruke Oslo-turen p\u00e5 sightseeing enn shopping. <\/p>\n<p>Professorens tips<\/p>\n<p class=\"hyperion-css-1lemvax\">For dem som \u00f8nsker \u00e5 benytte seg av Black Week-tilbudene, har professor Andreassen noen klare r\u00e5d. <\/p>\n<p class=\"hyperion-css-1lemvax\">\u2013 V\u00e6r skeptisk, er tilbudet reelt? <\/p>\n<p><img decoding=\"async\" class=\"image-asset hyperion-css-n6kkq1\" data-test-tag=\"image-asset\" src=\"https:\/\/www.europesays.com\/no\/wp-content\/uploads\/2025\/11\/3697ae03-101c-4146-af6f-10e0ce0dc3f7\"  alt=\"\"  fetchpriority=\"auto\" style=\"aspect-ratio:1900 \/ 1390\"\/><\/p>\n<p class=\"hyperion-css-1c3287e\">Skal du handle p\u00e5 Black Week?<\/p>\n<p>Frode Hansen \/ VG<\/p>\n<p>Frode Hansen \/ VG<\/p>\n<p class=\"hyperion-css-1q1vls4\">Skal du handle p\u00e5 Black Week?<\/p>\n<p class=\"hyperion-css-1lemvax\">Det l\u00f8nner seg \u00e5 sjekke prishistorikken, r\u00e5der professoren. Har varen blitt satt opp i pris f\u00f8r tilbudet eller har det v\u00e6rt et bedre tilbud tidligere?<\/p>\n<p class=\"hyperion-css-1lemvax\">\u2013 Har du virkelig behov for det? F\u00e5 ord er like sterke som rabatt, men det l\u00f8nner seg \u00e5 ha impulskontroll, mener professoren. <\/p>\n<p class=\"hyperion-css-1lemvax\">Til sist r\u00e5der han \u00e5 planlegge handlingen gjennom \u00e5ret.<\/p>\n<p class=\"hyperion-css-1lemvax\">\u2013 Det l\u00f8nner seg \u00e5 plukke gode tilbud \u00e5ret rundt, handle inn til ny\u00e5ret, og se p\u00e5 p\u00e5sketilbudene for \u00e5 finne den beste prisen. <\/p>\n<p><img decoding=\"async\" class=\"image-asset hyperion-css-1uhm0ow\" data-test-tag=\"image-asset\" src=\"https:\/\/www.europesays.com\/no\/wp-content\/uploads\/2025\/11\/d6c7fca5-e3e3-4a7f-b5ea-8b086ea43f0c\"  alt=\"F\u00d8LG MED: Forbrukertilsynets underdirekt\u00f8r Marit Evensen r\u00e5der alle til \u00e5 f\u00f8lge godt med p\u00e5 Black Week-tilbudene.\"  loading=\"eager\" fetchpriority=\"high\" style=\"aspect-ratio:1842 \/ 1842\"\/>F\u00d8LG MED: Forbrukertilsynets underdirekt\u00f8r Marit Evensen r\u00e5der alle til \u00e5 f\u00f8lge godt med p\u00e5 Black Week-tilbudene. Foto: ForbrukertilsynetM\u00f8ter uken med ekstra beredskap<\/p>\n<p class=\"hyperion-css-1lemvax\">\u2013 Vi har ekstra beredskap i forbindelse med salgsperioden vi g\u00e5r inn i, og vi mottar ogs\u00e5 mange tips denne perioden. Hvem vi kontrollerer g\u00e5r vi ikke ut med, men tradisjonelt gj\u00f8r vi alltid funn, sier Marit Evensen, underdirekt\u00f8r i Forbrukertilsynet. <\/p>\n<p class=\"hyperion-css-1lemvax\">Tilsynet f\u00f8lger med p\u00e5 at butikkene oppgir riktig f\u00f8rpris for kundene og at markedsf\u00f8ringen ikke er villedende. <\/p>\n<p class=\"hyperion-css-1lemvax\">\u2013 Et slikt villedende inntrykk kan blant annet skapes hvis butikkene justerer opp prisene f\u00f8r et salg. Dette gjelder ogs\u00e5 der prisjusteringen skjer 30 dager f\u00f8r salgsstart. I slike tilfeller skal det lite til for at Forbrukertilsynet vil vurdere oppjusteringen som villedende, forklarer Evensen.<\/p>\n<p class=\"hyperion-css-1lemvax\">Tilsynets r\u00e5d for handelen er \u00e5 planlegge hva man skal handle, sjekke prishistorikken p\u00e5 varen, sammenlign flere butikker og ikke se seg blind p\u00e5 rabatten.<\/p>\n<p class=\"hyperion-css-1lemvax\">\u2013 Black Week kan helt sikkert ha gode tilbud, men det er lurt \u00e5 f\u00f8lge tipsene for \u00e5 unng\u00e5 \u00e5 bli lurt. Det kan v\u00e6re at det er andre salgsperioder som er vel s\u00e5 gode, avslutter Evensen.<\/p>\n","protected":false},"excerpt":{"rendered":"Eirin Helgesen og Frida Amdahl boikotter Black Week. NHH-professor Tor W. Andreassen mener konseptet har utspilt sin rolle.&hellip;\n","protected":false},"author":2,"featured_media":94328,"comment_status":"","ping_status":"","sticky":false,"template":"","format":"standard","meta":{"footnotes":""},"categories":[10],"tags":[20,21,24,25,15,22,23,13,30,28,29,14,16,26,27],"class_list":{"0":"post-94327","1":"post","2":"type-post","3":"status-publish","4":"format-standard","5":"has-post-thumbnail","7":"category-norge","8":"tag-breaking-news","9":"tag-breakingnews","10":"tag-featured-news","11":"tag-featurednews","12":"tag-headlines","13":"tag-latest-news","14":"tag-latestnews","15":"tag-news","16":"tag-no","17":"tag-norge","18":"tag-norway","19":"tag-nyheter","20":"tag-overskrifter","21":"tag-top-stories","22":"tag-topstories"},"share_on_mastodon":{"url":"https:\/\/pubeurope.com\/@no\/115598088507883104","error":""},"_links":{"self":[{"href":"https:\/\/www.europesays.com\/no\/wp-json\/wp\/v2\/posts\/94327","targetHints":{"allow":["GET"]}}],"collection":[{"href":"https:\/\/www.europesays.com\/no\/wp-json\/wp\/v2\/posts"}],"about":[{"href":"https:\/\/www.europesays.com\/no\/wp-json\/wp\/v2\/types\/post"}],"author":[{"embeddable":true,"href":"https:\/\/www.europesays.com\/no\/wp-json\/wp\/v2\/users\/2"}],"replies":[{"embeddable":true,"href":"https:\/\/www.europesays.com\/no\/wp-json\/wp\/v2\/comments?post=94327"}],"version-history":[{"count":0,"href":"https:\/\/www.europesays.com\/no\/wp-json\/wp\/v2\/posts\/94327\/revisions"}],"wp:featuredmedia":[{"embeddable":true,"href":"https:\/\/www.europesays.com\/no\/wp-json\/wp\/v2\/media\/94328"}],"wp:attachment":[{"href":"https:\/\/www.europesays.com\/no\/wp-json\/wp\/v2\/media?parent=94327"}],"wp:term":[{"taxonomy":"category","embeddable":true,"href":"https:\/\/www.europesays.com\/no\/wp-json\/wp\/v2\/categories?post=94327"},{"taxonomy":"post_tag","embeddable":true,"href":"https:\/\/www.europesays.com\/no\/wp-json\/wp\/v2\/tags?post=94327"}],"curies":[{"name":"wp","href":"https:\/\/api.w.org\/{rel}","templated":true}]}}