{"id":94350,"date":"2025-11-23T09:14:09","date_gmt":"2025-11-23T09:14:09","guid":{"rendered":"https:\/\/www.europesays.com\/no\/94350\/"},"modified":"2025-11-23T09:14:09","modified_gmt":"2025-11-23T09:14:09","slug":"sergej-lavrov-dmitrij-medvedev-britisk-akademiker-sergej-lavrov-er-verdens-flinkeste-diplomat","status":"publish","type":"post","link":"https:\/\/www.europesays.com\/no\/94350\/","title":{"rendered":"Sergej Lavrov, Dmitrij Medvedev | Britisk akademiker: \u2013 Sergej Lavrov er verdens flinkeste diplomat"},"content":{"rendered":"\n<p>SENTRALEN (Nettavisen): I november har det versert rykter om at Russlands utenriksminister, Sergej Lavrov (76), har blitt skj\u00f8vet ut i kulden av president Vladimir Putin.<\/p>\n<p>Den mange\u00e5rige utenriksministeren skal ha glimret med sitt frav\u00e6r i sentralt viktige m\u00f8ter, og representerer heller ikke Moskva p\u00e5 helgens G20-toppm\u00f8te i Johannesburg i S\u00f8r-Afrika.<\/p>\n<p>\u00c5rsaken til at Lavrov er \u00abtilsidesatt\u00bb skal angivelig v\u00e6re at han mislyktes i \u00e5 f\u00e5 p\u00e5 plass et toppm\u00f8te mellom Putin og USAs president Donald Trump i Budapest i Ungarn i h\u00f8st.<\/p>\n<p>Lavrov har sittet som Russlands utenriksminister siden 2004, og er \u00e5penbart en av verdens mest erfarne diplomater.<\/p>\n<p>Derek Averre er tilknyttet University of Birmingham og har forsket p\u00e5 russisk utenrikspolitikk i en mannsalder. Denne uken holdt han et innlegg p\u00e5 Nupis \u00e5rlige Russland-konferanse p\u00e5 Sentralen i Oslo.<\/p>\n<p><b>Les ogs\u00e5: <a class=\"simple-relation related-teaser article--c-eRUmMG article--c-eRUmMG-fZoQSp-design-nettavisen article--c-eRUmMG-gwthdJ-cv\" href=\"https:\/\/www.nettavisen.no\/utrolig-hodelos-tilnarming\/s\/5-95-2740646\" rel=\"nofollow noopener\" target=\"_blank\">\u2013 Utrolig hodel\u00f8s tiln\u00e6rming<\/a><\/b><\/p>\n<p>\u2013 Verdens flinkeste diplomat<\/p>\n<p>Averre har fulgt med p\u00e5 karrieren til Lavrov med argus\u00f8yne. Han tror det vil v\u00e6re sv\u00e6rt uklokt, sett fra Kremls st\u00e5sted, \u00e5 fjerne Lavrov som utenriksminister.<\/p>\n<p>\u2013 Lavrov har helt formidabel erfaring. Hans nettverk, ikke bare i Europa, men rundt om i verden, er uten sidestykke. Lavrov er en fullendt diplomat. Hvis man tar utgangspunkt i realistisk , er han verdens flinkeste, sier Averre til Nettavisen.<\/p>\n<p>Han mener Lavrov kan potensielt spille en viktig og avgj\u00f8rende rolle i n\u00e6r framtid.<\/p>\n<p>\u2013 Dersom det skjer en form for endring i Russland i l\u00f8pet av de neste \u00e5rene, som kanskje blir tvunget fram p\u00e5 grunn av tapene de opplever p\u00e5 slagmarken, d\u00e5rlig \u00f8konomi eller en sterk folkelig oppstand, slik det var p\u00e5 1990-tallet under Gorbatsjov, kan Lavrovs innflytelse og erfaring bli viktig, sier Averre.<\/p>\n<p>Averre mener dessuten det bare er to-tre kandidater som kan potensielt overta etter Lavrov.<\/p>\n<p>\u2013 Sergei Ryabkov (Russlands viseutenriksminister) er veldig god, og det finnes \u00e9n eller to andre som potensielt kan ta over.<\/p>\n<p>   <img decoding=\"async\" width=\"4082\" height=\"2721\" fetchpriority=\"low\"  loading=\"lazy\"  src=\"https:\/\/www.europesays.com\/no\/wp-content\/uploads\/2025\/11\/NTB_LbBqoktEG8U.jpg\" alt=\"Russian Foreign Minister Sergey Lavrov speaks with Pakistani Deputy Prime Minister and Foreign Minister Mohammad Ishaq Dar during their meeting at the Russian Foreign Ministry headquarters in Moscow, Russia, Tuesday, Nov. 18, 2025. (Shamil Zhumatov\/Pool Photo via AP)\" class=\"brick-c-cFOWSL\" style=\"--brick-image-ratio: 4082 \/ 2721;\"\/><\/p>\n<p>      RINGREV: Utenriksminister Sergej Lavrov avbildet i lokalene til russisk UD denne uken.<br \/>\n      Foto: Shamil Zhumatov\n    <\/p>\n<p>\u2013 Men du tror ikke at Putin har skj\u00f8vet ham ut i kulden?<\/p>\n<p>\u2013 Hvem vet. Kanskje han forsvinner. Jeg tror imidlertid de ville i s\u00e5 fall savne erfaringen hans. Putin favoriserer hvem han vil til enhver tid, av ulike grunner, men jeg kan ikke se noen som ville gjort en bedre jobb enn Lavrov, for \u00e5 v\u00e6re helt \u00e6rlig, sier briten.<\/p>\n<p><b>\u2013 Hva skal Putin liksom gj\u00f8re? Bytte ut Lavrov med Dmitrij Medvedev? Han sier jo all slags spr\u00f8 ting for tiden. Skal Putin sette Medvedev til \u00e5 v\u00e6re ansvarlig for utenrikspolitikken? Medvedev \u00f8nsker jo umiddelbart \u00e5 avfyre atomangrep mot land som ikke bare truer Russlands suverenitet, men ogs\u00e5 Belarus\u2019 suverenitet, p\u00e5peker Averre.<\/b><\/p>\n<p>Averre viser til Medvedevs utallige atomtrusler mot Ukraina, Vesten og Nato de siste tre og et halvt \u00e5rene.<\/p>\n<p><b>Les ogs\u00e5: <a class=\"simple-relation related-teaser article--c-eRUmMG article--c-eRUmMG-fZoQSp-design-nettavisen article--c-eRUmMG-gwthdJ-cv\" href=\"https:\/\/www.nettavisen.no\/trump-vil-selge-natos-spydspiss-til-saudi-arabia\/s\/5-95-2733998\" rel=\"nofollow noopener\" target=\"_blank\">Trump vil selge Natos spydspiss til Saudi-Arabia<\/a><\/b><\/p>\n<p>   <img decoding=\"async\" width=\"2040\" height=\"1480\" fetchpriority=\"low\"  loading=\"lazy\"  src=\"https:\/\/www.europesays.com\/no\/wp-content\/uploads\/2025\/11\/NTB_msJjHnHlWXs.jpg\" alt=\"Oslo 20070427:&#10;Russlands utenriksminister, Sergej Lavrov (t.h.) f\u00e5r den tradisjonelle omvisningen av statsminister Jens Stoltenberg p\u00e5 statsministerens kontor fredag formiddag. Lavrov hadde imidlertid god kunnskap om Oslo, og visste godt hvor bl.a. den amerikanske ambassaden ligger. Lavrov bodde i Norge sammen med sin mor p\u00e5 60-tallet. De to sammen, beundrer utsikten over Oslo. Stoltenberg peker.&#10;Foto: Lise \u00c5serud \/ NTB \" class=\"brick-c-cFOWSL\" style=\"--brick-image-ratio: 2040 \/ 1480;\"\/><\/p>\n<p>      GAMLE KJENNINGER: Russlands utenriksminister Sergej Lavrov f\u00e5r omvisning av dav\u00e6rende statsminister Jens Stoltenberg p\u00e5 statsministerens kontor i 2007.<br \/>\n      Foto: Lise \u00c5serud\n    <\/p>\n<p>  Stoltenberg advart av r\u00e5dgivere<\/p>\n<p>Tidligere Natos generalsekret\u00e6r Jens Stoltenberg skriver i sin nye Nato-bok, \u00abP\u00e5 min vakt\u00bb, at han ble sv\u00e6rt overrasket f\u00f8rste gang han m\u00f8tte Lavrov som fersk Nato-sjef p\u00e5 Sikkerhetskonferansen i M\u00fcnchen i 2015.<\/p>\n<p>Stoltenberg hadde riktignok m\u00f8tt Lavrov tidligere i rollen som norsk statsminister, deriblant i 2010 under signeringen av avtalen om delelinjen i Barentshavet.<\/p>\n<p>Men denne gangen var det annerledes.<\/p>\n<p><b>\u00abI m\u00f8tet med Natos nye generalsekret\u00e6r hadde han \u00e5penbart bestemt seg for ikke \u00e5 gi noe ved d\u00f8rene,\u00bb skriver Stoltenberg. <\/b><\/p>\n<p>Stoltenberg skriver videre at han ble advart mot \u00e5 m\u00f8te Lavrov:<\/p>\n<p>\u00abDet var delte meninger blant r\u00e5dgiverne mine om hvor klokt det var. &laquo;Lavrov er en krevende mann. Han blir fort sint og aggressiv&raquo;, sa de. Jeg mente de tok feil og forklarte at jeg hadde hatt mange ryddige samtaler med Lavrov. Som statsminister hadde jeg truffet ham flere ganger, han hadde v\u00e6rt med i den russiske delegasjonen under m\u00f8ter jeg hadde med Putin eller Medvedev. Da var han alltid blid og hyggelig.\u00bb. <\/p>\n<p><b>Les ogs\u00e5: <a class=\"simple-relation related-teaser article--c-eRUmMG article--c-eRUmMG-fZoQSp-design-nettavisen article--c-eRUmMG-gwthdJ-cv\" href=\"https:\/\/www.nettavisen.no\/kjent-forfatter-skriver-nobel-sjef-jagland-var-hjemme-hos-epstein\/s\/5-95-2732408\" rel=\"nofollow noopener\" target=\"_blank\">Kjent forfatter skriver: Nobel-sjef Jagland var hjemme hos Epstein<\/a><\/b><\/p>\n<p>\u2013 Han bl\u00e5ser seg gjerne opp<\/p>\n<p>Lavrov var ikke lenger den blide og hyggelige utenriksministeren. Stoltenberg skriver f\u00f8lgende:<\/p>\n<p>\u00abLavrov s\u00e5 seg tydeligvis tjent med \u00e5 legge seg p\u00e5 en annen linje overfor Natos generalsekret\u00e6r enn n\u00e5r han m\u00f8tte Norges statsminister. R\u00e5dgiverne mine hadde et poeng da de pr\u00f8vde \u00e5 advare meg. Men hvis Lavrov \u00f8nsket \u00e5 opptre slik, fikk vi bare h\u00e5ndtere det. Fiendebildet av Nato fra den kalde krigens tid levde fortsatt. Etter det f\u00f8rste m\u00f8tet i M\u00fcnchen ringte jeg Thorvald. Han kjente Lavrov godt. &laquo;Han bl\u00e5ser seg gjerne opp, ja&raquo;, sa Thorvald og mente jeg skulle ta det med knusende ro.\u00bb<\/p>\n<p>Den n\u00e5 avd\u00f8de Thorvald Stoltenberg, som hadde bred utenrikspolitisk erfaring som Norges tidligere utenriksminister og ikke minst fredsmekler, var en viktig r\u00e5dgivende stemme for s\u00f8nnen Jens.<\/p>\n<p>   <img decoding=\"async\" width=\"4141\" height=\"2761\" fetchpriority=\"low\"  loading=\"lazy\"  src=\"https:\/\/www.europesays.com\/no\/wp-content\/uploads\/2025\/11\/NTB_6QsuIf-WzzA.jpg\" alt=\"Russian Security Council Deputy Chairman and the head of the United Russia party Dmitry Medvedev attends a meeting of the standing committee of the movement \" forum=\"\" of=\"\" supporters=\"\" the=\"\" struggle=\"\" against=\"\" modern=\"\" practices=\"\" neocolonialism=\"\" for=\"\" freedom=\"\" nations=\"\" at=\"\" sirius=\"\" federal=\"\" territory=\"\" krasnodar=\"\" region=\"\" russia=\"\" friday=\"\" nov.=\"\" shtukina=\"\" sputnik=\"\" pool=\"\" photo=\"\" via=\"\" ap=\"\" class=\"brick-c-cFOWSL\" style=\"--brick-image-ratio: 4141 \/ 2761;\"\/><\/p>\n<p>      KRIGSHAUK: Dmitrij Medvedev (avbildet denne m\u00e5neden) har de siste \u00e5rene opptr\u00e5dt sv\u00e6rt b\u00f8llete med jevnlige atomtrusler mot Vesten. Enkelte tror kanskje den tidligere russiske presidenten er alkoholisert.<br \/>\n      Foto: Ekaterina Shtukina\n    <\/p>\n<p>  Enda mer \u00abhaukaktig enn Kreml\u00bb<\/p>\n<p>Averre beskriver Lavrov som enda mer \u00abhaukaktig enn Kreml\u00bb. Nettavisen sp\u00f8r Averre om Lavrov har blitt enda mer \u00abhaukaktig\u00bb etter storinvasjonen av Ukraina i februar 2022.<\/p>\n<p>\u2013 Jeg er litt nerd, sier han og legger til at han har studerte Lavrovs skriftlige, offisielle uttalelser i mer enn 20 \u00e5r.<\/p>\n<p><b>\u2013 Det er ikke fullt s\u00e5 ille som Dmitrij Medvedev, som sier noen veldig rare ting. Noen folk mener det er fordi Medvedev drikker for mye vodka. Jeg vet ikke. Det er rykter, sier han.<\/b><\/p>\n<p>Medvedev var Russlands tredje president fra 2008 til 2012, mens Vladimir Putin var statsminister. Medvedev satt deretter som landets statsminister fram til 2020, da han ble utnevnt som nestleder i Det russiske sikkerhetsr\u00e5det.<\/p>\n<p>Medvedev er kjent for \u00e5 komme med regelmessige trusler og b\u00f8llete kommentarer m\u00e5lrettet mot Vesten, Ukraina og Nato.<\/p>\n<p><b>Les ogs\u00e5: <a class=\"simple-relation related-teaser article--c-eRUmMG article--c-eRUmMG-fZoQSp-design-nettavisen article--c-eRUmMG-gwthdJ-cv\" href=\"https:\/\/www.nettavisen.no\/norge-ekskludert-fra-viktig-eu-nato-klikk\/s\/5-95-2719904\" rel=\"nofollow noopener\" target=\"_blank\">Norge ekskludert fra viktig EU-Nato-klikk<\/a><\/b><\/p>\n<p>   <img decoding=\"async\" width=\"3858\" height=\"2572\" fetchpriority=\"low\"  loading=\"lazy\"  src=\"https:\/\/www.europesays.com\/no\/wp-content\/uploads\/2025\/11\/NTB_oxKfYz18i-0.jpg\" alt=\"Spokeswoman of Russia's Foreign Ministry Maria Zakharova attends a joint news conference of Russian Foreign Minister Sergei Lavrov and Ethiopian Foreign Minister Gedion Timothewos following their following their talks at Zinaida Morozova's Mansion in Moscow, Russia, Tuesday, Oct. 21, 2025. (Shamil Zhumatov\/Pool Photo via AP)\" class=\"brick-c-cFOWSL\" style=\"--brick-image-ratio: 3858 \/ 2572;\"\/><\/p>\n<p>      RUSSLANDS TALER\u00d8R: Russisk UDs talsperson Maria Zakharova avbildet p\u00e5 en pressekonferanse i oktober 2025.<br \/>\n      Foto: Shamil Zhumatov\n    <\/p>\n<p>  \u2013 Ikke like ille som Medvedev<\/p>\n<p>Averre sier Lavrov ikke er i n\u00e6rheten av \u00e5 ha like truende framtoning som Medvedev.<\/p>\n<p>\u2013 Jeg synes ikke Lavrov sier s\u00e5 mye mer ekstremt n\u00e5 enn det han gjorde i perioden etter Syria-intervensjonen, sier den britiske Russland-akademikeren.<\/p>\n<p>\u2013 Jeg merket et tydelig skifte etter det, etter at Russland begynte \u00e5 bombe den syriske opposisjonen for \u00e5 st\u00f8tte Assad i 2015. Jeg synes ikke han sier noe n\u00e5 som er mye mer ekstremt, bortsett fra kanskje det sivilisatoriske aspektet, at han snakker om Ukraina som fascistisk og trekker inn all slags konstruert informasjon for \u00e5 st\u00f8tte opp under det, sier Averre.<\/p>\n<p><b>\u2013 Men hvis du synes Lavrov er ille, burde du lese uttalelsene til presser\u00e5dgiveren hans, Maria Zakharova. Jesus. Hun er en rottweiler, sier han. <\/b><\/p>\n<p>Zakharova har v\u00e6rt russisk UDs talsperson i en \u00e5rrekke, og har blitt omtalt som \u00e9n av Putin-regimets mest kyniske og kraftfulle propagandister.<\/p>\n<p>\u2013 Hun forsterker egentlig bare Lavrovs budskap, som er ment for en russisk opinion, men ogs\u00e5 for \u00e5 pr\u00f8ve \u00e5 overbevise venstreorienterte europeere som fortsatt har et slags nostalgisk forhold til russisk sosialisme, sier Averre.<\/p>\n<p>\u2013 Utover det er ikke det han sier n\u00e5 s\u00e6rlig annerledes enn for ti \u00e5r siden, sier briten.<\/p>\n<p>Senest p\u00e5 FNs h\u00f8yniv\u00e5uke i New York i september, tordnet Lavrov fra talerstolen og <a rel=\"Follow nofollow noopener\" href=\"https:\/\/mid.ru\/en\/foreign_policy\/news\/2049686\/\" target=\"_blank\">anklaget flere politiske skikkelser i Brussel, EU og Nato<\/a> for \u00e5 omtale en tredje verdenskrig som et sannsynlig scenario.<\/p>\n","protected":false},"excerpt":{"rendered":"SENTRALEN (Nettavisen): I november har det versert rykter om at Russlands utenriksminister, Sergej Lavrov (76), har blitt skj\u00f8vet&hellip;\n","protected":false},"author":2,"featured_media":94351,"comment_status":"","ping_status":"","sticky":false,"template":"","format":"standard","meta":{"footnotes":""},"categories":[12],"tags":[20,21,24,25,15,22,23,13,30,28,29,14,16,26,27,42,43,44,45],"class_list":{"0":"post-94350","1":"post","2":"type-post","3":"status-publish","4":"format-standard","5":"has-post-thumbnail","7":"category-verden","8":"tag-breaking-news","9":"tag-breakingnews","10":"tag-featured-news","11":"tag-featurednews","12":"tag-headlines","13":"tag-latest-news","14":"tag-latestnews","15":"tag-news","16":"tag-no","17":"tag-norge","18":"tag-norway","19":"tag-nyheter","20":"tag-overskrifter","21":"tag-top-stories","22":"tag-topstories","23":"tag-verden","24":"tag-world","25":"tag-world-news","26":"tag-worldnews"},"share_on_mastodon":{"url":"https:\/\/pubeurope.com\/@no\/115598253811961582","error":""},"_links":{"self":[{"href":"https:\/\/www.europesays.com\/no\/wp-json\/wp\/v2\/posts\/94350","targetHints":{"allow":["GET"]}}],"collection":[{"href":"https:\/\/www.europesays.com\/no\/wp-json\/wp\/v2\/posts"}],"about":[{"href":"https:\/\/www.europesays.com\/no\/wp-json\/wp\/v2\/types\/post"}],"author":[{"embeddable":true,"href":"https:\/\/www.europesays.com\/no\/wp-json\/wp\/v2\/users\/2"}],"replies":[{"embeddable":true,"href":"https:\/\/www.europesays.com\/no\/wp-json\/wp\/v2\/comments?post=94350"}],"version-history":[{"count":0,"href":"https:\/\/www.europesays.com\/no\/wp-json\/wp\/v2\/posts\/94350\/revisions"}],"wp:featuredmedia":[{"embeddable":true,"href":"https:\/\/www.europesays.com\/no\/wp-json\/wp\/v2\/media\/94351"}],"wp:attachment":[{"href":"https:\/\/www.europesays.com\/no\/wp-json\/wp\/v2\/media?parent=94350"}],"wp:term":[{"taxonomy":"category","embeddable":true,"href":"https:\/\/www.europesays.com\/no\/wp-json\/wp\/v2\/categories?post=94350"},{"taxonomy":"post_tag","embeddable":true,"href":"https:\/\/www.europesays.com\/no\/wp-json\/wp\/v2\/tags?post=94350"}],"curies":[{"name":"wp","href":"https:\/\/api.w.org\/{rel}","templated":true}]}}