{"id":94360,"date":"2025-11-23T09:22:08","date_gmt":"2025-11-23T09:22:08","guid":{"rendered":"https:\/\/www.europesays.com\/no\/94360\/"},"modified":"2025-11-23T09:22:08","modified_gmt":"2025-11-23T09:22:08","slug":"oro-jaska-skaperne-fikk-emmy-sjokk-pa-norby-senteret","status":"publish","type":"post","link":"https:\/\/www.europesays.com\/no\/94360\/","title":{"rendered":"Oro Jaska-skaperne fikk Emmy-sjokk p\u00e5 Norby-senteret"},"content":{"rendered":"\n<ul class=\"_list_o9xde_3 _list_64s2r_85 _unordered_o9xde_106 text-sans-m\">\n<li class=\"_item_o9xde_30\">NRK-serien \u00abOro jaska \u2013 Hold kjeft\u00bb er nominert til en Emmy i kategorien \u00abKids: Live-Action\u00bb.<\/li>\n<li class=\"_item_o9xde_30\">Silje Burgin-Borch fikk vite om nominasjonen alene p\u00e5 et kj\u00f8pesenter i Sverige.<\/li>\n<li class=\"_item_o9xde_30\">En delegasjon p\u00e5 18 personer reiser til New York for prisutdelingen.<\/li>\n<li class=\"_item_o9xde_30\">Serien tar opp tunge temaer som overgrep og taushetskultur i det samiske milj\u00f8et.<\/li>\n<\/ul>\n<p>Vis mer <\/p>\n<p class=\"_paragraph_o9xde_4 _paragraph_xtcu6_10 layout-component text-serif-m layout-normal text-serif-m layout-padded\">24. november kjemper den norsk-samiske <a href=\"https:\/\/www.vg.no\/tag\/nrk?utm_source=vg-article&amp;utm_medium=auto-tagger&amp;utm_campaign=2pnd0B\" class=\"_link_o9xde_39\" rel=\"nofollow noopener\" target=\"_blank\">NRK<\/a>-serien \u00abOro jaska \u2013 Hold kjeft\u00bb om seier i kategorien \u00abKids: Live-Action\u00bb under International Emmy AwardsInternational Emmy AwardsEn internasjonal prisutdeling som hedrer fremragende TV-programmer produsert og sendt utenfor USA. i New York. <\/p>\n<p class=\"_paragraph_o9xde_4 _paragraph_xtcu6_10 layout-component text-serif-m layout-normal text-serif-m layout-padded\">\u2013 Jeg satt alene p\u00e5 en benk p\u00e5 Norby-senteret i Sverige, s\u00e5 det var ganske langt unna Emmy-glamour kan du si, forteller serieskaper Silje Burgin-Borch om \u00f8yeblikket hun oppdaget nominasjonen.<\/p>\n<p><img alt=\"Silje Burgin-Borch.   Foto: Marius Fiskum\" class=\"_image_qp4xg_65 layout-component layout-normal\" data-fullscreen- data-track-element-type=\"Article image fullscreen\" data-track-name=\"ImageFullscreen\" decoding=\"async\" loading=\"lazy\" height=\"3741\" itemprop=\"image\"  src=\"https:\/\/www.europesays.com\/no\/wp-content\/uploads\/2025\/11\/e3671e46-096e-46e0-894f-03cba40376b1\"  style=\"object-position:0% 0%\" width=\"5612\"\/>Silje Burgin-Borch.   Foto: Marius Fiskum<\/p>\n<p class=\"_paragraph_o9xde_4 _paragraph_xtcu6_10 layout-component text-serif-m layout-normal text-serif-m layout-padded\">Hun skriver i en e-post til VG at hun hadde f\u00e5tt et nyhetsbrev fra Emmy og var sikker p\u00e5 at det betydde at de ikke hadde blitt nominert.<\/p>\n<p class=\"_paragraph_o9xde_4 _paragraph_xtcu6_10 layout-component text-serif-m layout-normal text-serif-m layout-padded\">\u2013 Jeg fikk helt sjokk da jeg s\u00e5 at vi sto oppf\u00f8rt. Jeg ble sittende og bare stirre p\u00e5 mailen, sier hun.<\/p>\n<p class=\"_paragraph_o9xde_4 _paragraph_xtcu6_10 layout-component text-serif-m layout-normal text-serif-m layout-padded\">Mens andre kanskje hadde feiret med champagne, var \u00abOro jaska\u00bb-gjengens markering av det historiske \u00f8yeblikket ganske nedp\u00e5. <\/p>\n<p class=\"_paragraph_o9xde_4 _paragraph_xtcu6_10 layout-component text-serif-m layout-normal text-serif-m layout-padded\">\u2013 Jeg reiste nordp\u00e5 og hjalp pappa med \u00e5 plukke poteter, skriver hovedrolleinnehaver K\u00e1tj\u00e1 R\u00e1vdn\u00e1 Broch Einebakken i en e-post. <\/p>\n<p><img alt=\"K\u00e1tj\u00e1 R\u00e1vdn\u00e1 Broch Einebakken i rollen som Elli Anne i \u00abOro jaska \u2013 Hold kjeft\u00bb.   Foto: Alfredfilm\" class=\"_image_qp4xg_65 layout-component layout-normal\" data-fullscreen- data-track-element-type=\"Article image fullscreen\" data-track-name=\"ImageFullscreen\" decoding=\"async\" loading=\"lazy\" height=\"1338\" itemprop=\"image\"  src=\"https:\/\/www.europesays.com\/no\/wp-content\/uploads\/2025\/11\/42a87eeb-d2b0-41c9-8bcf-958289ba0405\"  style=\"object-position:0% 0%\" width=\"2000\"\/>K\u00e1tj\u00e1 R\u00e1vdn\u00e1 Broch Einebakken i rollen som Elli Anne i \u00abOro jaska \u2013 Hold kjeft\u00bb.   Foto: Alfredfilm<\/p>\n<p class=\"_paragraph_o9xde_4 _paragraph_xtcu6_10 layout-component text-serif-m layout-normal text-serif-m layout-padded\">Silje p\u00e5 sin side feiret med en sjokoladeplate fra Maximat, mens medskaper og skuespiller Vegard Bj\u00f8rsmo var midt i en teaterforestilling da nyheten kom.<\/p>\n<p class=\"_paragraph_o9xde_4 _paragraph_xtcu6_10 layout-component text-serif-m layout-normal text-serif-m layout-padded\">\u2013 Jeg fikk vite det via Emmy sin Instagram-story. Det f\u00f8ltes ikke helt ekte, og ganske absurd, s\u00e5 jeg sendte kjapt noen meldinger rundt for \u00e5 h\u00f8re om dette var sant, f\u00f8r jeg spilte videre, skriver Bj\u00f8rsmo i en e-post. <\/p>\n<p><img alt=\"Vegard Bj\u00f8rsmo i rollen som Iss\u00e1t i \u00abOro jaska \u2013 Hold kjeft\u00bb.   Foto: Alfredfilm\" class=\"_image_qp4xg_65 layout-component layout-normal\" data-fullscreen- data-track-element-type=\"Article image fullscreen\" data-track-name=\"ImageFullscreen\" decoding=\"async\" loading=\"lazy\" height=\"1672\" itemprop=\"image\"  src=\"https:\/\/www.europesays.com\/no\/wp-content\/uploads\/2025\/11\/5ae60f11-50e2-4cec-ae9b-f8f62418c30f\"  style=\"object-position:0% 0%\" width=\"2500\"\/>Vegard Bj\u00f8rsmo i rollen som Iss\u00e1t i \u00abOro jaska \u2013 Hold kjeft\u00bb.   Foto: Alfredfilm\u2013 Bryr meg ikke!<\/p>\n<p class=\"_paragraph_o9xde_4 _paragraph_xtcu6_10 layout-component text-serif-m layout-normal text-serif-m layout-padded\">N\u00e5 reiser en delegasjon p\u00e5 18 personer til Emmy-utdelingen i The Big Apple.<\/p>\n<p class=\"_paragraph_o9xde_4 _paragraph_xtcu6_10 layout-component text-serif-m layout-normal text-serif-m layout-padded\">\u2013 Det blir f\u00f8rste gangen en samisk delegasjon er med p\u00e5 Emmy-utdelingen, s\u00e5 det er i seg selv historisk, melder Silje. <\/p>\n<p class=\"_paragraph_o9xde_4 _paragraph_xtcu6_10 layout-component text-serif-m layout-normal text-serif-m layout-padded\">\u00abOro jaska \u2013 Hold kjeft\u00bb kniver mot \u00abFallen\u00bb fra Storbritannia, \u00abLuz\u00bb fra Brasil og \u00abPrefects\u00bb fra Kenya om den gjeve prisen. <\/p>\n<p class=\"_paragraph_o9xde_4 _paragraph_xtcu6_10 layout-component text-serif-m layout-normal text-serif-m layout-padded\">\u2013 Hva tenker dere om vinnersjansene?<\/p>\n<p class=\"_paragraph_o9xde_4 _paragraph_xtcu6_10 layout-component text-serif-m layout-normal text-serif-m layout-padded\">\u2013 Helt \u00e6rlig s\u00e5 bryr jeg meg ikke! Jeg f\u00f8ler vi allerede har vunnet. Jeg kan for alltid si at jeg har blitt Emmy-nominert! sier en storforn\u00f8yd R\u00e1vdn\u00e1 Broch Einebakken. <\/p>\n<p><img alt=\"\u00abOro jaska \u2013 Hold kjeft\u00bb.   Foto: Alfredfilm\" class=\"_image_qp4xg_65 layout-component layout-normal\" data-fullscreen- data-track-element-type=\"Article image fullscreen\" data-track-name=\"ImageFullscreen\" decoding=\"async\" loading=\"lazy\" height=\"2425\" itemprop=\"image\"  src=\"https:\/\/www.europesays.com\/no\/wp-content\/uploads\/2025\/11\/b651efd2-350e-4d62-8f98-ffc2e5b19c15\"  style=\"object-position:0% 0%\" width=\"3626\"\/>\u00abOro jaska \u2013 Hold kjeft\u00bb.   Foto: Alfredfilm<\/p>\n<p class=\"_paragraph_o9xde_4 _paragraph_xtcu6_10 layout-component text-serif-m layout-normal text-serif-m layout-padded\">De to serieskaperne er enige. <\/p>\n<p class=\"_paragraph_o9xde_4 _paragraph_xtcu6_10 layout-component text-serif-m layout-normal text-serif-m layout-padded\">\u2013 Og det \u00e5 f\u00e5 lov \u00e5 v\u00e6re med p\u00e5 noe slikt kommer til \u00e5 bli en opplevelse for livet, sier Burgin-Borch.<\/p>\n<p class=\"_paragraph_o9xde_4 _paragraph_xtcu6_10 layout-component text-serif-m layout-normal text-serif-m layout-padded\">\u2013 At man som same f\u00e5r se og h\u00f8re sitt eget spr\u00e5k p\u00e5 TV, samtidig som en slik nominasjon gj\u00f8r at man har mulighet til \u00e5 sette lys p\u00e5 vanskelige temaer i sitt eget samfunn, er stort, sier Bj\u00f8rsmo.<\/p>\n<p> \u2013 Mildt vettskremt<\/p>\n<p class=\"_paragraph_o9xde_4 _paragraph_xtcu6_10 layout-component text-serif-m layout-normal text-serif-m layout-padded\">Det er sistnevnte som har f\u00e5tt det \u00e6refulle oppdraget med \u00e5 holde vinnertalen dersom det g\u00e5r veien. <\/p>\n<p class=\"_paragraph_o9xde_4 _paragraph_xtcu6_10 layout-component text-serif-m layout-normal text-serif-m layout-padded\">\u2013 Om vi faktisk vinner ville jeg v\u00e6rt utrolig stolt og i ekstase, men ogs\u00e5 nerv\u00f8s og mildt vettskremt, melder han.<\/p>\n<p><img alt=\"Hele ungdomsgjengen i \u00abOro jaska \u2013 Hold kjeft\u00bb.   Foto: Alfredfilm\" class=\"_image_qp4xg_65 layout-component layout-normal\" data-fullscreen- data-track-element-type=\"Article image fullscreen\" data-track-name=\"ImageFullscreen\" decoding=\"async\" loading=\"lazy\" height=\"2425\" itemprop=\"image\"  src=\"https:\/\/www.europesays.com\/no\/wp-content\/uploads\/2025\/11\/081f84cc-cf6b-4013-ad15-48da040dcddc\"  style=\"object-position:0% 0%\" width=\"3626\"\/>Hele ungdomsgjengen i \u00abOro jaska \u2013 Hold kjeft\u00bb.   Foto: Alfredfilm<\/p>\n<p class=\"_paragraph_o9xde_4 _paragraph_xtcu6_10 layout-component text-serif-m layout-normal text-serif-m layout-padded\">\u00abOro jaska \u2013 Hold kjeft\u00bb f\u00f8lger ungdommer i Karasjok som m\u00e5 navigere tunge, tabubelagte temaer som overgrep, taushetskultur og skeiv kj\u00e6rlighet.<\/p>\n<p class=\"_paragraph_o9xde_4 _paragraph_xtcu6_10 layout-component text-serif-m layout-normal text-serif-m layout-padded\">\u2013 Det var grunnen til at jeg ville jobbe med \u00abOro Jaska\u00bb. Hvis man ikke tar opp slike \u00abubehagelige\u00bb samfunnsproblemer, s\u00e5 gir man de fritt spillerom til \u00e5 fortsette, mener R\u00e1vdn\u00e1 Broch Einebakken. <\/p>\n<p><img alt=\"\u00abOro jaska \u2013 Hold kjeft\u00bb.   Foto: Alfredfilm\" class=\"_image_qp4xg_65 layout-component layout-normal\" data-fullscreen- data-track-element-type=\"Article image fullscreen\" data-track-name=\"ImageFullscreen\" decoding=\"async\" loading=\"lazy\" height=\"2425\" itemprop=\"image\"  src=\"https:\/\/www.europesays.com\/no\/wp-content\/uploads\/2025\/11\/0afe03fd-37d9-41e8-918f-87715fd85d78\"  style=\"object-position:0% 0%\" width=\"3626\"\/>\u00abOro jaska \u2013 Hold kjeft\u00bb.   Foto: AlfredfilmAnonyme intervjuer<\/p>\n<p class=\"_paragraph_o9xde_4 _paragraph_xtcu6_10 layout-component text-serif-m layout-normal text-serif-m layout-padded\">Serien er basert p\u00e5 \u00e5tte anonymiserte dybdeintervjuer med kvinner som har v\u00e6rt utsatt for overgrep. Ogs\u00e5 hovedrolleinnehaver R\u00e1vdn\u00e1 Broch Einebakken har bidratt med sine erfaringer med overgrep i rollen som dramaturgdramaturgEn person som arbeider med strukturen og utviklingen av en teater- eller filmproduksjon, ofte med fokus p\u00e5 manus og fortelling. p\u00e5 serien. <\/p>\n<p class=\"_paragraph_o9xde_4 _paragraph_xtcu6_10 layout-component text-serif-m layout-normal text-serif-m layout-padded\">\u2013 Jeg h\u00e5per \u00abOro Jaska\u00bb kan gi en f\u00f8lelse av anerkjennelse og det \u00e5 bli sett, til dem som har opplevd voldtekt, sier skuespilleren. <\/p>\n<p><img alt=\"Vegard Bj\u00f8rsmo og Silje Burgin-Borch under Rockie Awards i Canada.   Foto: Alfredfilm\" class=\"_image_qp4xg_65 layout-component layout-normal\" data-fullscreen- data-track-element-type=\"Article image fullscreen\" data-track-name=\"ImageFullscreen\" decoding=\"async\" loading=\"lazy\" height=\"4720\" itemprop=\"image\"  src=\"https:\/\/www.europesays.com\/no\/wp-content\/uploads\/2025\/11\/e7dfe22e-1c33-4f82-aded-1dd9d799966f\"  style=\"object-position:0% 0%\" width=\"4274\"\/>Vegard Bj\u00f8rsmo og Silje Burgin-Borch under Rockie Awards i Canada.   Foto: Alfredfilm\u2013 Ble starstruck<\/p>\n<p class=\"_paragraph_o9xde_4 _paragraph_xtcu6_10 layout-component text-serif-m layout-normal text-serif-m layout-padded\">I tillegg til Emmy har \u00abOro jaska \u2013 Hold kjeft\u00bb ogs\u00e5 v\u00e6rt nominert til pris under Rockie Awards i Canada og Prix Europa i Tyskland. Der ble det heder og \u00e6re, men ingen statuett. <\/p>\n<p class=\"_paragraph_o9xde_4 _paragraph_xtcu6_10 layout-component text-serif-m layout-normal text-serif-m layout-padded\">Serieskaper Burgin-Borch skriver at hun har merket at folk har h\u00f8rt om serien n\u00e5r hun har v\u00e6rt p\u00e5 markeder og festivaler utenfor Norge. <\/p>\n<p class=\"_paragraph_o9xde_4 _paragraph_xtcu6_10 layout-component text-serif-m layout-normal text-serif-m layout-padded\">\u2013 P\u00e5 en festival i Tyskland kom det bort noen finske TV-folk som ble starstruck over \u00e5 m\u00f8te \u00abOro Jaska\u00bb-skaperen og ville ta bilder med meg. Det var b\u00e5de fryktelig g\u00f8y og litt spr\u00f8tt.<\/p>\n<p class=\"_paragraph_o9xde_4 _paragraph_xtcu6_10 layout-component text-serif-m layout-normal text-serif-m layout-padded\"><strong class=\"_strong_o9xde_25\">Se flere saker fra film- og serieverdenen:<\/strong><\/p>\n","protected":false},"excerpt":{"rendered":"NRK-serien \u00abOro jaska \u2013 Hold kjeft\u00bb er nominert til en Emmy i kategorien \u00abKids: Live-Action\u00bb. Silje Burgin-Borch fikk&hellip;\n","protected":false},"author":2,"featured_media":94361,"comment_status":"","ping_status":"","sticky":false,"template":"","format":"standard","meta":{"footnotes":""},"categories":[10],"tags":[20,21,4769,4770,24,25,12234,15,22,23,13,30,28,29,787,14,16,3948,26,27,376,46],"class_list":{"0":"post-94360","1":"post","2":"type-post","3":"status-publish","4":"format-standard","5":"has-post-thumbnail","7":"category-norge","8":"tag-breaking-news","9":"tag-breakingnews","10":"tag-emmy-awards","11":"tag-emmy-utdelingen","12":"tag-featured-news","13":"tag-featurednews","14":"tag-filmpriser","15":"tag-headlines","16":"tag-latest-news","17":"tag-latestnews","18":"tag-news","19":"tag-no","20":"tag-norge","21":"tag-norway","22":"tag-nrk","23":"tag-nyheter","24":"tag-overskrifter","25":"tag-samisk-kultur","26":"tag-top-stories","27":"tag-topstories","28":"tag-tv-serier","29":"tag-vgai"},"share_on_mastodon":{"url":"https:\/\/pubeurope.com\/@no\/115598285076353487","error":""},"_links":{"self":[{"href":"https:\/\/www.europesays.com\/no\/wp-json\/wp\/v2\/posts\/94360","targetHints":{"allow":["GET"]}}],"collection":[{"href":"https:\/\/www.europesays.com\/no\/wp-json\/wp\/v2\/posts"}],"about":[{"href":"https:\/\/www.europesays.com\/no\/wp-json\/wp\/v2\/types\/post"}],"author":[{"embeddable":true,"href":"https:\/\/www.europesays.com\/no\/wp-json\/wp\/v2\/users\/2"}],"replies":[{"embeddable":true,"href":"https:\/\/www.europesays.com\/no\/wp-json\/wp\/v2\/comments?post=94360"}],"version-history":[{"count":0,"href":"https:\/\/www.europesays.com\/no\/wp-json\/wp\/v2\/posts\/94360\/revisions"}],"wp:featuredmedia":[{"embeddable":true,"href":"https:\/\/www.europesays.com\/no\/wp-json\/wp\/v2\/media\/94361"}],"wp:attachment":[{"href":"https:\/\/www.europesays.com\/no\/wp-json\/wp\/v2\/media?parent=94360"}],"wp:term":[{"taxonomy":"category","embeddable":true,"href":"https:\/\/www.europesays.com\/no\/wp-json\/wp\/v2\/categories?post=94360"},{"taxonomy":"post_tag","embeddable":true,"href":"https:\/\/www.europesays.com\/no\/wp-json\/wp\/v2\/tags?post=94360"}],"curies":[{"name":"wp","href":"https:\/\/api.w.org\/{rel}","templated":true}]}}