{"id":94371,"date":"2025-11-23T09:57:08","date_gmt":"2025-11-23T09:57:08","guid":{"rendered":"https:\/\/www.europesays.com\/no\/94371\/"},"modified":"2025-11-23T09:57:08","modified_gmt":"2025-11-23T09:57:08","slug":"tromso-vannlekkasje-vannlekkasje-i-tromso-3000-uten-vann","status":"publish","type":"post","link":"https:\/\/www.europesays.com\/no\/94371\/","title":{"rendered":"Troms\u00f8, Vannlekkasje | Vannlekkasje i Troms\u00f8 \u2013 3000 uten vann"},"content":{"rendered":"\n<p>Det har oppst\u00e5tt en vannlekkasje p\u00e5 en hovedvannledning p\u00e5 fastlandssiden av Troms\u00f8. Lekkasjen er i n\u00e6rheten av Reinen skole. <\/p>\n<p>\u2013 Lekkasjen er p\u00e5 hovedvannledningen. Denne m\u00e5 stenges av for \u00e5 finne lekkasjen, sier Kjell Christian R\u00f8shol., koordinator for vann og avl\u00f8p i Troms\u00f8 kommune.<\/p>\n<p>R\u00f8shold ansl\u00e5r at rundt 3000 beboere s\u00f8r for Reinen skole er uten vann. <\/p>\n","protected":false},"excerpt":{"rendered":"Det har oppst\u00e5tt en vannlekkasje p\u00e5 en hovedvannledning p\u00e5 fastlandssiden av Troms\u00f8. Lekkasjen er i n\u00e6rheten av Reinen&hellip;\n","protected":false},"author":2,"featured_media":2176,"comment_status":"","ping_status":"","sticky":false,"template":"","format":"standard","meta":{"footnotes":""},"categories":[10],"tags":[36,20,21,24,25,15,22,23,13,30,28,29,14,16,1510,26,27,263,1917,10480],"class_list":{"0":"post-94371","1":"post","2":"type-post","3":"status-publish","4":"format-standard","5":"has-post-thumbnail","7":"category-norge","8":"tag-art","9":"tag-breaking-news","10":"tag-breakingnews","11":"tag-featured-news","12":"tag-featurednews","13":"tag-headlines","14":"tag-latest-news","15":"tag-latestnews","16":"tag-news","17":"tag-no","18":"tag-norge","19":"tag-norway","20":"tag-nyheter","21":"tag-overskrifter","22":"tag-story","23":"tag-top-stories","24":"tag-topstories","25":"tag-tromso","26":"tag-vann","27":"tag-vannlekkasje"},"share_on_mastodon":{"url":"https:\/\/pubeurope.com\/@no\/115598422362665204","error":""},"_links":{"self":[{"href":"https:\/\/www.europesays.com\/no\/wp-json\/wp\/v2\/posts\/94371","targetHints":{"allow":["GET"]}}],"collection":[{"href":"https:\/\/www.europesays.com\/no\/wp-json\/wp\/v2\/posts"}],"about":[{"href":"https:\/\/www.europesays.com\/no\/wp-json\/wp\/v2\/types\/post"}],"author":[{"embeddable":true,"href":"https:\/\/www.europesays.com\/no\/wp-json\/wp\/v2\/users\/2"}],"replies":[{"embeddable":true,"href":"https:\/\/www.europesays.com\/no\/wp-json\/wp\/v2\/comments?post=94371"}],"version-history":[{"count":0,"href":"https:\/\/www.europesays.com\/no\/wp-json\/wp\/v2\/posts\/94371\/revisions"}],"wp:featuredmedia":[{"embeddable":true,"href":"https:\/\/www.europesays.com\/no\/wp-json\/wp\/v2\/media\/2176"}],"wp:attachment":[{"href":"https:\/\/www.europesays.com\/no\/wp-json\/wp\/v2\/media?parent=94371"}],"wp:term":[{"taxonomy":"category","embeddable":true,"href":"https:\/\/www.europesays.com\/no\/wp-json\/wp\/v2\/categories?post=94371"},{"taxonomy":"post_tag","embeddable":true,"href":"https:\/\/www.europesays.com\/no\/wp-json\/wp\/v2\/tags?post=94371"}],"curies":[{"name":"wp","href":"https:\/\/api.w.org\/{rel}","templated":true}]}}