{"id":94374,"date":"2025-11-23T10:04:22","date_gmt":"2025-11-23T10:04:22","guid":{"rendered":"https:\/\/www.europesays.com\/no\/94374\/"},"modified":"2025-11-23T10:04:22","modified_gmt":"2025-11-23T10:04:22","slug":"gaza-israel-minst-24-drept-i-israelske-angrep-i-gaza-israel-sier-fem-hamas-medlemmer-er-drept","status":"publish","type":"post","link":"https:\/\/www.europesays.com\/no\/94374\/","title":{"rendered":"Gaza, Israel | Minst 24 drept i israelske angrep i Gaza \u2013 Israel sier fem Hamas-medlemmer er drept"},"content":{"rendered":"\n<p>Angrepene fant sted til tross for v\u00e5penhvilen som tr\u00e5dte i kraft 10. oktober. If\u00f8lge helsemyndighetene i Gaza er 24 mennesker drept, og ytterligere 54 er s\u00e5ret.<\/p>\n<p>Uttalelsen om at det Israel kaller fem h\u00f8ytst\u00e5ende Hamas-terrorister er drept, kommer fra landets statsministerkontor.<\/p>\n<p>\u2013 I dag br\u00f8t Hamas v\u00e5penhvilen igjen ved \u00e5 sende en terrorist inn i Israel-kontrollert territorium for \u00e5 angripe soldater. Som svar eliminerte Israel fem h\u00f8ytst\u00e5ende Hamas-terrorister, heter det i uttalelsen.<\/p>\n<p><b>Les ogs\u00e5: <\/b><a class=\"simple-relation related-teaser article--c-eRUmMG article--c-eRUmMG-fZoQSp-design-nettavisen article--c-eRUmMG-gwthdJ-cv\" href=\"https:\/\/www.nettavisen.no\/ekspert-om-trumps-fredsplan-lukter-gutteklubb-fra-washington-og-moskva\/s\/5-95-2742092\" rel=\"nofollow noopener\" target=\"_blank\">Ekspert om Trumps fredsplan: \u2013 Lukter \u00abgutteklubb\u00bb fra Washington og Moskva<\/a><\/p>\n<p>Flere angrep<\/p>\n<p>Vitner og helsearbeidere sier at det f\u00f8rste israelske angrepet traff en bil i det tett befolkede Rimal-omr\u00e5det, og at bilen begynte \u00e5 brenne.<\/p>\n<p>Leder ved Shifa-sykehuset, Rami Mhanna, sier if\u00f8lge nyhetsbyr\u00e5et AP at elleve mennesker ble drept i dette angrepet. Over 20 ble s\u00e5ret.<\/p>\n<p>Avisa Times of Israel skriver at det var Hamas-toppen Alaa Hadidi som var m\u00e5l for angrepet, men dette er ikke bekreftet.<\/p>\n<p>Angrepet ble fulgt av luftangrep mot i Deir al-Balah og Nuseirat-leiren, sentralt p\u00e5 Gazastripen. Angrepet i Nuseirat tok livet av minst sju personer, inkludert et barn.<\/p>\n<p><b>Les ogs\u00e5: <\/b><a class=\"simple-relation related-teaser article--c-eRUmMG article--c-eRUmMG-fZoQSp-design-nettavisen article--c-eRUmMG-gwthdJ-cv\" href=\"https:\/\/www.nettavisen.no\/nye-eurovision-regler-kan-stoppe-avstemning-om-israel\/s\/5-95-2740424\" rel=\"nofollow noopener\" target=\"_blank\">Nye Eurovision-regler kan stoppe avstemning om Israel<\/a><\/p>\n<p>Israel: Angrep som svar<\/p>\n<p>Det israelske milit\u00e6ret sa tidligere i en uttalelse at bev\u00e6pnet mann hadde krysset inn i et israelskkontrollert omr\u00e5de i Gaza, og utnyttet den humanit\u00e6re veien i omr\u00e5det der n\u00f8dhjelp kommer inn i det s\u00f8rlige Gaza.<\/p>\n<p>Israel kaller det et \u00e5penbart brudd p\u00e5 v\u00e5penhvilen. Milit\u00e6ret sier de angrep m\u00e5l i Gaza som svar.<\/p>\n<p>En Hamas-tjenesteperson i Gaza avviser det israelske milit\u00e6rets utsagn som grunnl\u00f8st og kaller det en unnskyldning til \u00e5 drepe, og sier gruppen forholder seg til v\u00e5penhvileavtalen.<\/p>\n<p>D\u00f8delig dag<\/p>\n<p>Palestinske helsemyndigheter opplyste l\u00f8rdag at 318 er drept og 788 er s\u00e5ret i israelske angrep siden v\u00e5penhvilen tr\u00e5dte i kraft.<\/p>\n<p>If\u00f8lge FNs barnefond (Unicef) var minst 67 av de drepte barn.<\/p>\n<p>En av de d\u00f8deligste dagene under v\u00e5penhvilen s\u00e5 langt, var onsdag, da myndighetene i Gaza meldte om 27 drepte.<\/p>\n","protected":false},"excerpt":{"rendered":"Angrepene fant sted til tross for v\u00e5penhvilen som tr\u00e5dte i kraft 10. oktober. If\u00f8lge helsemyndighetene i Gaza er&hellip;\n","protected":false},"author":2,"featured_media":94375,"comment_status":"","ping_status":"","sticky":false,"template":"","format":"standard","meta":{"footnotes":""},"categories":[12],"tags":[20,21,24,25,15,22,23,13,30,28,29,14,16,26,27,42,43,44,45],"class_list":{"0":"post-94374","1":"post","2":"type-post","3":"status-publish","4":"format-standard","5":"has-post-thumbnail","7":"category-verden","8":"tag-breaking-news","9":"tag-breakingnews","10":"tag-featured-news","11":"tag-featurednews","12":"tag-headlines","13":"tag-latest-news","14":"tag-latestnews","15":"tag-news","16":"tag-no","17":"tag-norge","18":"tag-norway","19":"tag-nyheter","20":"tag-overskrifter","21":"tag-top-stories","22":"tag-topstories","23":"tag-verden","24":"tag-world","25":"tag-world-news","26":"tag-worldnews"},"share_on_mastodon":{"url":"https:\/\/pubeurope.com\/@no\/115598449919049564","error":""},"_links":{"self":[{"href":"https:\/\/www.europesays.com\/no\/wp-json\/wp\/v2\/posts\/94374","targetHints":{"allow":["GET"]}}],"collection":[{"href":"https:\/\/www.europesays.com\/no\/wp-json\/wp\/v2\/posts"}],"about":[{"href":"https:\/\/www.europesays.com\/no\/wp-json\/wp\/v2\/types\/post"}],"author":[{"embeddable":true,"href":"https:\/\/www.europesays.com\/no\/wp-json\/wp\/v2\/users\/2"}],"replies":[{"embeddable":true,"href":"https:\/\/www.europesays.com\/no\/wp-json\/wp\/v2\/comments?post=94374"}],"version-history":[{"count":0,"href":"https:\/\/www.europesays.com\/no\/wp-json\/wp\/v2\/posts\/94374\/revisions"}],"wp:featuredmedia":[{"embeddable":true,"href":"https:\/\/www.europesays.com\/no\/wp-json\/wp\/v2\/media\/94375"}],"wp:attachment":[{"href":"https:\/\/www.europesays.com\/no\/wp-json\/wp\/v2\/media?parent=94374"}],"wp:term":[{"taxonomy":"category","embeddable":true,"href":"https:\/\/www.europesays.com\/no\/wp-json\/wp\/v2\/categories?post=94374"},{"taxonomy":"post_tag","embeddable":true,"href":"https:\/\/www.europesays.com\/no\/wp-json\/wp\/v2\/tags?post=94374"}],"curies":[{"name":"wp","href":"https:\/\/api.w.org\/{rel}","templated":true}]}}