{"id":94380,"date":"2025-11-23T10:13:10","date_gmt":"2025-11-23T10:13:10","guid":{"rendered":"https:\/\/www.europesays.com\/no\/94380\/"},"modified":"2025-11-23T10:13:10","modified_gmt":"2025-11-23T10:13:10","slug":"begge-mclaren-bilene-diskvalifisert-i-las-vegas","status":"publish","type":"post","link":"https:\/\/www.europesays.com\/no\/94380\/","title":{"rendered":"Begge McLaren-bilene diskvalifisert i Las Vegas"},"content":{"rendered":"\n<p class=\"_lead_o9xde_2 _lead_xtcu6_50 layout-component text-serif-m layout-normal text-serif-l layout-component layout-wide layout-padded _wide_17hqh_1 layout-padded\">Og det kan f\u00e5 store konsekvenser i kampen om verdensmestertittelen.<\/p>\n<p><img alt=\" Foto: CHRIS GRAYTHEN \/ AFP \/ NTB\" class=\"_image_qp4xg_65 layout-component layout-wide\" data-fullscreen- data-track-element-type=\"Article image fullscreen\" data-track-name=\"ImageFullscreen\" fetchpriority=\"high\" decoding=\"sync\" loading=\"eager\" height=\"3752\" itemprop=\"image\"  src=\"https:\/\/www.europesays.com\/no\/wp-content\/uploads\/2025\/11\/b8186a0b-1dc1-42f8-a003-6646d838b538\"  style=\"object-position:0% 0%\" width=\"5628\"\/> Foto: CHRIS GRAYTHEN \/ AFP \/ NTB<\/p>\n<ul aria-hidden=\"true\" class=\"_images_18f0k_111\">\n<li><a class=\"_link_18f0k_116\" href=\"https:\/\/www.vg.no\/forfatter\/jens-friberg\" style=\"z-index:1\" title=\"Jens Friberg\" rel=\"nofollow noopener\" target=\"_blank\"><img alt=\"Bilde av Jens Friberg\" class=\"_image_18f0k_93\" fetchpriority=\"low\" loading=\"lazy\" decoding=\"async\" itemprop=\"image\"  src=\"https:\/\/www.europesays.com\/no\/wp-content\/uploads\/2025\/11\/1763892790_986_d5a4433c-4b68-4c86-a3bf-a19d98457272\"  width=\"480\"\/><\/a><\/li>\n<\/ul>\n<p> Oppdatert s\u00f8ndag 23. november kl. 10:50     <\/p>\n<p class=\"_paragraph_o9xde_4 _paragraph_xtcu6_10 layout-component text-serif-m layout-normal text-serif-m layout-padded\">De to bilene til Lando Norris og Oscar Piastri skal ha hatt for tynne \u00abskid blocks\u00bb \u2013 eller planke, som det ogs\u00e5 kalles \u2013 under bilene.<\/p>\n<p class=\"_paragraph_o9xde_4 _paragraph_xtcu6_10 layout-component text-serif-m layout-normal text-serif-m layout-padded\">Norris kom p\u00e5 annenplass, Piastri p\u00e5 fjerde i nattens l\u00f8p. <\/p>\n<p class=\"_paragraph_o9xde_4 _paragraph_xtcu6_10 layout-component text-serif-m layout-normal text-serif-m layout-padded\">Deres argeste VM-rival <a href=\"https:\/\/www.vg.no\/tag\/max-verstappen?utm_source=vg-article&amp;utm_medium=auto-tagger&amp;utm_campaign=y51OyK\" class=\"_link_o9xde_39\" rel=\"nofollow noopener\" target=\"_blank\">Max Verstappen<\/a> (Red Bull) vant.<\/p>\n<p class=\"_paragraph_o9xde_4 _paragraph_xtcu6_10 layout-component text-serif-m layout-normal text-serif-m layout-padded\">Ettersom Norris tok 18 poeng og Piastri 12 i kampen om \u00e5 bli verdensmester, f\u00e5r diskvalifiseringen betydelige utslag.<\/p>\n<p class=\"_paragraph_o9xde_4 _paragraph_xtcu6_10 layout-component text-serif-m layout-normal text-serif-m layout-padded\">N\u00e5 er Max Verstappen bare 24 poeng bak Norris i sammendraget, og \u00e1 poeng med Piastri p\u00e5 en delt annenplass. <\/p>\n<p class=\"_paragraph_o9xde_4 _paragraph_xtcu6_10 layout-component text-serif-m layout-normal text-serif-m layout-padded\">To l\u00f8pshelger gjenst\u00e5r, i Qatar og Abu Dhabi.<\/p>\n<p class=\"_paragraph_o9xde_4 _paragraph_xtcu6_10 layout-component text-serif-m layout-normal text-serif-m layout-padded\">Disse \u00abskid block\u00bb-plankene er obligatoriske p\u00e5 formel 1-bilene, og skal b\u00e5de beskytte bilenebileneFra \u00e5 slites ut gjennom bakkekontakt, som igjen skyldes h\u00f8y downforce eller at man kj\u00f8rer over kerbsa. og f\u00f8rernef\u00f8rerneVed \u00e5 redusere hvor mye downforce en bil kan generere, vil man ogs\u00e5 redusere den mest ekstreme farten \u2013 spesielt i svinger. \u2013 for \u00e5 si det forenklet.<\/p>\n<p class=\"_paragraph_o9xde_4 _paragraph_xtcu6_10 layout-component text-serif-m layout-normal text-serif-m layout-padded\">Minimumstykkelsen p\u00e5 disse er 9 millimeter. De er ti millimeter n\u00e5r de er nye, men slites ned ved bruk. Om de slites ned mer enn \u00e9n millimeter, vil de v\u00e6re for tynne.<\/p>\n<p class=\"_paragraph_o9xde_4 _paragraph_xtcu6_10 layout-component text-serif-m layout-normal text-serif-m layout-padded\">FIAFIAFederation International de l&#8217;Automobile, organet som styrer formel 1. bekrefter at de har m\u00e5lt plankene p\u00e5 begge McLaren-bilene til mindre enn 9 millimeter, og derfor ble laget kalt inn til l\u00f8psdelegatene. <\/p>\n<p class=\"_paragraph_o9xde_4 _paragraph_xtcu6_10 layout-component text-serif-m layout-normal text-serif-m layout-padded\">Senere bekrefter de at de to bilene er diskvalifisert for regelbruddene.<\/p>\n<p class=\"_paragraph_o9xde_4 _paragraph_xtcu6_10 layout-component text-serif-m layout-normal text-serif-m layout-padded\">Presedens er at regelbrudd av denne typen f\u00f8r til ren diskvalifisering. <\/p>\n<p class=\"_paragraph_o9xde_4 _paragraph_xtcu6_10 layout-component text-serif-m layout-normal text-serif-m layout-padded\">B\u00e5de Lewis Hamilton (i Kina Grand Prix) og Nico Hulkenberg (Bahrain Grand Prix) ble diskvalifisert for det samme tidligere i sesongen.<\/p>\n","protected":false},"excerpt":{"rendered":"Og det kan f\u00e5 store konsekvenser i kampen om verdensmestertittelen. Foto: CHRIS GRAYTHEN \/ AFP \/ NTB Oppdatert&hellip;\n","protected":false},"author":2,"featured_media":94381,"comment_status":"","ping_status":"","sticky":false,"template":"","format":"standard","meta":{"footnotes":""},"categories":[5],"tags":[20,21,24,25,2026,15,19,4627,22,23,17,18,4626,13,30,28,29,14,16,26,27],"class_list":{"0":"post-94380","1":"post","2":"type-post","3":"status-publish","4":"format-standard","5":"has-post-thumbnail","7":"category-overskrifter","8":"tag-breaking-news","9":"tag-breakingnews","10":"tag-featured-news","11":"tag-featurednews","12":"tag-formel-1","13":"tag-headlines","14":"tag-hovedoppslag","15":"tag-lando-norris","16":"tag-latest-news","17":"tag-latestnews","18":"tag-main-news","19":"tag-mainnews","20":"tag-max-verstappen","21":"tag-news","22":"tag-no","23":"tag-norge","24":"tag-norway","25":"tag-nyheter","26":"tag-overskrifter","27":"tag-top-stories","28":"tag-topstories"},"share_on_mastodon":{"url":"https:\/\/pubeurope.com\/@no\/115598485644753292","error":""},"_links":{"self":[{"href":"https:\/\/www.europesays.com\/no\/wp-json\/wp\/v2\/posts\/94380","targetHints":{"allow":["GET"]}}],"collection":[{"href":"https:\/\/www.europesays.com\/no\/wp-json\/wp\/v2\/posts"}],"about":[{"href":"https:\/\/www.europesays.com\/no\/wp-json\/wp\/v2\/types\/post"}],"author":[{"embeddable":true,"href":"https:\/\/www.europesays.com\/no\/wp-json\/wp\/v2\/users\/2"}],"replies":[{"embeddable":true,"href":"https:\/\/www.europesays.com\/no\/wp-json\/wp\/v2\/comments?post=94380"}],"version-history":[{"count":0,"href":"https:\/\/www.europesays.com\/no\/wp-json\/wp\/v2\/posts\/94380\/revisions"}],"wp:featuredmedia":[{"embeddable":true,"href":"https:\/\/www.europesays.com\/no\/wp-json\/wp\/v2\/media\/94381"}],"wp:attachment":[{"href":"https:\/\/www.europesays.com\/no\/wp-json\/wp\/v2\/media?parent=94380"}],"wp:term":[{"taxonomy":"category","embeddable":true,"href":"https:\/\/www.europesays.com\/no\/wp-json\/wp\/v2\/categories?post=94380"},{"taxonomy":"post_tag","embeddable":true,"href":"https:\/\/www.europesays.com\/no\/wp-json\/wp\/v2\/tags?post=94380"}],"curies":[{"name":"wp","href":"https:\/\/api.w.org\/{rel}","templated":true}]}}