{"id":94390,"date":"2025-11-23T10:28:18","date_gmt":"2025-11-23T10:28:18","guid":{"rendered":"https:\/\/www.europesays.com\/no\/94390\/"},"modified":"2025-11-23T10:28:18","modified_gmt":"2025-11-23T10:28:18","slug":"underholdning-maskorama-orken-trakk-seg-fra-maskorama","status":"publish","type":"post","link":"https:\/\/www.europesays.com\/no\/94390\/","title":{"rendered":"Underholdning, Maskorama | Orken trakk seg fra \u00abMaskorama\u00bb"},"content":{"rendered":"\n<p><a href=\"https:\/\/www.nettavisen.no\/kjendis\/trekker-seg-fra-maskorama\/s\/5-95-2742555\" rel=\"Follow nofollow noopener\" target=\"_blank\">NETTAVISEN<\/a>: Kveldens sending av \u00abMaskorama\u00bb tok en helt uventet vending da en av sesongens deltakere m\u00e5tte trekke seg, og dermed kaste masken f\u00f8r tiden.<\/p>\n<p>Etter at det forrige programmet endte uten en utstemming, var spenningen stor foran \u00e5rets tredje runde. NRK hadde i forkant varslet store endringer i sendingen p\u00e5 grunn av uforutsette hendelser, noe som skapte stor mystikk.<\/p>\n<p>  <a href=\"https:\/\/www.rb.no\/5-43-2616414\" class=\"related-teaser has-image default-story-teaser article--c-eRUmMG article--c-eRUmMG-jKCPdD-design-default\" rel=\"nofollow noopener\" target=\"_blank\"><\/p>\n<p>    <img decoding=\"async\" loading=\"lazy\"  src=\"https:\/\/www.europesays.com\/no\/wp-content\/uploads\/2025\/11\/20251120_085717.jpg\" alt=\"\" class=\"brick-c-cFOWSL\" style=\"\"\/><\/p>\n<p>\n            Les ogs\u00e5<\/p>\n<p>              Her forsvinner treet etter 40 \u00e5r: \u2013 Jeg tok en telefon, og minutter senere sto folk fra kommunen i hagen\n        <\/p>\n<p>  <\/a><br \/>\n  Sykdom tvang Orken ut<\/p>\n<p>Det var karakteren Orken som m\u00e5tte si takk for seg i kveld. \u00c5rsaken ble oppgitt \u00e5 v\u00e6re sykdom, noe som gjorde at deltakeren s\u00e5 seg n\u00f8dt til \u00e5 forlate konkurransen umiddelbart.<\/p>\n<p>Da masken falt, kom kveldens st\u00f8rste sjokk. Bak Orken skjulte ingen ringere enn influenser Sophie Elise Isachsen seg.<\/p>\n<p>Avsl\u00f8ringen var f\u00f8lelsesladet, og Sophie Elise selv klarte nesten ikke \u00e5 holde t\u00e5rene tilbake.<\/p>\n<p>\u2013 Jeg har virkelig ikke lyst til \u00e5 begynne \u00e5 gr\u00e5te n\u00e5, sier Sophie Elise under sendingen.<\/p>\n<p>Dermed ble Orkens tid i gjetteleken kortere enn forventet, men avgangen sikret utvilsomt sesongens mest dramatiske start.<\/p>\n<p>  <a href=\"https:\/\/www.rb.no\/5-43-2617134\" class=\"related-teaser has-image default-story-teaser article--c-eRUmMG article--c-eRUmMG-jKCPdD-design-default\" rel=\"nofollow noopener\" target=\"_blank\"><\/p>\n<p>    <img decoding=\"async\" loading=\"lazy\"  src=\"https:\/\/www.europesays.com\/no\/wp-content\/uploads\/2025\/11\/dji_fly_20251121_151806_0203_1763734902253_photo.jpg\" alt=\"\" class=\"brick-c-cFOWSL\" style=\"\"\/><\/p>\n<p>\n            Les ogs\u00e5<\/p>\n<p>              Gutt angrepet i sentrum: Sl\u00e5tt og sparket i ansiktet\n        <\/p>\n<p>  <\/a><br \/>\n  De gjenv\u00e6rende maskene<\/p>\n<p>Til tross for dramaet, fortsetter konkurransen med de gjenv\u00e6rende maskene. Seerne skal n\u00e5 gjette hvem som skjuler seg bak:<\/p>\n<p>Skrotnissen<\/p>\n<p>Hundevalpen<\/p>\n<p>Brokkolien<\/p>\n<p>Badeanda<\/p>\n<p>Hybelkaninen<\/p>\n<p>Marionetten<\/p>\n<p>  <a href=\"https:\/\/www.rb.no\/5-43-2617689\" class=\"related-teaser has-image default-story-teaser article--c-eRUmMG article--c-eRUmMG-jKCPdD-design-default\" rel=\"nofollow noopener\" target=\"_blank\"><\/p>\n<p>    <img decoding=\"async\" loading=\"lazy\"  src=\"https:\/\/www.europesays.com\/no\/wp-content\/uploads\/2025\/11\/kashif+waqar+faiz.jpg\" alt=\"\" class=\"brick-c-cFOWSL\" style=\"\"\/><\/p>\n<p>\n            Les ogs\u00e5<\/p>\n<p>              Ahus-direkt\u00f8r f\u00e5r ny toppjobb\n        <\/p>\n<p>  <\/a><\/p>\n<p>  <a href=\"https:\/\/www.rb.no\/5-43-2614207\" class=\"related-teaser has-image default-story-teaser article--c-eRUmMG article--c-eRUmMG-jKCPdD-design-default\" rel=\"nofollow noopener\" target=\"_blank\"><\/p>\n<p>    <img decoding=\"async\" loading=\"lazy\"  src=\"https:\/\/www.europesays.com\/no\/wp-content\/uploads\/2025\/11\/ruter-app1.jpg\" alt=\"\" class=\"brick-c-cFOWSL\" style=\"\"\/><\/p>\n<p>\n            Les ogs\u00e5<\/p>\n<p>              Vil betale folk for \u00e5 samkj\u00f8re til jobb: \u2013 Mye bedre enn \u00e5 kj\u00f8re nesten tom bil\n        <\/p>\n<p>  <\/a><\/p>\n","protected":false},"excerpt":{"rendered":"NETTAVISEN: Kveldens sending av \u00abMaskorama\u00bb tok en helt uventet vending da en av sesongens deltakere m\u00e5tte trekke seg,&hellip;\n","protected":false},"author":2,"featured_media":94075,"comment_status":"","ping_status":"","sticky":false,"template":"","format":"standard","meta":{"footnotes":""},"categories":[5],"tags":[36,20,21,24,25,15,19,22,23,17,18,2693,13,30,28,29,787,14,16,1510,26,27,72],"class_list":{"0":"post-94390","1":"post","2":"type-post","3":"status-publish","4":"format-standard","5":"has-post-thumbnail","7":"category-overskrifter","8":"tag-art","9":"tag-breaking-news","10":"tag-breakingnews","11":"tag-featured-news","12":"tag-featurednews","13":"tag-headlines","14":"tag-hovedoppslag","15":"tag-latest-news","16":"tag-latestnews","17":"tag-main-news","18":"tag-mainnews","19":"tag-maskorama","20":"tag-news","21":"tag-no","22":"tag-norge","23":"tag-norway","24":"tag-nrk","25":"tag-nyheter","26":"tag-overskrifter","27":"tag-story","28":"tag-top-stories","29":"tag-topstories","30":"tag-underholdning"},"share_on_mastodon":{"url":"https:\/\/pubeurope.com\/@no\/115598544830190914","error":""},"_links":{"self":[{"href":"https:\/\/www.europesays.com\/no\/wp-json\/wp\/v2\/posts\/94390","targetHints":{"allow":["GET"]}}],"collection":[{"href":"https:\/\/www.europesays.com\/no\/wp-json\/wp\/v2\/posts"}],"about":[{"href":"https:\/\/www.europesays.com\/no\/wp-json\/wp\/v2\/types\/post"}],"author":[{"embeddable":true,"href":"https:\/\/www.europesays.com\/no\/wp-json\/wp\/v2\/users\/2"}],"replies":[{"embeddable":true,"href":"https:\/\/www.europesays.com\/no\/wp-json\/wp\/v2\/comments?post=94390"}],"version-history":[{"count":0,"href":"https:\/\/www.europesays.com\/no\/wp-json\/wp\/v2\/posts\/94390\/revisions"}],"wp:featuredmedia":[{"embeddable":true,"href":"https:\/\/www.europesays.com\/no\/wp-json\/wp\/v2\/media\/94075"}],"wp:attachment":[{"href":"https:\/\/www.europesays.com\/no\/wp-json\/wp\/v2\/media?parent=94390"}],"wp:term":[{"taxonomy":"category","embeddable":true,"href":"https:\/\/www.europesays.com\/no\/wp-json\/wp\/v2\/categories?post=94390"},{"taxonomy":"post_tag","embeddable":true,"href":"https:\/\/www.europesays.com\/no\/wp-json\/wp\/v2\/tags?post=94390"}],"curies":[{"name":"wp","href":"https:\/\/api.w.org\/{rel}","templated":true}]}}