{"id":94411,"date":"2025-11-23T11:11:11","date_gmt":"2025-11-23T11:11:11","guid":{"rendered":"https:\/\/www.europesays.com\/no\/94411\/"},"modified":"2025-11-23T11:11:11","modified_gmt":"2025-11-23T11:11:11","slug":"pia-tjelta-ekskjaereste-pia-tjelta-innrommer-jeg-knakk-ribbeina","status":"publish","type":"post","link":"https:\/\/www.europesays.com\/no\/94411\/","title":{"rendered":"Pia Tjelta, Ekskj\u00e6reste | Pia Tjelta innr\u00f8mmer: \u2013 Jeg knakk ribbeina"},"content":{"rendered":"\n<p>Skuespiller Pia Tjelta (48) har de siste \u00e5rene v\u00e6rt sv\u00e6rt hemmelighetsfull om privatlivet sitt, og er i dag sammen med skuespiller Oddgeir Thune (47).<\/p>\n<p>Forrige uke gjestet hun podkasten <a href=\"https:\/\/open.spotify.com\/show\/7fMz6JP4A1I6th67efyCxH\" rel=\"Follow nofollow noopener\" target=\"_blank\">\u00abNesten hele uka\u00bb <\/a>med komiker og programleder Martin Lepper\u00f8d (32), der hun \u00e5pnet opp om et tidligere forhold.<\/p>\n<p><b>Les ogs\u00e5: <a href=\"https:\/\/www.nettavisen.no\/kjendis\/pia-tjelta-slar-alarm-om-norsk-film-bransjen-ligger-pa-ryggen-og-blor\/s\/5-95-2718561\" rel=\"Follow nofollow noopener\" target=\"_blank\">Pia Tjelta sl\u00e5r alarm om norsk film: \u2013 Bransjen ligger p\u00e5 ryggen og bl\u00f8r<\/a><\/b><\/p>\n<p>Under samtalen ble hun spurt om hun noen gang har gjort noe \u00abondt\u00bb, noe som fikk henne til \u00e5 fortelle om en hendelse fra den tiden hun oppdaget at en ekskj\u00e6reste hadde v\u00e6rt utro.<\/p>\n<p>\u2013 Spontan reaksjon<\/p>\n<p>I podkastepisoden forteller Tjelta at hun sparket ekskj\u00e6resten etter \u00e5 ha oppdaget utroskapen \u2013 en handling hun beskriver som det \u00abondeste\u00bb hun har gjort.<\/p>\n<p>\u2013 Jeg f\u00f8ler ikke at jeg tyr til ondskap, men jeg knakk ribbeina til en ekskj\u00e6reste p\u00e5 90-tallet som hadde v\u00e6rt utro. Det var en helt spontan reaksjon, hevder hun i podkasten.<\/p>\n<p><b>Les ogs\u00e5: <\/b><b><a href=\"https:\/\/www.nettavisen.no\/kjendis\/tobias-santelmann-og-pia-tjelta-fikk-sjokk-under-netflix-presselansering-av-harry-hole-serie\/s\/5-95-1828089\" rel=\"Follow nofollow noopener\" target=\"_blank\">Satt ut av presseoppbud: \u2013 Voldsomme greier<\/a><\/b><\/p>\n<p>If\u00f8lge 48-\u00e5ringen sparket hun ham i ribbeina mens han satt p\u00e5 en benk i en park, noe som f\u00f8rte til at de brakk.<\/p>\n<p>\u2013 Jeg sparket han rett i ribbeina s\u00e5 det knakk. Det var jo ondt, men han var j\u00e6vlig han og, sier hun og understreker at dette skjedde for flere \u00e5r siden:<\/p>\n<p>\u2013 Dette er mange \u00e5r siden. Jeg er mye mer selvregulert n\u00e5, sier hun med en humoristisk tone.<\/p>\n<p>    Vil du se neste video?<\/p>\n<p>    <a href=\"https:\/\/www.nettavisen.no\/sport\/her-bryter-kronprins-haakon-inn-nar-prins-sverre-magnus-svarer-pa-italia-sporsmal-fra-norsk-presse\/v\/5-95-2731534\" class=\"recommend-poster\" data-adp-clicklabel=\"video-recommend\" data-adp-clickvalue=\"poster\" rel=\"nofollow noopener\" target=\"_blank\"><br \/>\n      <img decoding=\"async\" width=\"200\" height=\"200\" loading=\"lazy\" src=\"https:\/\/www.europesays.com\/no\/wp-content\/uploads\/2025\/11\/Kronprins+Haakon+til+cue.jpg\" alt=\"\" class=\"brick-c-cFOWSL\" style=\"--brick-image-ratio: 200 \/ 200;\"\/><\/p>\n<p>Her bryter kronprinsen inn0:38<\/p>\n<p>    <\/a><\/p>\n<p>        Pia Tjelta delte bilde med langfingeren opp p\u00e5 Instagram. Det fikk rykteb\u00f8rsen til \u00e5 g\u00e5 varm.<\/p>\n<p>Nettavisen har v\u00e6rt i kontakt med Pia Tjelta, som ikke \u00f8nsker \u00e5 kommentere saken. <\/p>\n<p>Aktuell med ny film<\/p>\n<p>Tjelta er i disse dager <a href=\"https:\/\/www.nettavisen.no\/kjendis\/pia-tjelta-og-kristoffer-joner-motes-igjen-etter-25-ar-i-den-nye-kinofilmen-se-meg\/s\/5-95-2700199\" rel=\"Follow nofollow noopener\" target=\"_blank\">aktuell med den nye filmen, \u00abSe Meg\u00bb,<\/a> hvor hun spiller en l\u00e6rer som forelsker seg i en ung asyls\u00f8ker.<\/p>\n<p>Til NTB uttalte hun nylig at det \u00e5 g\u00e5 ut av komfortsonen er en viktig del av skuespilleryrket.<\/p>\n<p>\u2013 Grunnen til at jeg er skuespiller, er at jeg vil dytte meg selv ut i ting som oppleves ukomfortabelt. Det er der jeg trives best, egentlig, sa Tjelta til NTB:<\/p>\n<p>    Vil du se neste video?<\/p>\n<p>    <a href=\"https:\/\/www.nettavisen.no\/sport\/her-bryter-kronprins-haakon-inn-nar-prins-sverre-magnus-svarer-pa-italia-sporsmal-fra-norsk-presse\/v\/5-95-2731534\" class=\"recommend-poster\" data-adp-clicklabel=\"video-recommend\" data-adp-clickvalue=\"poster\" rel=\"nofollow noopener\" target=\"_blank\"><br \/>\n      <img decoding=\"async\" width=\"200\" height=\"200\" loading=\"lazy\" src=\"https:\/\/www.europesays.com\/no\/wp-content\/uploads\/2025\/11\/Kronprins+Haakon+til+cue.jpg\" alt=\"\" class=\"brick-c-cFOWSL\" style=\"--brick-image-ratio: 200 \/ 200;\"\/><\/p>\n<p>Her bryter kronprinsen inn0:38<\/p>\n<p>    <\/a><\/p>\n<p>Tjelta har tidligere fortalt at hun umiddelbart fikk sansen for prosjektet da regiss\u00f8ren f\u00f8rst pitchet inn ideen.<\/p>\n<p>\u2013 Jeg opplevde at hun hadde en veldig klar visjon, og jeg tenkte at oi, her er det en regiss\u00f8r som virkelig \u00f8nsker \u00e5 fortelle noe viktig, sier Tjelta.<\/p>\n","protected":false},"excerpt":{"rendered":"Skuespiller Pia Tjelta (48) har de siste \u00e5rene v\u00e6rt sv\u00e6rt hemmelighetsfull om privatlivet sitt, og er i dag&hellip;\n","protected":false},"author":2,"featured_media":94412,"comment_status":"","ping_status":"","sticky":false,"template":"","format":"standard","meta":{"footnotes":""},"categories":[5],"tags":[20,21,24,25,15,19,22,23,17,18,13,30,28,29,14,16,26,27],"class_list":{"0":"post-94411","1":"post","2":"type-post","3":"status-publish","4":"format-standard","5":"has-post-thumbnail","7":"category-overskrifter","8":"tag-breaking-news","9":"tag-breakingnews","10":"tag-featured-news","11":"tag-featurednews","12":"tag-headlines","13":"tag-hovedoppslag","14":"tag-latest-news","15":"tag-latestnews","16":"tag-main-news","17":"tag-mainnews","18":"tag-news","19":"tag-no","20":"tag-norge","21":"tag-norway","22":"tag-nyheter","23":"tag-overskrifter","24":"tag-top-stories","25":"tag-topstories"},"share_on_mastodon":{"url":"https:\/\/pubeurope.com\/@no\/115598713973265705","error":""},"_links":{"self":[{"href":"https:\/\/www.europesays.com\/no\/wp-json\/wp\/v2\/posts\/94411","targetHints":{"allow":["GET"]}}],"collection":[{"href":"https:\/\/www.europesays.com\/no\/wp-json\/wp\/v2\/posts"}],"about":[{"href":"https:\/\/www.europesays.com\/no\/wp-json\/wp\/v2\/types\/post"}],"author":[{"embeddable":true,"href":"https:\/\/www.europesays.com\/no\/wp-json\/wp\/v2\/users\/2"}],"replies":[{"embeddable":true,"href":"https:\/\/www.europesays.com\/no\/wp-json\/wp\/v2\/comments?post=94411"}],"version-history":[{"count":0,"href":"https:\/\/www.europesays.com\/no\/wp-json\/wp\/v2\/posts\/94411\/revisions"}],"wp:featuredmedia":[{"embeddable":true,"href":"https:\/\/www.europesays.com\/no\/wp-json\/wp\/v2\/media\/94412"}],"wp:attachment":[{"href":"https:\/\/www.europesays.com\/no\/wp-json\/wp\/v2\/media?parent=94411"}],"wp:term":[{"taxonomy":"category","embeddable":true,"href":"https:\/\/www.europesays.com\/no\/wp-json\/wp\/v2\/categories?post=94411"},{"taxonomy":"post_tag","embeddable":true,"href":"https:\/\/www.europesays.com\/no\/wp-json\/wp\/v2\/tags?post=94411"}],"curies":[{"name":"wp","href":"https:\/\/api.w.org\/{rel}","templated":true}]}}