{"id":94442,"date":"2025-11-23T11:47:11","date_gmt":"2025-11-23T11:47:11","guid":{"rendered":"https:\/\/www.europesays.com\/no\/94442\/"},"modified":"2025-11-23T11:47:11","modified_gmt":"2025-11-23T11:47:11","slug":"nyheter-sverige-alvorlig-bussulykke-pa-e45-ved-storuman-norske-studenter-i-bussen","status":"publish","type":"post","link":"https:\/\/www.europesays.com\/no\/94442\/","title":{"rendered":"Nyheter, Sverige | Alvorlig bussulykke p\u00e5 E45 ved Storuman \u2013 norske studenter i bussen"},"content":{"rendered":"\n<p><b><a href=\"https:\/\/www.ranablad.no\/buss-har-veltet-pa-e45-ved-storuman-flere-personer-fastklemt\/s\/5-42-1525271\" rel=\"Follow nofollow noopener\" target=\"_blank\">Rana Blad:<\/a><\/b>Oppdatert klokken 12:43: Yttereligere fire personer er kj\u00f8rt til sykehus med ambulanse. Skadeomfanget er ukjent.<\/p>\n<p>Politiet meldte f\u00f8rst at to personer var sendt til sykehus, f\u00f8r de senere oppjusterte tallet til seks. Totalt har alts\u00e5 ti personer blitt sendt til sykehus i ambulanse.<\/p>\n<p>Minst \u00e9n av disse satt fastklemt i bussen.<\/p>\n<p>Totalt var det 56 passasjerer p\u00e5 bussen i tillegg til sj\u00e5f\u00f8ren. I en oppdatering klokken 14:05 melder politiet at \u00f8vrige passasjerer er fraktet fra ulykkesstedet med buss.<\/p>\n<p>\u2013 Av disse er 21 personer helt uskadd. 26 personer fikk lettere skader og ble fraktet til n\u00e6rliggende sykestue.<\/p>\n<p>Ingen skal v\u00e6re livstruende skadet, opplyser Region V\u00e4sterbotten.<\/p>\n<p>\u2013 Alvorlig ulykke<\/p>\n<p>Den f\u00f8rste meldingen til n\u00f8detatene kom klokken 08:44. Store ressurser rykket ut vei til stedet, og ambulanse og ambulansehelikopter er p\u00e5 plass. Tidligere uttalte Christer Stefansson fra den svenske redningstjenesten at flere personer var fastklemte, men alle passasjerene er n\u00e5 ute av bussen.<\/p>\n<p>\u2013 Dessverre har jeg ingen informasjon om skadene. Det er en alvorlig ulykke med mange personer, sa Stefansson til <a rel=\"Follow nofollow noopener\" href=\"https:\/\/www.aftonbladet.se\/nyheter\/a\/m0g5b1\/buss-med-passagerare-har-valt-pa-e45-e45-soder-om-storuman\" target=\"_blank\">Aftonbladet<\/a>.<\/p>\n<p>Veien var stengt i mange timer, men er n\u00e5 \u00e5pen igjen.<\/p>\n<p>Fraktet NTNU-studenter<\/p>\n<p>Bussen skal v\u00e6re chartret, fortalte talsperson Elin Andersson fra politiet til svenske medier. <a rel=\"Follow nofollow noopener\" href=\"https:\/\/www.universitetsavisa.no\/ekstremvaer-erasmus-student-network-ntnu\/buss-med-ntnu-studenter-kjorte-av-veien-i-sverige\/444113?utm_source=sdrn%3Avg%3Aarticle%3ABxVGae\" target=\"_blank\">Unversitetsavisa <\/a>har f\u00e5tt bekreftet at bussen fraktet utvekslingsstudenter fra NTNU.<\/p>\n<p>Noen av studentene er norske, opplyser Viktoria Hov Jensen i Erasmus Student Network til avisa.<\/p>\n<p>ESN chartret to busser av finske Saaga Travel. Selskapet bekrefter til Aftonbladet at det var en av deres busser som kj\u00f8rte av veien.<\/p>\n<p>\u2013 V\u00e6rforholdene har v\u00e6rt ekstreme, og det er veldig beklagelig. Men det vi vet n\u00e5, er at alle reisende er i sikkerhet og at ingen er alvorlig skadd. Det er det viktigste, sier Tarja Puutio.<\/p>\n<p>Kj\u00f8rte i 90 km\/t<\/p>\n<p>Bussen skal ha kj\u00f8rt i 90 kilometer i timen da ulykken skjedde. I den f\u00f8rste meldingen om ulykken het det at en personbil ogs\u00e5 var involvert, men politiet har forel\u00f8pig ingen bekreftelse p\u00e5 dette.<\/p>\n<p>Redningstjenesten forbereder seg n\u00e5 p\u00e5 \u00e5 l\u00f8fte bussen for \u00e5 kontrollere at ingen sitter fast under den, skriver <a rel=\"Follow nofollow noopener\" href=\"https:\/\/www.vk.se\/2025-11-22\/buss-har-valt-pa-e45-sex-personer-till-sjukhus-1e305\" target=\"_blank\">VK<\/a>. If\u00f8lge deres reporter p\u00e5 stedet, ligger bussen p\u00e5 h\u00f8yre side i gr\u00f8fta.<\/p>\n<p>Politiet gjennomf\u00f8rer unders\u00f8kelser p\u00e5 stedet. Hendelsen etterforskes som uaktsomhet i trafikken, men det er forel\u00f8pig ingen som har status som mistenkt.<\/p>\n<p>\u2013 Bussen vil bli beslaglagt. Politiet vil etterforske hva som kan ha for\u00e5rsaket ulykken, skriver de i en oppdatering.<\/p>\n<p>Kriseberedskap<\/p>\n<p>Sykehuset i Lycksele har satt kriseberedskap for \u00e5 kunne ta imot pasienter, sier Region V\u00e4sterbotten i en <a rel=\"Follow nofollow noopener\" href=\"https:\/\/www.regionvasterbotten.se\/bussolycka-pa-e45\" target=\"_blank\">pressemelding<\/a>.<\/p>\n<p>\u2013 Region V\u00e4sterotten jobber med \u00e5 f\u00e5 et bilde av antallet skadde, og gj\u00f8r seg klare til \u00e5 ta i mot pasientene. Som et resultat har Lycksele sykehus g\u00e5tt inn i unntakstilstand og Norrlands universitetssykehus i forsterkningsmodus.<\/p>\n<p>I en oppdatering skriver de at de fleste er sendt til sykehus i Lycksele, mens noen er sendt til Norrlands universitetssykehus. En person har ogs\u00e5 blitt sendt til \u00d6stersund.<\/p>\n<p>Hendelsen har v\u00e6rt kompleks og krevd et h\u00f8yt niv\u00e5 av samarbeid, sier Pia N\u00e4svall, direkt\u00f8r for helse og medisinske tjenester i Region V\u00e4sterbotten.<\/p>\n<p>\u2013 V\u00e5re medarbeidere har gjort en fantastisk jobb i l\u00f8pet av dagen under vanskelige omstendigheter. Hele fylket har stilt opp, folk har kommet inn ekstra, blitt v\u00e6rende og gjort alt som trengs for \u00e5 ta vare p\u00e5 de skadde. Jeg er utrolig stolt av hva v\u00e5re ansatte kan oppn\u00e5 n\u00e5r det virkelig gjelder.<\/p>\n<p>\u2013 Mine tanker g\u00e5r til de ber\u00f8rte og deres p\u00e5r\u00f8rende. Det er en alvorlig hendelse som har rammet mange. Flere av de skadde har blitt kontaktet av sine kj\u00e6re, og vi jobber med \u00e5 hjelpe de som enn\u00e5 ikke har f\u00e5tt det.<\/p>\n<p>P\u00e5 X skriver Sveriges infrastruktur- og boligminister Andreas Carlson (KD) at han er informert om hendelsen.<\/p>\n<p>\u2013 Regjeringen er i tett kontakt med relevante myndigheter, som jobber intensivt med rednings- og st\u00f8tteinnsats.<\/p>\n","protected":false},"excerpt":{"rendered":"Rana Blad:Oppdatert klokken 12:43: Yttereligere fire personer er kj\u00f8rt til sykehus med ambulanse. Skadeomfanget er ukjent. Politiet meldte&hellip;\n","protected":false},"author":2,"featured_media":94443,"comment_status":"","ping_status":"","sticky":false,"template":"","format":"standard","meta":{"footnotes":""},"categories":[5],"tags":[36,20,21,24,25,15,19,22,23,17,18,13,30,28,29,14,16,1510,1359,26,27,51],"class_list":{"0":"post-94442","1":"post","2":"type-post","3":"status-publish","4":"format-standard","5":"has-post-thumbnail","7":"category-overskrifter","8":"tag-art","9":"tag-breaking-news","10":"tag-breakingnews","11":"tag-featured-news","12":"tag-featurednews","13":"tag-headlines","14":"tag-hovedoppslag","15":"tag-latest-news","16":"tag-latestnews","17":"tag-main-news","18":"tag-mainnews","19":"tag-news","20":"tag-no","21":"tag-norge","22":"tag-norway","23":"tag-nyheter","24":"tag-overskrifter","25":"tag-story","26":"tag-sverige","27":"tag-top-stories","28":"tag-topstories","29":"tag-ulykke"},"share_on_mastodon":{"url":"https:\/\/pubeurope.com\/@no\/115598854908688778","error":""},"_links":{"self":[{"href":"https:\/\/www.europesays.com\/no\/wp-json\/wp\/v2\/posts\/94442","targetHints":{"allow":["GET"]}}],"collection":[{"href":"https:\/\/www.europesays.com\/no\/wp-json\/wp\/v2\/posts"}],"about":[{"href":"https:\/\/www.europesays.com\/no\/wp-json\/wp\/v2\/types\/post"}],"author":[{"embeddable":true,"href":"https:\/\/www.europesays.com\/no\/wp-json\/wp\/v2\/users\/2"}],"replies":[{"embeddable":true,"href":"https:\/\/www.europesays.com\/no\/wp-json\/wp\/v2\/comments?post=94442"}],"version-history":[{"count":0,"href":"https:\/\/www.europesays.com\/no\/wp-json\/wp\/v2\/posts\/94442\/revisions"}],"wp:featuredmedia":[{"embeddable":true,"href":"https:\/\/www.europesays.com\/no\/wp-json\/wp\/v2\/media\/94443"}],"wp:attachment":[{"href":"https:\/\/www.europesays.com\/no\/wp-json\/wp\/v2\/media?parent=94442"}],"wp:term":[{"taxonomy":"category","embeddable":true,"href":"https:\/\/www.europesays.com\/no\/wp-json\/wp\/v2\/categories?post=94442"},{"taxonomy":"post_tag","embeddable":true,"href":"https:\/\/www.europesays.com\/no\/wp-json\/wp\/v2\/tags?post=94442"}],"curies":[{"name":"wp","href":"https:\/\/api.w.org\/{rel}","templated":true}]}}