{"id":94456,"date":"2025-11-23T12:06:09","date_gmt":"2025-11-23T12:06:09","guid":{"rendered":"https:\/\/www.europesays.com\/no\/94456\/"},"modified":"2025-11-23T12:06:09","modified_gmt":"2025-11-23T12:06:09","slug":"store-mangler-ved-trumps-fredsplan","status":"publish","type":"post","link":"https:\/\/www.europesays.com\/no\/94456\/","title":{"rendered":"Store mangler ved Trumps fredsplan"},"content":{"rendered":"\n<p class=\"_lead_o9xde_2 _lead_xtcu6_50 layout-component text-serif-m layout-normal text-serif-l layout-component layout-wide layout-padded _wide_17hqh_1 layout-padded\">Det er \u00abstore mangler\u00bb ved president Donald Trumps utkast til fredsplan for Ukraina, fastsl\u00e5r statsminister Jonas Gahr St\u00f8re (Ap).<\/p>\n<p><img alt=\"Statsminister Jonas Gahr St\u00f8re, her sammen med Finlands president Alexander Stubb p\u00e5 sidelinjen under G20-toppm\u00f8tet i Johannesburg l\u00f8rdag, fastholder at det er store mangler ved president Donald Trumps utkast til fredsplan for Ukraina.  Foto: Anne Kristin Hjukse \/ Statsministerens kontor \/ NTB\" class=\"_image_qp4xg_65 layout-component layout-wide\" data-fullscreen- data-track-element-type=\"Article image fullscreen\" data-track-name=\"ImageFullscreen\" fetchpriority=\"high\" decoding=\"sync\" loading=\"eager\" height=\"2189\" itemprop=\"image\"  src=\"https:\/\/www.europesays.com\/no\/wp-content\/uploads\/2025\/11\/b9914409-c2e4-45ce-b454-b24a60fbd525\"  style=\"object-position:0% 0%\" width=\"2918\"\/>Statsminister Jonas Gahr St\u00f8re, her sammen med Finlands president Alexander Stubb p\u00e5 sidelinjen under G20-toppm\u00f8tet i Johannesburg l\u00f8rdag, fastholder at det er store mangler ved president Donald Trumps utkast til fredsplan for Ukraina.  Foto: Anne Kristin Hjukse \/ Statsministerens kontor \/ NTB<\/p>\n<ul aria-hidden=\"true\" class=\"_images_18f0k_111\">\n<li><a class=\"_link_18f0k_116\" href=\"https:\/\/www.vg.no\/forfatter\/ntb\" style=\"z-index:1\" title=\"NTB\" rel=\"nofollow noopener\" target=\"_blank\"><img alt=\"Bilde av NTB\" class=\"_image_18f0k_93\" fetchpriority=\"low\" loading=\"lazy\" decoding=\"async\" itemprop=\"image\"  src=\"https:\/\/www.europesays.com\/no\/wp-content\/uploads\/2025\/11\/1763899569_280_c33980b0-5d07-4027-84a1-813f90a7c8d6\"  width=\"480\"\/><\/a><\/li>\n<\/ul>\n<p> Oppdatert s\u00f8ndag 23. november kl. 12:27    <\/p>\n<ul class=\"_list_o9xde_3 _list_64s2r_85 _unordered_o9xde_106 text-sans-m\">\n<li class=\"_item_o9xde_30\">St\u00f8re kritiserer Trumps fredsplan for Ukraina og mener den har \u00abstore mangler\u00bb.<\/li>\n<li class=\"_item_o9xde_30\">Planen foresl\u00e5r at Ukraina m\u00e5 avst\u00e5 20% av sitt territorium til Russland og ikke s\u00f8ke Nato-medlemskap.<\/li>\n<li class=\"_item_o9xde_30\">St\u00f8re mener Ukraina selv m\u00e5 sette premissene for fred og at endring av grenser med makt er uakseptabelt.<\/li>\n<\/ul>\n<p>Vis mer <\/p>\n<p class=\"_paragraph_o9xde_4 _paragraph_xtcu6_10 layout-component text-serif-m layout-normal text-serif-m layout-padded\">St\u00f8re deltar denne helgen p\u00e5 G20-toppm\u00f8tet i Johannesburg i S\u00f8r-Afrika, der det amerikanske forslaget til fredsplan har v\u00e6rt et sentralt tema p\u00e5 sidelinjen. <\/p>\n<p class=\"_paragraph_o9xde_4 _paragraph_xtcu6_10 layout-component text-serif-m layout-normal text-serif-m layout-padded\">Europeiske ledere er kritiske til planen, som blant annet inneb\u00e6rer at Ukraina m\u00e5 avst\u00e5 rundt 20 prosent av sitt territorium til Russland og forplikte seg til aldri \u00e5 s\u00f8ke medlemskap i Nato.<\/p>\n<p class=\"_paragraph_o9xde_4 _paragraph_xtcu6_10 layout-component text-serif-m layout-normal text-serif-m layout-padded\">St\u00f8re har tidligere sl\u00e5tt fast at Ukraina selv m\u00e5 f\u00e5 v\u00e6re med p\u00e5 \u00e5 sette premisser for en fredsl\u00f8sning. <\/p>\n<p class=\"_paragraph_o9xde_4 _paragraph_xtcu6_10 layout-component text-serif-m layout-normal text-serif-m layout-padded\">\u2013 De kan ikke tvinges til \u00e5 godta betingelser som er i strid med folkeretten, sa han l\u00f8rdag. <\/p>\n<p class=\"_paragraph_o9xde_4 _paragraph_xtcu6_10 layout-component text-serif-m layout-normal text-serif-m layout-padded\">S\u00f8ndag fastholdt han sin kritikk av Trumps plan. <\/p>\n<p class=\"_paragraph_o9xde_4 _paragraph_xtcu6_10 layout-component text-serif-m layout-normal text-serif-m layout-padded\">\u2013 Vi trenger amerikansk engasjement for \u00e5 bidra til \u00e5 avslutte krigen i Ukraina og stoppe den russiske aggresjonen. Det er positivt, sa St\u00f8re til AFP.<\/p>\n<p class=\"_paragraph_o9xde_4 _paragraph_xtcu6_10 layout-component text-serif-m layout-normal text-serif-m layout-padded\">\u2013 Men planen er utilstrekkelig, og den har store mangler som m\u00e5 jobbes med. En av dem er \u00e5 sikre at Europa og ikke minst Ukraina f\u00e5r en plass ved forhandlingsbordet, sa han.<\/p>\n<p class=\"_paragraph_o9xde_4 _paragraph_xtcu6_10 layout-component text-serif-m layout-normal text-serif-m layout-padded\">\u2013 \u00c5 endre grenser med makt er uakseptabelt, understreket St\u00f8re. <\/p>\n","protected":false},"excerpt":{"rendered":"Det er \u00abstore mangler\u00bb ved president Donald Trumps utkast til fredsplan for Ukraina, fastsl\u00e5r statsminister Jonas Gahr St\u00f8re&hellip;\n","protected":false},"author":2,"featured_media":94457,"comment_status":"","ping_status":"","sticky":false,"template":"","format":"standard","meta":{"footnotes":""},"categories":[12],"tags":[20,21,55,24,25,15,201,179,22,23,13,30,28,29,14,16,26,27,489,42,43,44,45],"class_list":{"0":"post-94456","1":"post","2":"type-post","3":"status-publish","4":"format-standard","5":"has-post-thumbnail","7":"category-verden","8":"tag-breaking-news","9":"tag-breakingnews","10":"tag-donald-trump","11":"tag-featured-news","12":"tag-featurednews","13":"tag-headlines","14":"tag-jonas-gahr-store","15":"tag-krigen-i-ukraina","16":"tag-latest-news","17":"tag-latestnews","18":"tag-news","19":"tag-no","20":"tag-norge","21":"tag-norway","22":"tag-nyheter","23":"tag-overskrifter","24":"tag-top-stories","25":"tag-topstories","26":"tag-ukraina","27":"tag-verden","28":"tag-world","29":"tag-world-news","30":"tag-worldnews"},"share_on_mastodon":{"url":"https:\/\/pubeurope.com\/@no\/115598929992134660","error":""},"_links":{"self":[{"href":"https:\/\/www.europesays.com\/no\/wp-json\/wp\/v2\/posts\/94456","targetHints":{"allow":["GET"]}}],"collection":[{"href":"https:\/\/www.europesays.com\/no\/wp-json\/wp\/v2\/posts"}],"about":[{"href":"https:\/\/www.europesays.com\/no\/wp-json\/wp\/v2\/types\/post"}],"author":[{"embeddable":true,"href":"https:\/\/www.europesays.com\/no\/wp-json\/wp\/v2\/users\/2"}],"replies":[{"embeddable":true,"href":"https:\/\/www.europesays.com\/no\/wp-json\/wp\/v2\/comments?post=94456"}],"version-history":[{"count":0,"href":"https:\/\/www.europesays.com\/no\/wp-json\/wp\/v2\/posts\/94456\/revisions"}],"wp:featuredmedia":[{"embeddable":true,"href":"https:\/\/www.europesays.com\/no\/wp-json\/wp\/v2\/media\/94457"}],"wp:attachment":[{"href":"https:\/\/www.europesays.com\/no\/wp-json\/wp\/v2\/media?parent=94456"}],"wp:term":[{"taxonomy":"category","embeddable":true,"href":"https:\/\/www.europesays.com\/no\/wp-json\/wp\/v2\/categories?post=94456"},{"taxonomy":"post_tag","embeddable":true,"href":"https:\/\/www.europesays.com\/no\/wp-json\/wp\/v2\/tags?post=94456"}],"curies":[{"name":"wp","href":"https:\/\/api.w.org\/{rel}","templated":true}]}}