{"id":94478,"date":"2025-11-23T12:45:09","date_gmt":"2025-11-23T12:45:09","guid":{"rendered":"https:\/\/www.europesays.com\/no\/94478\/"},"modified":"2025-11-23T12:45:09","modified_gmt":"2025-11-23T12:45:09","slug":"premier-league-arsenal-odegaard-med-opploftende-melding","status":"publish","type":"post","link":"https:\/\/www.europesays.com\/no\/94478\/","title":{"rendered":"Premier League, Arsenal | \u00d8degaard med oppl\u00f8ftende melding"},"content":{"rendered":"\n<p>\u00d8degaard har mistet de sju siste Arsenal-kampene, samt fire landskamper for Norge, p\u00e5 grunn av kneskaden han p\u00e5dro seg mot West Ham i starten av oktober.<\/p>\n<p>Han var med landslaget b\u00e5de under kampene i Oslo i oktober og da VM-billetten ble sikret i Italia forrige helg, men n\u00f8yde seg med \u00e5 bidra med st\u00f8tte utenfor banen. <\/p>\n<p>\u00d8degaard uttaler i kampprogrammet at han n\u00e6rmer seg et comeback. <\/p>\n<p> \u00abDenne uken har jeg jobbet veldig hardt med rehabiliteringen, og det g\u00e5r veldig bra. Jeg kan kjenne at jeg kommer n\u00e6rmere for hver dag, og at jeg n\u00e6rmer meg sluttfasen\u00bb st\u00e5r det if\u00f8lge <a href=\"https:\/\/www.skysports.com\/football\/live-blog\/11095\/13025486\/arsenal-transfer-news-rumours-and-gossip-live-updates-and-latest-on-deals-signings-loans-and-contracts?postid=10580885#liveblog-body\" rel=\"nofollow noopener\" target=\"_blank\"> Sky Sports<\/a>. <\/p>\n<p>Arsenal-kapteinen er tilbake i trening etter kneskaden.<\/p>\n<p>\u00abJeg har gjort en del arbeid ute p\u00e5 banen og trent, s\u00e5 jeg f\u00f8ler virkelig at jeg begynner \u00e5 n\u00e6rme meg. Det er den beste delen av rehabiliteringen, n\u00e5r du kommer n\u00e6rmere \u00e5 slutte deg til laget igjen\u00bb, fortsetter \u00d8degaard.<\/p>\n<p>(\u00a9NTB)<\/p>\n","protected":false},"excerpt":{"rendered":"\u00d8degaard har mistet de sju siste Arsenal-kampene, samt fire landskamper for Norge, p\u00e5 grunn av kneskaden han p\u00e5dro&hellip;\n","protected":false},"author":2,"featured_media":94479,"comment_status":"","ping_status":"","sticky":false,"template":"","format":"standard","meta":{"footnotes":""},"categories":[59],"tags":[30,28,29,83,82],"class_list":{"0":"post-94478","1":"post","2":"type-post","3":"status-publish","4":"format-standard","5":"has-post-thumbnail","7":"category-sport","8":"tag-no","9":"tag-norge","10":"tag-norway","11":"tag-sport","12":"tag-sports"},"share_on_mastodon":{"url":"https:\/\/pubeurope.com\/@no\/115599083091700667","error":""},"_links":{"self":[{"href":"https:\/\/www.europesays.com\/no\/wp-json\/wp\/v2\/posts\/94478","targetHints":{"allow":["GET"]}}],"collection":[{"href":"https:\/\/www.europesays.com\/no\/wp-json\/wp\/v2\/posts"}],"about":[{"href":"https:\/\/www.europesays.com\/no\/wp-json\/wp\/v2\/types\/post"}],"author":[{"embeddable":true,"href":"https:\/\/www.europesays.com\/no\/wp-json\/wp\/v2\/users\/2"}],"replies":[{"embeddable":true,"href":"https:\/\/www.europesays.com\/no\/wp-json\/wp\/v2\/comments?post=94478"}],"version-history":[{"count":0,"href":"https:\/\/www.europesays.com\/no\/wp-json\/wp\/v2\/posts\/94478\/revisions"}],"wp:featuredmedia":[{"embeddable":true,"href":"https:\/\/www.europesays.com\/no\/wp-json\/wp\/v2\/media\/94479"}],"wp:attachment":[{"href":"https:\/\/www.europesays.com\/no\/wp-json\/wp\/v2\/media?parent=94478"}],"wp:term":[{"taxonomy":"category","embeddable":true,"href":"https:\/\/www.europesays.com\/no\/wp-json\/wp\/v2\/categories?post=94478"},{"taxonomy":"post_tag","embeddable":true,"href":"https:\/\/www.europesays.com\/no\/wp-json\/wp\/v2\/tags?post=94478"}],"curies":[{"name":"wp","href":"https:\/\/api.w.org\/{rel}","templated":true}]}}