{"id":94484,"date":"2025-11-23T12:52:18","date_gmt":"2025-11-23T12:52:18","guid":{"rendered":"https:\/\/www.europesays.com\/no\/94484\/"},"modified":"2025-11-23T12:52:18","modified_gmt":"2025-11-23T12:52:18","slug":"ydmyket-i-eliteserie-avskjeden-pa-hjemmebane","status":"publish","type":"post","link":"https:\/\/www.europesays.com\/no\/94484\/","title":{"rendered":"Ydmyket i eliteserie-avskjeden p\u00e5 hjemmebane"},"content":{"rendered":"<p>DRAMMEN:\u00a0Det var et meget glissent Marienlyst i flomlyset l\u00f8rdag kveld, men Godsetunionen og de harbarka supporterne dukket trofast opp for \u00e5 st\u00f8tte laget i siste elitekamp p\u00e5 hjemmebane f\u00f8r tidligst 2027.\u00a0<\/p>\n<p>Men sangen stilnet etter hvert &#8211; spesielt utover i 2. omgang da det raknet totalt for Str\u00f8msgodset. En direkte pinlig lagprestasjon for\u00e6ret gjestene fra Sandefjord tre m\u00e5l p\u00e5 slutten av omgangen, og Godset-spillerne kunne ikke annet enn \u00e5 g\u00e5 i garderoben i skam etter sitt femte strake tap.<\/p>\n<p>                <img decoding=\"async\" src=\"https:\/\/www.europesays.com\/no\/wp-content\/uploads\/2025\/11\/344323.webp\" width=\"480\" height=\"322\" title=\"Ydmyket i eliteserie-avskjeden p\u00e5 hjemmebane\" alt=\"\" loading=\"lazy\" style=\"\"\/><\/p>\n<p>Gjestene sjokk\u00e5pnet for\u00f8vrig med m\u00e5l f\u00f8r kampen var to minutter gammel, f\u00f8r Marko Farji greide \u00e5 brenne en straffe etter ni minutter. Samme mann gjorde det godt igjen med en perlescoring fra 20 meter noe senere, men Sandefjord var ikke noe d\u00e5rligere og la p\u00e5 til 2-1 med et enda flottere langskudd. <\/p>\n<p>Gjestene \u00f8kte videre til 3-1 f\u00f8r Farji sendte nok en ball i krysset p\u00e5 hel volley &#8211; og lagene gikk til pause p\u00e5 2-3. Dessverre ble andreomgang en nitrist aff\u00e6re for den fremm\u00f8tte Godset-fansen, med forsvarstabber, surr og rot hvor bare ren flaks gjorde at gjestene ikke fikk b\u00e5de 7 og 8 m\u00e5l.<\/p>\n<p>Definitivt ingen prestasjon som h\u00f8rer hjemme i eliteserien. Neste helg venter Rosenberg borte f\u00f8r det blir OBOS til v\u00e5ren.<\/p>\n<p>SISTE ELITESERIEKAMP I BILDER:<\/p>\n<p>                <img decoding=\"async\" src=\"https:\/\/www.europesays.com\/no\/wp-content\/uploads\/2025\/11\/344334.webp\" width=\"480\" height=\"322\" title=\"Marko Farji scoret to. Blir han \u00e5 se p\u00e5 Marienlyst neste \u00e5r?\" alt=\"\" loading=\"lazy\" style=\"\"\/><\/p>\n<p>\n            Marko Farji scoret to. Blir han \u00e5 se p\u00e5 Marienlyst neste \u00e5r?<\/p>\n<p>                <img decoding=\"async\" src=\"https:\/\/www.europesays.com\/no\/wp-content\/uploads\/2025\/11\/344325.webp\" width=\"480\" height=\"322\" title=\"Fagermo har sagt han blir. Sp\u00f8rsm\u00e5let er om han f\u00e5r lov - og blir erstattet av den tredje treneren p\u00e5 under et \u00e5r.\" alt=\"\" loading=\"lazy\" style=\"\"\/><\/p>\n<p>\n            Fagermo har sagt han blir. Sp\u00f8rsm\u00e5let er om han f\u00e5r lov &#8211; og blir erstattet av den tredje treneren p\u00e5 under et \u00e5r.<\/p>\n<p>                <img decoding=\"async\" src=\"https:\/\/www.europesays.com\/no\/wp-content\/uploads\/2025\/11\/344326.webp\" width=\"480\" height=\"322\" title=\"Enda en baklengs for Per Kristian Br\u00e5tveit - sisteskansen var eneste \u00e5rsaken til at det ikke ble b\u00e5de sju og \u00e5tte baklengsm\u00e5l.\" alt=\"\" loading=\"lazy\" style=\"\"\/><\/p>\n<p>\n            Enda en baklengs for Per Kristian Br\u00e5tveit &#8211; sisteskansen var eneste \u00e5rsaken til at det ikke ble b\u00e5de sju og \u00e5tte baklengsm\u00e5l.<\/p>\n<p>                <img decoding=\"async\" src=\"https:\/\/www.europesays.com\/no\/wp-content\/uploads\/2025\/11\/344327.webp\" width=\"480\" height=\"317\" title=\"Ydmyket i eliteserie-avskjeden p\u00e5 hjemmebane\" alt=\"\" loading=\"lazy\" style=\"\"\/><\/p>\n<p>                <img decoding=\"async\" src=\"https:\/\/www.europesays.com\/no\/wp-content\/uploads\/2025\/11\/344322.webp\" width=\"480\" height=\"322\" title=\"Ydmyket i eliteserie-avskjeden p\u00e5 hjemmebane\" alt=\"\" loading=\"lazy\" style=\"\"\/><\/p>\n<p>                <img decoding=\"async\" src=\"https:\/\/www.europesays.com\/no\/wp-content\/uploads\/2025\/11\/344330.webp\" width=\"480\" height=\"322\" title=\"Ydmyket i eliteserie-avskjeden p\u00e5 hjemmebane\" alt=\"\" loading=\"lazy\" style=\"\"\/><\/p>\n<p>                <img decoding=\"async\" src=\"https:\/\/www.europesays.com\/no\/wp-content\/uploads\/2025\/11\/344331.webp\" width=\"480\" height=\"322\" title=\"Ydmyket i eliteserie-avskjeden p\u00e5 hjemmebane\" alt=\"\" loading=\"lazy\" style=\"\"\/><\/p>\n<p>                <img decoding=\"async\" src=\"https:\/\/www.europesays.com\/no\/wp-content\/uploads\/2025\/11\/344333.webp\" width=\"480\" height=\"322\" title=\"Ydmyket i eliteserie-avskjeden p\u00e5 hjemmebane\" alt=\"\" loading=\"lazy\" style=\"\"\/><\/p>\n<p>                <img decoding=\"async\" src=\"https:\/\/www.europesays.com\/no\/wp-content\/uploads\/2025\/11\/344329.webp\" width=\"480\" height=\"322\" title=\"Ydmyket i eliteserie-avskjeden p\u00e5 hjemmebane\" alt=\"\" loading=\"lazy\" style=\"\"\/><\/p>\n<p>                <img decoding=\"async\" src=\"https:\/\/www.europesays.com\/no\/wp-content\/uploads\/2025\/11\/344328.webp\" width=\"480\" height=\"322\" title=\"Ydmyket i eliteserie-avskjeden p\u00e5 hjemmebane\" alt=\"\" loading=\"lazy\" style=\"\"\/><\/p>\n<p>                <img decoding=\"async\" src=\"https:\/\/www.europesays.com\/no\/wp-content\/uploads\/2025\/11\/344324.webp\" width=\"480\" height=\"322\" title=\"Ydmyket i eliteserie-avskjeden p\u00e5 hjemmebane\" alt=\"\" loading=\"lazy\" style=\"\"\/><\/p>\n<p>                <img decoding=\"async\" src=\"https:\/\/www.europesays.com\/no\/wp-content\/uploads\/2025\/11\/344344.webp\" width=\"480\" height=\"322\" title=\"Ydmyket i eliteserie-avskjeden p\u00e5 hjemmebane\" alt=\"\" loading=\"lazy\" style=\"\"\/><\/p>\n<p>                <img decoding=\"async\" src=\"https:\/\/www.europesays.com\/no\/wp-content\/uploads\/2025\/11\/344339.webp\" width=\"480\" height=\"322\" title=\"Ydmyket i eliteserie-avskjeden p\u00e5 hjemmebane\" alt=\"\" loading=\"lazy\" style=\"\"\/><\/p>\n<p>                <img decoding=\"async\" src=\"https:\/\/www.europesays.com\/no\/wp-content\/uploads\/2025\/11\/344343.webp\" width=\"480\" height=\"322\" title=\"Ydmyket i eliteserie-avskjeden p\u00e5 hjemmebane\" alt=\"\" loading=\"lazy\" style=\"\"\/><\/p>\n<p>                <img decoding=\"async\" src=\"https:\/\/www.europesays.com\/no\/wp-content\/uploads\/2025\/11\/344364.webp\" width=\"480\" height=\"322\" title=\"Ydmyket i eliteserie-avskjeden p\u00e5 hjemmebane\" alt=\"\" loading=\"lazy\" style=\"\"\/><\/p>\n","protected":false},"excerpt":{"rendered":"DRAMMEN:\u00a0Det var et meget glissent Marienlyst i flomlyset l\u00f8rdag kveld, men Godsetunionen og de harbarka supporterne dukket trofast&hellip;\n","protected":false},"author":2,"featured_media":94485,"comment_status":"","ping_status":"","sticky":false,"template":"","format":"standard","meta":{"footnotes":""},"categories":[59],"tags":[30,28,29,83,82],"class_list":{"0":"post-94484","1":"post","2":"type-post","3":"status-publish","4":"format-standard","5":"has-post-thumbnail","7":"category-sport","8":"tag-no","9":"tag-norge","10":"tag-norway","11":"tag-sport","12":"tag-sports"},"share_on_mastodon":{"url":"https:\/\/pubeurope.com\/@no\/115599111118408951","error":""},"_links":{"self":[{"href":"https:\/\/www.europesays.com\/no\/wp-json\/wp\/v2\/posts\/94484","targetHints":{"allow":["GET"]}}],"collection":[{"href":"https:\/\/www.europesays.com\/no\/wp-json\/wp\/v2\/posts"}],"about":[{"href":"https:\/\/www.europesays.com\/no\/wp-json\/wp\/v2\/types\/post"}],"author":[{"embeddable":true,"href":"https:\/\/www.europesays.com\/no\/wp-json\/wp\/v2\/users\/2"}],"replies":[{"embeddable":true,"href":"https:\/\/www.europesays.com\/no\/wp-json\/wp\/v2\/comments?post=94484"}],"version-history":[{"count":0,"href":"https:\/\/www.europesays.com\/no\/wp-json\/wp\/v2\/posts\/94484\/revisions"}],"wp:featuredmedia":[{"embeddable":true,"href":"https:\/\/www.europesays.com\/no\/wp-json\/wp\/v2\/media\/94485"}],"wp:attachment":[{"href":"https:\/\/www.europesays.com\/no\/wp-json\/wp\/v2\/media?parent=94484"}],"wp:term":[{"taxonomy":"category","embeddable":true,"href":"https:\/\/www.europesays.com\/no\/wp-json\/wp\/v2\/categories?post=94484"},{"taxonomy":"post_tag","embeddable":true,"href":"https:\/\/www.europesays.com\/no\/wp-json\/wp\/v2\/tags?post=94484"}],"curies":[{"name":"wp","href":"https:\/\/api.w.org\/{rel}","templated":true}]}}