{"id":94505,"date":"2025-11-23T13:43:12","date_gmt":"2025-11-23T13:43:12","guid":{"rendered":"https:\/\/www.europesays.com\/no\/94505\/"},"modified":"2025-11-23T13:43:12","modified_gmt":"2025-11-23T13:43:12","slug":"sport-kombinert-ingrids-gode-dag-ostlendingen","status":"publish","type":"post","link":"https:\/\/www.europesays.com\/no\/94505\/","title":{"rendered":"Sport, Kombinert | Ingrids gode dag &#8211; \u00d8stlendingen"},"content":{"rendered":"<ol>\n<li><a href=\"https:\/\/news.google.com\/rss\/articles\/CBMia0FVX3lxTE11N1ZpQkVMeFdnRHN3QkZYUXZHLUZrcC00ekFDQVNmcHczTURsTURjT0Z3b3B2Z3dRSDJPcUlNTEZYN1pyZnQtcE5PcHJUQnNlR0MzX3k4dmllMVB0RE8wc3lFXzZUbklvMmQ0?oc=5\" target=\"_blank\" rel=\"nofollow noopener\">Sport, Kombinert | Ingrids gode dag<\/a>&nbsp;&nbsp;\u00d8stlendingen<\/li>\n<li><a href=\"https:\/\/news.google.com\/rss\/articles\/CBMihgFBVV95cUxNTlJXRVBtV0FlMHJJNDY0UVJVNUFjOTdUbnVpejRuTlQ1NzZqdGFuZ0g0U3pkNW8zWXlpRXRTSlAzWnFlT3U1VTJhcjB1aUZOUFdOMDFUaEVLa0FaNVBuMnI3d0ZnUjREd0k0S2RFWmpoNkJJY1JvS1dVMFlwZEhtdjBtR3Rydw?oc=5\" target=\"_blank\" rel=\"nofollow noopener\">Hagen sikret dobbelt NM-gull p\u00e5 Beitost\u00f8len<\/a>&nbsp;&nbsp;NRK<\/li>\n<li><a href=\"https:\/\/news.google.com\/rss\/articles\/CBMiwgFBVV95cUxOVEo1YVNwRnlySnNBbkNsNVlCM2lBMU5PNWE4OEZPZlE4U19rbXJ6LWZCSzlvWmNvQUtETTFnWFhnWmpmNFMyX1I2ZF8zaDJjWVZwVTVKTG5ydDFXX2FpdEJ0M2RITTF6UTdxN3JGeDd6RC1HUFZLakVHZHEyMXBNR0hSam16NVdmZlFxLXpzeGZaU0lGNUotZDR6Z2d2T2xlTk5Nd0dfUW81WkQwNnFMbDBtMmRLVGR0SWVEbzhxdUpKZw?oc=5\" target=\"_blank\" rel=\"nofollow noopener\">Suveren Hagen vant sesong\u00e5pningen p\u00e5 Beitost\u00f8len<\/a>&nbsp;&nbsp;TV2.no<\/li>\n<li><a href=\"https:\/\/news.google.com\/rss\/articles\/CBMilAFBVV95cUxNX1hudk8zOGJlTEhtUjQ5YW1qSVJpVWxnUlQ0dmN1TE43dlpoNW5XQUZRdVR1cGNHQmZWTU1UTnpPcE5YOUwwM0NZZHJlanAxd3RTS1RxaFNFenlNdHlSbzNUU01TT0d2T01EM2tWTXZUN0xRVmtJUzhFdGh5dlAxQUZjMjZzd3pTdXFCZ0NPRm5CTDVL?oc=5\" target=\"_blank\" rel=\"nofollow noopener\">Kombinert, Ida Marie Hagen | Hagen sikret dobbelt NM-gull p\u00e5 Beitost\u00f8len<\/a>&nbsp;&nbsp;Nettavisen<\/li>\n<li><a href=\"https:\/\/news.google.com\/rss\/articles\/CBMisgFBVV95cUxPLWZRT1dLVHRxaUw3QV9kcWpSSUYzSFNvcXRvaGJrMGxtU1QxNUVLVVdLOWF2UHVJVmJzZFpHdjFpT0ZPbTJFdDdKV19JNUI5M19JcFlWdDdDS0o1VlZaSlZhbXlVU3hDUlBjNDNfU0Z0QWVVa1hrYkFZTTdmQ0VyMXllczBUTFp4ZHVFekx2MGR3WHp4amNSMTRZN2tvLWdJTlppTy1DT2wwejJYVE84c3hn?oc=5\" target=\"_blank\" rel=\"nofollow noopener\">Ingrid (18) fortsetter framgangen. N\u00e5 vil hun hoppe skiflyging<\/a>&nbsp;&nbsp;\u00d8stlendingen<\/li>\n<\/ol>\n","protected":false},"excerpt":{"rendered":"Sport, Kombinert | Ingrids gode dag&nbsp;&nbsp;\u00d8stlendingen Hagen sikret dobbelt NM-gull p\u00e5 Beitost\u00f8len&nbsp;&nbsp;NRK Suveren Hagen vant sesong\u00e5pningen p\u00e5 Beitost\u00f8len&nbsp;&nbsp;TV2.no&hellip;\n","protected":false},"author":2,"featured_media":94506,"comment_status":"","ping_status":"","sticky":false,"template":"","format":"standard","meta":{"footnotes":""},"categories":[59],"tags":[30,28,29,83,82],"class_list":{"0":"post-94505","1":"post","2":"type-post","3":"status-publish","4":"format-standard","5":"has-post-thumbnail","7":"category-sport","8":"tag-no","9":"tag-norge","10":"tag-norway","11":"tag-sport","12":"tag-sports"},"share_on_mastodon":{"url":"https:\/\/pubeurope.com\/@no\/115599311152698904","error":""},"_links":{"self":[{"href":"https:\/\/www.europesays.com\/no\/wp-json\/wp\/v2\/posts\/94505","targetHints":{"allow":["GET"]}}],"collection":[{"href":"https:\/\/www.europesays.com\/no\/wp-json\/wp\/v2\/posts"}],"about":[{"href":"https:\/\/www.europesays.com\/no\/wp-json\/wp\/v2\/types\/post"}],"author":[{"embeddable":true,"href":"https:\/\/www.europesays.com\/no\/wp-json\/wp\/v2\/users\/2"}],"replies":[{"embeddable":true,"href":"https:\/\/www.europesays.com\/no\/wp-json\/wp\/v2\/comments?post=94505"}],"version-history":[{"count":0,"href":"https:\/\/www.europesays.com\/no\/wp-json\/wp\/v2\/posts\/94505\/revisions"}],"wp:featuredmedia":[{"embeddable":true,"href":"https:\/\/www.europesays.com\/no\/wp-json\/wp\/v2\/media\/94506"}],"wp:attachment":[{"href":"https:\/\/www.europesays.com\/no\/wp-json\/wp\/v2\/media?parent=94505"}],"wp:term":[{"taxonomy":"category","embeddable":true,"href":"https:\/\/www.europesays.com\/no\/wp-json\/wp\/v2\/categories?post=94505"},{"taxonomy":"post_tag","embeddable":true,"href":"https:\/\/www.europesays.com\/no\/wp-json\/wp\/v2\/tags?post=94505"}],"curies":[{"name":"wp","href":"https:\/\/api.w.org\/{rel}","templated":true}]}}