{"id":94507,"date":"2025-11-23T13:44:45","date_gmt":"2025-11-23T13:44:45","guid":{"rendered":"https:\/\/www.europesays.com\/no\/94507\/"},"modified":"2025-11-23T13:44:45","modified_gmt":"2025-11-23T13:44:45","slug":"blir-julekonsert-likevel-og-ja-du-far-hoyre-o-helga-natt","status":"publish","type":"post","link":"https:\/\/www.europesays.com\/no\/94507\/","title":{"rendered":"Blir julekonsert likevel \u2013 og ja, du f\u00e5r h\u00f8yre O helga natt"},"content":{"rendered":"<p data-testid=\"textWithMarkup-text\" data-v-6836129a=\"\" data-v-c0623ac3=\"\">\u2013 Og godt er det, for no blir det b\u00e5de song, sprell og julestemning for heile bygda, opplyser  Helgesenkoret i ei pressemelding. <\/p>\n<p data-testid=\"textWithMarkup-text\" data-v-6836129a=\"\" data-v-c0623ac3=\"\">I \u00e5r st\u00e5r barna i sentrum, saman med SoulKids\/Children med Nanda Maack som korleiar og Line Dybedal som musikalsk leiar. <\/p>\n<p data-testid=\"textWithMarkup-markup\" data-v-c0623ac3=\"\">\u2013 Barna skal f\u00e5 dele songglede og boltre seg p\u00e5 scena, og for dei som m\u00e5tte lure: Ja, vi f\u00e5r ogs\u00e5 h\u00f8yre O helga natt med br\u00f8rne Helgesen. Det blir alts\u00e5 eit variert program! B\u00e5de lokale og profesjonelle musikarar, som organist Jon Inge Sigerland, skal bidra til at det blir b\u00e5de flott lyd og ekte juleglede.\u00a0Nye og gamle julesongar, latter og overraskingar \u2013 ein konsert som samlar sm\u00e5 og store, og minner oss p\u00e5 kva jula handlar om.<\/p>\n<p data-testid=\"textWithMarkup-text\" data-v-6836129a=\"\" data-v-c0623ac3=\"\">Konserten blir 6. desember i Selje kyrkje.<\/p>\n<p data-testid=\"textWithMarkup-text\" data-v-6836129a=\"\" data-v-c0623ac3=\"\">Familekoret Helgesenkoret best\u00e5r av \u00e5tte s\u00f8sken, svigers\u00f8sken og n\u00e6raste vener. Dei har halde julekonsertar kvart \u00e5r dei siste elleve \u00e5ra med m\u00e5l om \u00e5 spreie glede, julestemning og songglede, s\u00e6rleg til den yngre generasjonen.\u00a0<\/p>\n<p data-testid=\"textWithMarkup-text\" data-v-6836129a=\"\" data-v-c0623ac3=\"\">\u2013 Vi kjenner p\u00e5 at Helgesenkoret gjennom \u00e5ra har utvikla seg til ein del av juletradisjonen i Nordfjord. Fr\u00e5 den f\u00f8rste kyrkjekonserten med 150 publikummarar har vi dei siste fem \u00e5ra hatt julekonsertar i lokale kulturhus med 700\u20131100 selde billettar kvart \u00e5r, seier Dybedal.<\/p>\n<p data-testid=\"textWithMarkup-text\" data-v-6836129a=\"\" data-v-c0623ac3=\"\">Koret har ogs\u00e5 vore p\u00e5 \u00abturn\u00e9\u00bb til dei lokale institusjonane, og dei siste \u00e5ra har ogs\u00e5 den yngre generasjonen f\u00e5tt bidratt, til stor glede for dei gamle.\u00a0<\/p>\n<p data-testid=\"textWithMarkup-text\" data-v-6836129a=\"\" data-v-c0623ac3=\"\">I \u00e5rets prosjekt st\u00e5r alts\u00e5 barna i sentrum. Ungane fr\u00e5\u00a0Helgesenkoret og lokale barnekoristar fr\u00e5\u00a0Selje Soul Kids\/Children\u00a0under dirigent\u00a0Nanda Maria\u00a0f\u00e5r ansvar for innslaga, med st\u00f8tte fr\u00e5 vaksne i\u00a0Helgesenkoret. <\/p>\n<p data-testid=\"textWithMarkup-text\" data-v-6836129a=\"\" data-v-c0623ac3=\"\">Den lokale artisten Line Dybedal vil bidra med barnevenlege julesongar i samarbeid med dei unge koristane. <\/p>\n<p data-testid=\"textWithMarkup-text\" data-v-6836129a=\"\" data-v-c0623ac3=\"\">\u2013 M\u00e5let er \u00e5 styrke bandet mellom generasjonar, gi sceneerfaring og dele gleda ved \u00e5 synge i kor \u2013 b\u00e5de for dei som har vore med i\u00a0Helgesenkoret f\u00f8r, og for lokale songarar som ikkje tidlegare har hatt h\u00f8ve til \u00e5 delta i st\u00f8rre produksjonar, avsluttar dei. <\/p>\n","protected":false},"excerpt":{"rendered":"\u2013 Og godt er det, for no blir det b\u00e5de song, sprell og julestemning for heile bygda, opplyser&hellip;\n","protected":false},"author":2,"featured_media":94508,"comment_status":"","ping_status":"","sticky":false,"template":"","format":"standard","meta":{"footnotes":""},"categories":[58],"tags":[71,30,28,29,72],"class_list":{"0":"post-94507","1":"post","2":"type-post","3":"status-publish","4":"format-standard","5":"has-post-thumbnail","7":"category-underholdning","8":"tag-entertainment","9":"tag-no","10":"tag-norge","11":"tag-norway","12":"tag-underholdning"},"share_on_mastodon":{"url":"https:\/\/pubeurope.com\/@no\/115599315002927010","error":""},"_links":{"self":[{"href":"https:\/\/www.europesays.com\/no\/wp-json\/wp\/v2\/posts\/94507","targetHints":{"allow":["GET"]}}],"collection":[{"href":"https:\/\/www.europesays.com\/no\/wp-json\/wp\/v2\/posts"}],"about":[{"href":"https:\/\/www.europesays.com\/no\/wp-json\/wp\/v2\/types\/post"}],"author":[{"embeddable":true,"href":"https:\/\/www.europesays.com\/no\/wp-json\/wp\/v2\/users\/2"}],"replies":[{"embeddable":true,"href":"https:\/\/www.europesays.com\/no\/wp-json\/wp\/v2\/comments?post=94507"}],"version-history":[{"count":0,"href":"https:\/\/www.europesays.com\/no\/wp-json\/wp\/v2\/posts\/94507\/revisions"}],"wp:featuredmedia":[{"embeddable":true,"href":"https:\/\/www.europesays.com\/no\/wp-json\/wp\/v2\/media\/94508"}],"wp:attachment":[{"href":"https:\/\/www.europesays.com\/no\/wp-json\/wp\/v2\/media?parent=94507"}],"wp:term":[{"taxonomy":"category","embeddable":true,"href":"https:\/\/www.europesays.com\/no\/wp-json\/wp\/v2\/categories?post=94507"},{"taxonomy":"post_tag","embeddable":true,"href":"https:\/\/www.europesays.com\/no\/wp-json\/wp\/v2\/tags?post=94507"}],"curies":[{"name":"wp","href":"https:\/\/api.w.org\/{rel}","templated":true}]}}