{"id":94511,"date":"2025-11-23T13:49:10","date_gmt":"2025-11-23T13:49:10","guid":{"rendered":"https:\/\/www.europesays.com\/no\/94511\/"},"modified":"2025-11-23T13:49:10","modified_gmt":"2025-11-23T13:49:10","slug":"sjokkseier-pa-damesiden-weng-og-landslagsloperne-sjanselose-mot-ukjent-komet","status":"publish","type":"post","link":"https:\/\/www.europesays.com\/no\/94511\/","title":{"rendered":"Sjokkseier p\u00e5 damesiden \u2013 Weng og landslagsl\u00f8perne sjansel\u00f8se mot ukjent komet"},"content":{"rendered":"\n<p class=\"_lead_o9xde_2 _lead_xtcu6_50 layout-component text-serif-m layout-normal text-serif-l layout-component layout-wide layout-padded _wide_17hqh_1 layout-padded\">Julie Bjervig Drivenes (26) fortsetter storformen. S\u00f8ndag satte hun hele den norske langrennseliten p\u00e5 plass.<\/p>\n<ul class=\"_gallery_1qa3s_23\" tabindex=\"0\">\n<li class=\"_item_1qa3s_37\" data-index=\"0\"><img fetchpriority=\"high\" decoding=\"async\" class=\"_image_foru8_23 _introGallery_foru8_43\" data-fullscreen- width=\"6000\" height=\"4000\" itemprop=\"image\" loading=\"eager\"  src=\"https:\/\/www.europesays.com\/no\/wp-content\/uploads\/2025\/11\/0fe18901-aa3a-430e-b881-af9ff5cf6c9e\"  style=\"object-position:50% 50%;aspect-ratio:var(--gallery-aspect-ratio, 16 \/ 9)\"\/>KUNNE IKKE TRO DET: Julie Bjervig Drivenes, her i lederstolen p\u00e5 s\u00f8ndagens 10 kilometer i fristil. Foto: Terje Pedersen \/ NTB<\/li>\n<li class=\"_item_1qa3s_37\" data-index=\"1\"><img decoding=\"async\" class=\"_image_foru8_23 _introGallery_foru8_43\" data-fullscreen- width=\"2635\" height=\"1762\" itemprop=\"image\" loading=\"lazy\"  src=\"https:\/\/www.europesays.com\/no\/wp-content\/uploads\/2025\/11\/860319bd-36c8-4dd6-9527-5fd826afe849\"  style=\"object-position:50% 50%;aspect-ratio:var(--gallery-aspect-ratio, 16 \/ 9)\"\/>Foto: Terje Pedersen \/ NTB<\/li>\n<\/ul>\n<p>KUNNE IKKE TRO DET: Julie Bjervig Drivenes, her i lederstolen p\u00e5 s\u00f8ndagens 10 kilometer i fristil. Foto: Terje Pedersen \/ NTB<\/p>\n<ul aria-hidden=\"true\" class=\"_images_18f0k_111\">\n<li><a class=\"_link_18f0k_116\" href=\"https:\/\/www.vg.no\/forfatter\/mikal-aaserud\" style=\"z-index:1\" title=\"Mikal Emil Aaserud\" rel=\"nofollow noopener\" target=\"_blank\"><img alt=\"Bilde av Mikal Emil Aaserud\" class=\"_image_18f0k_93\" fetchpriority=\"low\" loading=\"lazy\" decoding=\"async\" itemprop=\"image\"  src=\"https:\/\/www.europesays.com\/no\/wp-content\/uploads\/2025\/11\/1763905750_843_1f4bb18c-b7b1-46ba-9b49-79ae6afd7bbd\"  width=\"480\"\/><\/a><\/li>\n<\/ul>\n<p> Oppdatert s\u00f8ndag 23. november kl. 13:30     <\/p>\n<p class=\"_paragraph_o9xde_4 _paragraph_xtcu6_10 layout-component text-serif-m layout-normal text-serif-m layout-padded\">Drivenes var dagens beste i de t\u00f8ffe Beitost\u00f8len-l\u00f8ypene p\u00e5 OL-\u00f8velsen 10 kilometer fristil.<\/p>\n<p class=\"_paragraph_o9xde_4 _paragraph_xtcu6_10 layout-component text-serif-m layout-normal text-serif-m layout-padded\">Noe som m\u00e5 sies \u00e5 v\u00e6re en ordentlig skrell\u00e5 v\u00e6re en ordentlig skrellDrivenes har ingen gode verdenscupresultater \u00e5 vise til gjennom karrieren. Hun har \u00e5tte verdenscupstarter \u00e5 vise til. Hennes beste resultat er en 24. plass p\u00e5 ti km fri i 2023..<\/p>\n<p class=\"_paragraph_o9xde_4 _paragraph_xtcu6_10 layout-component text-serif-m layout-normal text-serif-m layout-padded\">\u2013 Helt sykt. Det \u00e5 komme p\u00e5 pallen p\u00e5 Beitost\u00f8len er dritvanskelig og spesielt i en OL-sesong. Det \u00e5 vinne p\u00e5 Beitost\u00f8len i en OL-sesong, det er helt sykt. Det er enda sykere \u00e5 vinne her i en OL-\u00f8velse, sier Drivenes \u2013 til daglig Team Konnerud-l\u00f8per \u2013 til NRK.<\/p>\n<p class=\"_paragraph_o9xde_4 _paragraph_xtcu6_10 layout-component text-serif-m layout-normal text-serif-m layout-padded\">Det skilte bare seks tideler ned til Karoline Simpson-Larsen fra Team Anlegg \u00d8st Entrepren\u00f8r p\u00e5 andreplass, mens landslagsl\u00f8per Heidi Weng ble henvist til tredjeplassen \u2013 hele 15,6 sekunder bak Drivenes.<\/p>\n<p><img alt=\"Foto: Terje Pedersen \/ NTB\" class=\"_image_qp4xg_65 layout-component layout-normal\" data-fullscreen- data-track-element-type=\"Article image fullscreen\" data-track-name=\"ImageFullscreen\" decoding=\"async\" loading=\"lazy\" height=\"3658\" itemprop=\"image\"  src=\"https:\/\/www.europesays.com\/no\/wp-content\/uploads\/2025\/11\/b987e3ca-e84f-431f-97d6-278ad81d061b\"  style=\"object-position:0% 0%\" width=\"5487\"\/>Foto: Terje Pedersen \/ NTB<\/p>\n<p class=\"_paragraph_o9xde_4 _paragraph_xtcu6_10 layout-component text-serif-m layout-normal text-serif-m layout-padded\">Drivenes har enkelte toppresultater sist sesong p\u00e5 niv\u00e5et under verdenscupenenkelte toppresultater sist sesong p\u00e5 niv\u00e5et under verdenscupenDrivenes har pallplasser fra Skandinavisk cup sist sesong. B\u00e5de 10 kilometer fristil og i sprint..<\/p>\n<p class=\"_paragraph_o9xde_4 _paragraph_xtcu6_10 layout-component text-serif-m layout-normal text-serif-m layout-padded\">Men n\u00e5 har hun ogs\u00e5 prikket inn toppresultater p\u00e5 det \u00f8verste nasjonale niv\u00e5et.<\/p>\n<p class=\"_paragraph_o9xde_4 _paragraph_xtcu6_10 layout-component text-serif-m layout-normal text-serif-m layout-padded\">L\u00f8rdag endte nemlig Drivenes p\u00e5 en tredjeplass p\u00e5 10 kilometer i klassisk.<\/p>\n<p class=\"_paragraph_o9xde_4 _paragraph_xtcu6_10 layout-component text-serif-m layout-normal text-serif-m layout-padded\">Det ble med andre ord en dr\u00f8mmehelg for 26-\u00e5ringen, som n\u00e5 kan forvente \u00e5 f\u00e5 en billett rett til Finland neste helg. Der er det verdenscup\u00e5pning i Ruka.<\/p>\n<p class=\"_paragraph_o9xde_4 _paragraph_xtcu6_10 layout-component text-serif-m layout-normal text-serif-m layout-padded\">\u2013 Jeg er s\u00e5 imponert over den prestasjonen hun gj\u00f8r. Hun knuser Heidi, rett og slett. 15,6 sekunder, det er imponerende, sier NRK-ekspert Therese Johaug.<\/p>\n<p class=\"_paragraph_o9xde_4 _paragraph_xtcu6_10 layout-component text-serif-m layout-normal text-serif-m layout-padded\">Team Aker D\u00e6hlie-l\u00f8per Anne Kjersti Kalv\u00e5 tok en sterk fjerdeplass.<\/p>\n<p class=\"_paragraph_o9xde_4 _paragraph_xtcu6_10 layout-component text-serif-m layout-normal text-serif-m layout-padded\">Det ble dramatisk under l\u00f8rdagens 10 kilometer klassisk p\u00e5 Beitost\u00f8len. Da skjedde dette:<\/p>\n<p class=\"_paragraph_o9xde_4 _paragraph_xtcu6_10 layout-component text-serif-m layout-normal text-serif-m layout-padded\">Landslagsl\u00f8perne Lotta Udnes Weng, Nora Sanness, Tiril Udnes Weng og Mathilde Myhrvold ble henholdsvis nummer 5, 7, 11 og 19.<\/p>\n<p class=\"_paragraph_o9xde_4 _paragraph_xtcu6_10 layout-component text-serif-m layout-normal text-serif-m layout-padded\">For Tiril Udnes Weng ble s\u00f8ndagens distanserenn det f\u00f8rste p\u00e5 lang, lang tid.<\/p>\n<p class=\"_paragraph_o9xde_4 _paragraph_xtcu6_10 layout-component text-serif-m layout-normal text-serif-m layout-padded\">Hun brukte <a href=\"https:\/\/www.vg.no\/sport\/i\/xmzlnj\/tiril-udnes-weng-jeg-graat-i-bilen-paa-vei-hjem\" data-track-element-type=\"Link\" data-track-id=\"link:xmzlnj\" class=\"_link_o9xde_39\" rel=\"nofollow noopener\" target=\"_blank\">store deler av sist sesong med \u00e5 komme seg tilbake etter kyssesyken<\/a>.<\/p>\n<p class=\"_paragraph_o9xde_4 _paragraph_xtcu6_10 layout-component text-serif-m layout-normal text-serif-m layout-padded\">\u2013 Det var vondt og uvant. Jeg startet litt for hardt, jeg fikk skikkelig smellen, men det var godt \u00e5 ta meg ut og at jeg klarer det, sier Udnes Weng til NRK.<\/p>\n","protected":false},"excerpt":{"rendered":"Julie Bjervig Drivenes (26) fortsetter storformen. S\u00f8ndag satte hun hele den norske langrennseliten p\u00e5 plass. KUNNE IKKE TRO&hellip;\n","protected":false},"author":2,"featured_media":94512,"comment_status":"","ping_status":"","sticky":false,"template":"","format":"standard","meta":{"footnotes":""},"categories":[5],"tags":[20,21,24,25,15,19,398,22,23,17,18,13,30,28,29,14,16,26,27,399],"class_list":{"0":"post-94511","1":"post","2":"type-post","3":"status-publish","4":"format-standard","5":"has-post-thumbnail","7":"category-overskrifter","8":"tag-breaking-news","9":"tag-breakingnews","10":"tag-featured-news","11":"tag-featurednews","12":"tag-headlines","13":"tag-hovedoppslag","14":"tag-langrenn","15":"tag-latest-news","16":"tag-latestnews","17":"tag-main-news","18":"tag-mainnews","19":"tag-news","20":"tag-no","21":"tag-norge","22":"tag-norway","23":"tag-nyheter","24":"tag-overskrifter","25":"tag-top-stories","26":"tag-topstories","27":"tag-vintersport"},"share_on_mastodon":{"url":"https:\/\/pubeurope.com\/@no\/115599335053937698","error":""},"_links":{"self":[{"href":"https:\/\/www.europesays.com\/no\/wp-json\/wp\/v2\/posts\/94511","targetHints":{"allow":["GET"]}}],"collection":[{"href":"https:\/\/www.europesays.com\/no\/wp-json\/wp\/v2\/posts"}],"about":[{"href":"https:\/\/www.europesays.com\/no\/wp-json\/wp\/v2\/types\/post"}],"author":[{"embeddable":true,"href":"https:\/\/www.europesays.com\/no\/wp-json\/wp\/v2\/users\/2"}],"replies":[{"embeddable":true,"href":"https:\/\/www.europesays.com\/no\/wp-json\/wp\/v2\/comments?post=94511"}],"version-history":[{"count":0,"href":"https:\/\/www.europesays.com\/no\/wp-json\/wp\/v2\/posts\/94511\/revisions"}],"wp:featuredmedia":[{"embeddable":true,"href":"https:\/\/www.europesays.com\/no\/wp-json\/wp\/v2\/media\/94512"}],"wp:attachment":[{"href":"https:\/\/www.europesays.com\/no\/wp-json\/wp\/v2\/media?parent=94511"}],"wp:term":[{"taxonomy":"category","embeddable":true,"href":"https:\/\/www.europesays.com\/no\/wp-json\/wp\/v2\/categories?post=94511"},{"taxonomy":"post_tag","embeddable":true,"href":"https:\/\/www.europesays.com\/no\/wp-json\/wp\/v2\/tags?post=94511"}],"curies":[{"name":"wp","href":"https:\/\/api.w.org\/{rel}","templated":true}]}}