{"id":94519,"date":"2025-11-23T13:57:10","date_gmt":"2025-11-23T13:57:10","guid":{"rendered":"https:\/\/www.europesays.com\/no\/94519\/"},"modified":"2025-11-23T13:57:10","modified_gmt":"2025-11-23T13:57:10","slug":"ga-klar-beskjed-til-kjaeresten-etter-klaebo-lop","status":"publish","type":"post","link":"https:\/\/www.europesays.com\/no\/94519\/","title":{"rendered":"Ga klar beskjed til kj\u00e6resten etter Kl\u00e6bo-l\u00f8p"},"content":{"rendered":"\n<p class=\"_lead_o9xde_2 _lead_xtcu6_50 layout-component text-serif-m layout-normal text-serif-l layout-component layout-wide layout-padded _wide_17hqh_1 layout-padded\">Einar Hedegart (24) satser litt p\u00e5 skiskyting og litt p\u00e5 langrenn. Derfor sto han for en aldri s\u00e5 liten bragd under den nasjonale langrenns\u00e5pningen s\u00f8ndag.<\/p>\n<p><img alt=\" Foto: Terje Pedersen \/ NTB\" class=\"_image_qp4xg_65 layout-component layout-wide\" data-fullscreen- data-track-element-type=\"Article image fullscreen\" data-track-name=\"ImageFullscreen\" fetchpriority=\"high\" decoding=\"sync\" loading=\"eager\" height=\"4000\" itemprop=\"image\"  src=\"https:\/\/www.europesays.com\/no\/wp-content\/uploads\/2025\/11\/ad93241b-cfe3-4383-84ff-5ad0e9665473\"  style=\"object-position:0% 0%\" width=\"6000\"\/> Foto: Terje Pedersen \/ NTB<\/p>\n<ul aria-hidden=\"true\" class=\"_images_18f0k_111\">\n<li><a class=\"_link_18f0k_116\" href=\"https:\/\/www.vg.no\/forfatter\/mikal-aaserud\" style=\"z-index:2\" title=\"Mikal Emil Aaserud\" rel=\"nofollow noopener\" target=\"_blank\"><img alt=\"Bilde av Mikal Emil Aaserud\" class=\"_image_18f0k_93\" fetchpriority=\"low\" loading=\"lazy\" decoding=\"async\" itemprop=\"image\"  src=\"https:\/\/www.europesays.com\/no\/wp-content\/uploads\/2025\/11\/1763906230_28_1f4bb18c-b7b1-46ba-9b49-79ae6afd7bbd\"  width=\"480\"\/><\/a><\/li>\n<li><a class=\"_link_18f0k_116\" href=\"https:\/\/www.vg.no\/forfatter\/jens-friberg\" style=\"z-index:1\" title=\"Jens Friberg\" rel=\"nofollow noopener\" target=\"_blank\"><img alt=\"Bilde av Jens Friberg\" class=\"_image_18f0k_93\" fetchpriority=\"low\" loading=\"lazy\" decoding=\"async\" itemprop=\"image\"  src=\"https:\/\/www.europesays.com\/no\/wp-content\/uploads\/2025\/11\/1763906230_142_d5a4433c-4b68-4c86-a3bf-a19d98457272\"  width=\"480\"\/><\/a><\/li>\n<\/ul>\n<p> Oppdatert s\u00f8ndag 23. november kl. 14:56     <\/p>\n<p class=\"_paragraph_o9xde_4 _paragraph_xtcu6_10 layout-component text-serif-m layout-normal text-serif-m layout-padded\">P\u00e5 OL-\u00f8velsen 10 kilometer fristil p\u00e5 Beitost\u00f8len, var nemlig Hedegart i en helt egen klasse.<\/p>\n<p class=\"_paragraph_o9xde_4 _paragraph_xtcu6_10 layout-component text-serif-m layout-normal text-serif-m layout-padded\">\u2013 Jeg har kjent de siste dagene at kroppen spiller p\u00e5 lag. Jeg snakket med dama p\u00e5 telefonen i g\u00e5r, da sa jeg at jeg tror jeg kan vinne i morgen. Men jeg vil vinne med st\u00f8rre marginst\u00f8rre marginKl\u00e6bo vant l\u00f8rdagens 10 kilometer klassisk med 11,2 sekunder ned til Erik Valnes. <a href=\"https:\/\/www.vg.no\/sport\/i\/d45Llj\/klaebo-suveren-paa-beitostoelen-igjen\" data-track-element-type=\"Link\" data-track-id=\"link:d45Llj\" class=\"_link_o9xde_39\" rel=\"nofollow noopener\" target=\"_blank\">enn Kl\u00e6bo gjord<\/a>e. Han vant med cirka 13 sekunder i g\u00e5r, det kan v\u00e6re jeg ikke klarte det, men jeg var i n\u00e6rheten, sier Hedegart til NRK og smiler.<\/p>\n<p class=\"_paragraph_o9xde_4 _paragraph_xtcu6_10 layout-component text-serif-m layout-normal text-serif-m layout-padded\">Han henviste p\u00e5 imponerende vis andre sterke landslagsl\u00f8pere i fristil, som Andreas Fjorden Ree og Iver Tildheim Andersen, til andre- og tredjeplass.<\/p>\n<p>Resultatliste 10 km klassisk herrer:<\/p>\n<p class=\"_paragraph_o9xde_4 _paragraph_xtcu6_10 _paragraph_16v91_10 layout-component text-serif-m layout-normal text-sans-m layout-padded\">1. Einar Hedegart 20.36,7<\/p>\n<p class=\"_paragraph_o9xde_4 _paragraph_xtcu6_10 _paragraph_16v91_10 layout-component text-serif-m layout-normal text-sans-m layout-padded\">2. Andreas Fjorden Ree +13,2<\/p>\n<p class=\"_paragraph_o9xde_4 _paragraph_xtcu6_10 _paragraph_16v91_10 layout-component text-serif-m layout-normal text-sans-m layout-padded\">3. Iver Tildheim Andersen +36,4<\/p>\n<p class=\"_paragraph_o9xde_4 _paragraph_xtcu6_10 _paragraph_16v91_10 layout-component text-serif-m layout-normal text-sans-m layout-padded\">4. Simen Hegstad Kr\u00fcger +36,7<\/p>\n<p class=\"_paragraph_o9xde_4 _paragraph_xtcu6_10 _paragraph_16v91_10 layout-component text-serif-m layout-normal text-sans-m layout-padded\">5. Martin L\u00f8wstr\u00f8m Nyenget +41,3<\/p>\n<p>Vis mer<\/p>\n<p class=\"_paragraph_o9xde_4 _paragraph_xtcu6_10 layout-component text-serif-m layout-normal text-serif-m layout-padded\">Simen Hegstad Kr\u00fcger og Martin L\u00f8wstr\u00f8m Nyenget ble nummer fire og fem.<\/p>\n<p class=\"_paragraph_o9xde_4 _paragraph_xtcu6_10 layout-component text-serif-m layout-normal text-serif-m layout-padded\">\u2013 Utklassing, sier NRK-kommentator Jann Post om differansene fra Hedegart og ned til resten.<\/p>\n<p class=\"_paragraph_o9xde_4 _paragraph_xtcu6_10 layout-component text-serif-m layout-normal text-serif-m layout-padded\">\u2013 For et l\u00f8p han gjorde. Et enormt driv over g\u00e5ingen, kommenterte NRK-ekspert Fredrik Aukland om Hedegarts l\u00f8p.<\/p>\n<p class=\"_paragraph_o9xde_4 _paragraph_xtcu6_10 layout-component text-serif-m layout-normal text-serif-m layout-padded\">Selv om ikke alle er i m\u00e5l, er ingen \u00e5 v\u00e6re i n\u00e6rheten av Hedegart.<\/p>\n<p class=\"_paragraph_o9xde_4 _paragraph_xtcu6_10 layout-component text-serif-m layout-normal text-serif-m layout-padded\">Tr\u00f8nderen er egentlig skiskytter.<\/p>\n<p class=\"_paragraph_o9xde_4 _paragraph_xtcu6_10 layout-component text-serif-m layout-normal text-serif-m layout-padded\">Men for en forel\u00f8pig begrenset periode har han lagt bort b\u00f8rsa og satser p\u00e5 \u00e5 komme seg til OL i langrenn. <\/p>\n<p class=\"_paragraph_o9xde_4 _paragraph_xtcu6_10 layout-component text-serif-m layout-normal text-serif-m layout-padded\">Det er ikke helt tilfeldig. <\/p>\n<ul class=\"_list_o9xde_3 _list_xtcu6_9 _unordered_o9xde_106 layout-component text-serif-m layout-normal text-serif-m layout-padded\">\n<li class=\"_item_o9xde_30\">Sist sesong vant han noen renn i fristil i norgescupennorgescupenNorgescup er ansett for \u00e5 v\u00e6re tredje h\u00f8yeste niv\u00e5 i langrenn. Verdenscupen er \u00f8verste niv\u00e5, deretter er det Skandinavisk cup. og han gikk nettopp 10 kilometer fristil under verdenscupen i langrenn i Holmenkollen i mars 2025.<\/li>\n<li class=\"_item_o9xde_30\">Da tok han en sm\u00e5tt sensasjnell andreplass. <\/li>\n<li class=\"_item_o9xde_30\">Hedegart forklarte under skiskytternes sesong\u00e5pning at han ikke har lagt bort skiskyting helt. 70\/30 beskrev han prioriteringen, i fav\u00f8r langrenn.<\/li>\n<li class=\"_item_o9xde_30\">Han ans\u00e5 da OL-sjansene som sm\u00e5 ogs\u00e5 i langrenn. \u00c5rsaken til at han prioriterer langrenn denne sesongen, er at han fikk muligheten til \u00e5 g\u00e5 p\u00e5 et lag med gode rammevilk\u00e5r.<\/li>\n<li class=\"_item_o9xde_30\">I tillegg til at han mener han har hatt vedvarende problemer p\u00e5 standplass.<\/li>\n<\/ul>\n<p class=\"_paragraph_o9xde_4 _paragraph_xtcu6_10 layout-component text-serif-m layout-normal text-serif-m layout-padded\">Hedegart ble av NRK spurt om det var slik at skiskyttere er opptatt av \u00e5 v\u00e6re bedre enn langrennsl\u00f8pere.<\/p>\n<p class=\"_paragraph_o9xde_4 _paragraph_xtcu6_10 layout-component text-serif-m layout-normal text-serif-m layout-padded\">\u2013 Det er mer motsatt, at langrennsl\u00f8pere har veldig behov for \u00e5 v\u00e6re bedre enn skiskyttere. S\u00e5 har vi i skiskytterleiren bevist de siste \u00e5rene at vi trener veldig bra ogs\u00e5. Det er ikke s\u00e5 mye sp\u00f8rsm\u00e5l n\u00e5. Er du best i skiskyting, s\u00e5 er du i toppen av langrenn. Langrennsl\u00f8perne g\u00e5r fort de ogs\u00e5, de trenger ikke v\u00e6re bekymret for det. <\/p>\n<p class=\"_paragraph_o9xde_4 _paragraph_xtcu6_10 layout-component text-serif-m layout-normal text-serif-m layout-padded\"><strong class=\"_strong_o9xde_25\">PS 1: <\/strong>Med superl\u00f8pet s\u00f8ndag, ligger Hedegart sv\u00e6rt godt an til \u00e5 f\u00e5 g\u00e5 verdenscup i langrenn de neste ukene.<\/p>\n<p class=\"_paragraph_o9xde_4 _paragraph_xtcu6_10 layout-component text-serif-m layout-normal text-serif-m layout-padded\"><strong class=\"_strong_o9xde_25\">PS 2: <\/strong>Neste helg er det 20 kilometer fristil i finske Ruka. S\u00e5 venter nettopp 10 kilometer fristil n\u00e5r verdenscupsirkuset reiser videre til Trondheim.<\/p>\n","protected":false},"excerpt":{"rendered":"Einar Hedegart (24) satser litt p\u00e5 skiskyting og litt p\u00e5 langrenn. Derfor sto han for en aldri s\u00e5&hellip;\n","protected":false},"author":2,"featured_media":94520,"comment_status":"","ping_status":"","sticky":false,"template":"","format":"standard","meta":{"footnotes":""},"categories":[59],"tags":[11507,398,30,28,29,83,82,399],"class_list":{"0":"post-94519","1":"post","2":"type-post","3":"status-publish","4":"format-standard","5":"has-post-thumbnail","7":"category-sport","8":"tag-einar-hedegart","9":"tag-langrenn","10":"tag-no","11":"tag-norge","12":"tag-norway","13":"tag-sport","14":"tag-sports","15":"tag-vintersport"},"share_on_mastodon":{"url":"https:\/\/pubeurope.com\/@no\/115599366291418415","error":""},"_links":{"self":[{"href":"https:\/\/www.europesays.com\/no\/wp-json\/wp\/v2\/posts\/94519","targetHints":{"allow":["GET"]}}],"collection":[{"href":"https:\/\/www.europesays.com\/no\/wp-json\/wp\/v2\/posts"}],"about":[{"href":"https:\/\/www.europesays.com\/no\/wp-json\/wp\/v2\/types\/post"}],"author":[{"embeddable":true,"href":"https:\/\/www.europesays.com\/no\/wp-json\/wp\/v2\/users\/2"}],"replies":[{"embeddable":true,"href":"https:\/\/www.europesays.com\/no\/wp-json\/wp\/v2\/comments?post=94519"}],"version-history":[{"count":0,"href":"https:\/\/www.europesays.com\/no\/wp-json\/wp\/v2\/posts\/94519\/revisions"}],"wp:featuredmedia":[{"embeddable":true,"href":"https:\/\/www.europesays.com\/no\/wp-json\/wp\/v2\/media\/94520"}],"wp:attachment":[{"href":"https:\/\/www.europesays.com\/no\/wp-json\/wp\/v2\/media?parent=94519"}],"wp:term":[{"taxonomy":"category","embeddable":true,"href":"https:\/\/www.europesays.com\/no\/wp-json\/wp\/v2\/categories?post=94519"},{"taxonomy":"post_tag","embeddable":true,"href":"https:\/\/www.europesays.com\/no\/wp-json\/wp\/v2\/tags?post=94519"}],"curies":[{"name":"wp","href":"https:\/\/api.w.org\/{rel}","templated":true}]}}